{"id":636533,"date":"2025-09-05T14:01:34","date_gmt":"2025-09-05T18:01:34","guid":{"rendered":"https:\/\/diariodominicano.com\/?p=636533"},"modified":"2025-09-05T14:05:52","modified_gmt":"2025-09-05T18:05:52","slug":"punta-cana-consolida-su-liderazgo-con-el-congreso-inmobiliario-latinoamericano-mas-exitoso-de-la-historia","status":"publish","type":"post","link":"https:\/\/diariodominicano.com\/?p=636533","title":{"rendered":"Punta Cana consolida su liderazgo con el Congreso Inmobiliario Latinoamericano m\u00e1s exitoso de la historia"},"content":{"rendered":"\n<p>Con una asistencia r\u00e9cord y una agenda acad\u00e9mica de alto nivel, el X Congreso Inmobiliario Latinoamericano de CILA y el VI Congreso Internacional de AEI, marcaron<\/p>\n\n\n\n<p>un antes y un despu\u00e9s en la historia de estas instituciones.<\/p>\n\n\n\n<p>Punta Cana, Rep\u00fablica Dominicana.- Con la participaci\u00f3n de 430 profesionales inmobiliarios de 21 pa\u00edses, incluyendo 192 delegados internacionales, el X Congreso Inmobiliario Latinoamericano de la Confederaci\u00f3n Inmobiliaria Latinoamericana (CILA) y el VI Congreso Internacional de la Asociaci\u00f3n de Agentes y Empresas Inmobiliarias (AEI) se realiz\u00f3 en el Hard Rock Hotel Punta Cana, proyectando a Rep\u00fablica Dominicana como referente global en la organizaci\u00f3n de eventos de la industria.<\/p>\n\n\n\n<figure class=\"wp-block-gallery has-nested-images columns-default is-cropped wp-block-gallery-1 is-layout-flex wp-block-gallery-is-layout-flex\">\n<figure class=\"wp-block-image size-large\"><img loading=\"lazy\" decoding=\"async\" width=\"1024\" height=\"683\" data-id=\"636542\" src=\"https:\/\/diariodominicano.com\/wp-content\/uploads\/2025\/09\/Claudia-Diaz-Alberto-Bogaert-y-Alejandro-Escudero-1024x683.jpg\" alt=\"\" class=\"wp-image-636542\" srcset=\"https:\/\/diariodominicano.com\/wp-content\/uploads\/2025\/09\/Claudia-Diaz-Alberto-Bogaert-y-Alejandro-Escudero-1024x683.jpg 1024w, https:\/\/diariodominicano.com\/wp-content\/uploads\/2025\/09\/Claudia-Diaz-Alberto-Bogaert-y-Alejandro-Escudero-300x200.jpg 300w, https:\/\/diariodominicano.com\/wp-content\/uploads\/2025\/09\/Claudia-Diaz-Alberto-Bogaert-y-Alejandro-Escudero-768x512.jpg 768w, https:\/\/diariodominicano.com\/wp-content\/uploads\/2025\/09\/Claudia-Diaz-Alberto-Bogaert-y-Alejandro-Escudero-816x544.jpg 816w, https:\/\/diariodominicano.com\/wp-content\/uploads\/2025\/09\/Claudia-Diaz-Alberto-Bogaert-y-Alejandro-Escudero.jpg 1095w\" sizes=\"auto, (max-width: 1024px) 100vw, 1024px\" \/><\/figure>\n<\/figure>\n\n\n\n<p>Durante cuatro jornadas de aprendizaje, networking y oportunidades de negocio, los asistentes disfrutaron de una agenda acad\u00e9mica con 23 expositores: tres destacados profesionales dominicanos y veinte conferencistas internacionales. Los temas centrales giraron en torno a la innovaci\u00f3n en servicios, inversi\u00f3n, financiamiento, sostenibilidad y tendencias emergentes del sector inmobiliario.<\/p>\n\n\n\n<figure class=\"wp-block-gallery has-nested-images columns-default is-cropped wp-block-gallery-2 is-layout-flex wp-block-gallery-is-layout-flex\">\n<figure class=\"wp-block-image size-large\"><img loading=\"lazy\" decoding=\"async\" width=\"1024\" height=\"736\" data-id=\"636541\" src=\"https:\/\/diariodominicano.com\/wp-content\/uploads\/2025\/09\/Alberto-Bogaert-presidente-AEI-1024x736.jpg\" alt=\"\" class=\"wp-image-636541\" srcset=\"https:\/\/diariodominicano.com\/wp-content\/uploads\/2025\/09\/Alberto-Bogaert-presidente-AEI-1024x736.jpg 1024w, https:\/\/diariodominicano.com\/wp-content\/uploads\/2025\/09\/Alberto-Bogaert-presidente-AEI-300x215.jpg 300w, https:\/\/diariodominicano.com\/wp-content\/uploads\/2025\/09\/Alberto-Bogaert-presidente-AEI-768x552.jpg 768w, https:\/\/diariodominicano.com\/wp-content\/uploads\/2025\/09\/Alberto-Bogaert-presidente-AEI-816x586.jpg 816w, https:\/\/diariodominicano.com\/wp-content\/uploads\/2025\/09\/Alberto-Bogaert-presidente-AEI.jpg 1246w\" sizes=\"auto, (max-width: 1024px) 100vw, 1024px\" \/><\/figure>\n<\/figure>\n\n\n\n<p>\u00abEste Congreso ha sido, sin lugar a dudas, el m\u00e1s exitoso de la historia de nuestra Confederaci\u00f3n. La Rep\u00fablica Dominicana demuestra que puede organizar un evento de clase mundial, con impacto regional y proyecci\u00f3n global\u00bb, destac\u00f3 Alberto Bogaert, presidente de la AEI.<\/p>\n\n\n\n<p>La jornada cont\u00f3 adem\u00e1s con la presencia de representantes de instituciones internacionales como la National Association of Realtors (NAR) y la Federaci\u00f3n Internacional de Profesiones Inmobiliarias (FIABCI).<\/p>\n\n\n\n<p>Sobre el CILA<\/p>\n\n\n\n<p>La Confederaci\u00f3n Inmobiliaria Latinoamericana (CILA) es una organizaci\u00f3n privada que agrupa a las principales asociaciones de bienes ra\u00edces de 18 pa\u00edses, representando a m\u00e1s de 700.000 corredores y empresas inmobiliarias.<\/p>\n\n\n\n<p>Su misi\u00f3n es fortalecer la competitividad del sector en el \u00e1mbito internacional, promoviendo alianzas estrat\u00e9gicas y condiciones favorables para los profesionales de la industria en la regi\u00f3n.<\/p>\n\n\n\n<p>A trav\u00e9s de la AEI, la Rep\u00fablica Dominicana es miembro de CILA desde 2014 y ha desempe\u00f1ado un rol clave dentro de la confederaci\u00f3n.<\/p>\n\n\n\n<p>El X Congreso Inmobiliario Latinoamericano en Punta Cana culmin\u00f3 con \u00e9xito, asegurando ser una plataforma de alto impacto para la generaci\u00f3n de oportunidades de negocio y el fortalecimiento de la industria inmobiliaria en toda la regi\u00f3n.<\/p>\n\n\n\n<p>Press Media Center <a href=\"mailto:info@pressmediacenter.com\">info@pressmediacenter.com<\/a> &nbsp;<\/p>\n","protected":false},"excerpt":{"rendered":"<p>Con una asistencia r\u00e9cord y una agenda acad\u00e9mica de alto nivel, el X Congreso Inmobiliario Latinoamericano de CILA y el VI Congreso Internacional de AEI, marcaron un antes y un despu\u00e9s en la historia de estas instituciones. Punta Cana, Rep\u00fablica Dominicana.- Con la participaci\u00f3n de 430 profesionales inmobiliarios de 21 pa\u00edses, incluyendo 192 delegados internacionales, [&hellip;]<\/p>\n","protected":false},"author":7,"featured_media":636540,"comment_status":"closed","ping_status":"closed","sticky":false,"template":"","format":"standard","meta":{"footnotes":""},"categories":[32],"tags":[3115,303],"class_list":["post-636533","post","type-post","status-publish","format-standard","has-post-thumbnail","hentry","category-turismo","tag-congreso-inmobiliario-latinoamericano","tag-punta-cana"],"_links":{"self":[{"href":"https:\/\/diariodominicano.com\/index.php?rest_route=\/wp\/v2\/posts\/636533","targetHints":{"allow":["GET"]}}],"collection":[{"href":"https:\/\/diariodominicano.com\/index.php?rest_route=\/wp\/v2\/posts"}],"about":[{"href":"https:\/\/diariodominicano.com\/index.php?rest_route=\/wp\/v2\/types\/post"}],"author":[{"embeddable":true,"href":"https:\/\/diariodominicano.com\/index.php?rest_route=\/wp\/v2\/users\/7"}],"replies":[{"embeddable":true,"href":"https:\/\/diariodominicano.com\/index.php?rest_route=%2Fwp%2Fv2%2Fcomments&post=636533"}],"version-history":[{"count":1,"href":"https:\/\/diariodominicano.com\/index.php?rest_route=\/wp\/v2\/posts\/636533\/revisions"}],"predecessor-version":[{"id":636545,"href":"https:\/\/diariodominicano.com\/index.php?rest_route=\/wp\/v2\/posts\/636533\/revisions\/636545"}],"wp:featuredmedia":[{"embeddable":true,"href":"https:\/\/diariodominicano.com\/index.php?rest_route=\/wp\/v2\/media\/636540"}],"wp:attachment":[{"href":"https:\/\/diariodominicano.com\/index.php?rest_route=%2Fwp%2Fv2%2Fmedia&parent=636533"}],"wp:term":[{"taxonomy":"category","embeddable":true,"href":"https:\/\/diariodominicano.com\/index.php?rest_route=%2Fwp%2Fv2%2Fcategories&post=636533"},{"taxonomy":"post_tag","embeddable":true,"href":"https:\/\/diariodominicano.com\/index.php?rest_route=%2Fwp%2Fv2%2Ftags&post=636533"}],"curies":[{"name":"wp","href":"https:\/\/api.w.org\/{rel}","templated":true}]}}