{"id":636410,"date":"2025-09-05T01:52:04","date_gmt":"2025-09-05T05:52:04","guid":{"rendered":"https:\/\/diariodominicano.com\/?p=636410"},"modified":"2025-09-05T01:52:06","modified_gmt":"2025-09-05T05:52:06","slug":"inefi-realiza-entrega-masiva-de-utileria-deportiva-a-mas-de-100-escuelas-del-pais-para-inicio-del-ano-escolar","status":"publish","type":"post","link":"https:\/\/diariodominicano.com\/?p=636410","title":{"rendered":"INEFI realiza entrega masiva de utiler\u00eda deportiva a m\u00e1s de 100 escuelas del pa\u00eds para inicio del a\u00f1o escolar"},"content":{"rendered":"\n<p><strong>SANTO DOMINGO, R.D.<\/strong>&nbsp;\u2013 El Instituto Nacional de Educaci\u00f3n F\u00edsica (INEFI) realiz\u00f3 una entrega simult\u00e1nea de utiler\u00eda deportiva en centros educativos de distintas regiones del pa\u00eds, como parte de su compromiso de garantizar que el inicio del a\u00f1o escolar 2024-2025 se desarrolle con las condiciones necesarias para impulsar la actividad f\u00edsica y la recreaci\u00f3n estudiantil.<\/p>\n\n\n\n<p>Las entregas abarcaron planteles de Santiago, San Crist\u00f3bal, La Vega, Hig\u00fcey, Puerto Plata, Barahona, Santo Domingo Este, Mao, Nagua, Monte Cristi y el Gran Santo Domingo, impactando a miles de estudiantes en m\u00e1s de un centenar de escuelas y liceos.<\/p>\n\n\n\n<p>El director ejecutivo de INEFI, Alberto Rodr\u00edguez, encabez\u00f3 una entrega en el Liceo Juan Pablo Duarte, en el Distrito Nacional, destacando que dicho suministro es parte del plan de fortalecimiento de la educaci\u00f3n f\u00edsica y del deporte escolar en toda la Rep\u00fablica Dominicana.<\/p>\n\n\n\n<figure class=\"wp-block-gallery has-nested-images columns-default is-cropped wp-block-gallery-1 is-layout-flex wp-block-gallery-is-layout-flex\">\n<figure class=\"wp-block-image size-large\"><img loading=\"lazy\" decoding=\"async\" width=\"1024\" height=\"672\" data-id=\"636419\" src=\"https:\/\/diariodominicano.com\/wp-content\/uploads\/2025\/09\/El-director-ejecutivo-del-Instituto-Nacional-de-Educacion-Fisica-INEFI-Alberto-Rodriguez-Mella-durante-la-entrega-de-utileria-deportiva-en-Salcedo-1024x672.jpeg\" alt=\"\" class=\"wp-image-636419\" srcset=\"https:\/\/diariodominicano.com\/wp-content\/uploads\/2025\/09\/El-director-ejecutivo-del-Instituto-Nacional-de-Educacion-Fisica-INEFI-Alberto-Rodriguez-Mella-durante-la-entrega-de-utileria-deportiva-en-Salcedo-1024x672.jpeg 1024w, https:\/\/diariodominicano.com\/wp-content\/uploads\/2025\/09\/El-director-ejecutivo-del-Instituto-Nacional-de-Educacion-Fisica-INEFI-Alberto-Rodriguez-Mella-durante-la-entrega-de-utileria-deportiva-en-Salcedo-300x197.jpeg 300w, https:\/\/diariodominicano.com\/wp-content\/uploads\/2025\/09\/El-director-ejecutivo-del-Instituto-Nacional-de-Educacion-Fisica-INEFI-Alberto-Rodriguez-Mella-durante-la-entrega-de-utileria-deportiva-en-Salcedo-768x504.jpeg 768w, https:\/\/diariodominicano.com\/wp-content\/uploads\/2025\/09\/El-director-ejecutivo-del-Instituto-Nacional-de-Educacion-Fisica-INEFI-Alberto-Rodriguez-Mella-durante-la-entrega-de-utileria-deportiva-en-Salcedo-816x535.jpeg 816w, https:\/\/diariodominicano.com\/wp-content\/uploads\/2025\/09\/El-director-ejecutivo-del-Instituto-Nacional-de-Educacion-Fisica-INEFI-Alberto-Rodriguez-Mella-durante-la-entrega-de-utileria-deportiva-en-Salcedo.jpeg 1040w\" sizes=\"auto, (max-width: 1024px) 100vw, 1024px\" \/><\/figure>\n\n\n\n<figure class=\"wp-block-image size-large\"><img loading=\"lazy\" decoding=\"async\" width=\"1024\" height=\"682\" data-id=\"636418\" src=\"https:\/\/diariodominicano.com\/wp-content\/uploads\/2025\/09\/El-subdirector-general-del-INEFI-Elvis-Duarte-entrego-utileria-deportiva-1024x682.jpeg\" alt=\"\" class=\"wp-image-636418\" srcset=\"https:\/\/diariodominicano.com\/wp-content\/uploads\/2025\/09\/El-subdirector-general-del-INEFI-Elvis-Duarte-entrego-utileria-deportiva-1024x682.jpeg 1024w, https:\/\/diariodominicano.com\/wp-content\/uploads\/2025\/09\/El-subdirector-general-del-INEFI-Elvis-Duarte-entrego-utileria-deportiva-300x200.jpeg 300w, https:\/\/diariodominicano.com\/wp-content\/uploads\/2025\/09\/El-subdirector-general-del-INEFI-Elvis-Duarte-entrego-utileria-deportiva-768x512.jpeg 768w, https:\/\/diariodominicano.com\/wp-content\/uploads\/2025\/09\/El-subdirector-general-del-INEFI-Elvis-Duarte-entrego-utileria-deportiva-816x544.jpeg 816w, https:\/\/diariodominicano.com\/wp-content\/uploads\/2025\/09\/El-subdirector-general-del-INEFI-Elvis-Duarte-entrego-utileria-deportiva.jpeg 1280w\" sizes=\"auto, (max-width: 1024px) 100vw, 1024px\" \/><\/figure>\n\n\n\n<figure class=\"wp-block-image size-large\"><img loading=\"lazy\" decoding=\"async\" width=\"1024\" height=\"682\" data-id=\"636417\" src=\"https:\/\/diariodominicano.com\/wp-content\/uploads\/2025\/09\/El-subdirector-general-del-INEFI-Elvis-Duarte-entrego-utileria-deportiva-en-el-centro-educativo-Fabio-Amable-Mota-en-Santo-Domingo-Este-1024x682.jpeg\" alt=\"\" class=\"wp-image-636417\" srcset=\"https:\/\/diariodominicano.com\/wp-content\/uploads\/2025\/09\/El-subdirector-general-del-INEFI-Elvis-Duarte-entrego-utileria-deportiva-en-el-centro-educativo-Fabio-Amable-Mota-en-Santo-Domingo-Este-1024x682.jpeg 1024w, https:\/\/diariodominicano.com\/wp-content\/uploads\/2025\/09\/El-subdirector-general-del-INEFI-Elvis-Duarte-entrego-utileria-deportiva-en-el-centro-educativo-Fabio-Amable-Mota-en-Santo-Domingo-Este-300x200.jpeg 300w, https:\/\/diariodominicano.com\/wp-content\/uploads\/2025\/09\/El-subdirector-general-del-INEFI-Elvis-Duarte-entrego-utileria-deportiva-en-el-centro-educativo-Fabio-Amable-Mota-en-Santo-Domingo-Este-768x512.jpeg 768w, https:\/\/diariodominicano.com\/wp-content\/uploads\/2025\/09\/El-subdirector-general-del-INEFI-Elvis-Duarte-entrego-utileria-deportiva-en-el-centro-educativo-Fabio-Amable-Mota-en-Santo-Domingo-Este-816x544.jpeg 816w, https:\/\/diariodominicano.com\/wp-content\/uploads\/2025\/09\/El-subdirector-general-del-INEFI-Elvis-Duarte-entrego-utileria-deportiva-en-el-centro-educativo-Fabio-Amable-Mota-en-Santo-Domingo-Este.jpeg 1280w\" sizes=\"auto, (max-width: 1024px) 100vw, 1024px\" \/><\/figure>\n\n\n\n<figure class=\"wp-block-image size-large\"><img loading=\"lazy\" decoding=\"async\" width=\"1024\" height=\"683\" data-id=\"636416\" src=\"https:\/\/diariodominicano.com\/wp-content\/uploads\/2025\/09\/Francisco-Busto-asistente-del-director-ejecutivo-del-INEFI-Alberto-Rodriguez-Mella-entrego-utileria-deportiva-en-Barahona-1024x683.jpeg\" alt=\"\" class=\"wp-image-636416\" srcset=\"https:\/\/diariodominicano.com\/wp-content\/uploads\/2025\/09\/Francisco-Busto-asistente-del-director-ejecutivo-del-INEFI-Alberto-Rodriguez-Mella-entrego-utileria-deportiva-en-Barahona-1024x683.jpeg 1024w, https:\/\/diariodominicano.com\/wp-content\/uploads\/2025\/09\/Francisco-Busto-asistente-del-director-ejecutivo-del-INEFI-Alberto-Rodriguez-Mella-entrego-utileria-deportiva-en-Barahona-300x200.jpeg 300w, https:\/\/diariodominicano.com\/wp-content\/uploads\/2025\/09\/Francisco-Busto-asistente-del-director-ejecutivo-del-INEFI-Alberto-Rodriguez-Mella-entrego-utileria-deportiva-en-Barahona-768x512.jpeg 768w, https:\/\/diariodominicano.com\/wp-content\/uploads\/2025\/09\/Francisco-Busto-asistente-del-director-ejecutivo-del-INEFI-Alberto-Rodriguez-Mella-entrego-utileria-deportiva-en-Barahona-1536x1024.jpeg 1536w, https:\/\/diariodominicano.com\/wp-content\/uploads\/2025\/09\/Francisco-Busto-asistente-del-director-ejecutivo-del-INEFI-Alberto-Rodriguez-Mella-entrego-utileria-deportiva-en-Barahona-2048x1365.jpeg 2048w, https:\/\/diariodominicano.com\/wp-content\/uploads\/2025\/09\/Francisco-Busto-asistente-del-director-ejecutivo-del-INEFI-Alberto-Rodriguez-Mella-entrego-utileria-deportiva-en-Barahona-816x544.jpeg 816w\" sizes=\"auto, (max-width: 1024px) 100vw, 1024px\" \/><\/figure>\n<\/figure>\n\n\n\n<p>\u201cCon esta acci\u00f3n reafirmamos que el deporte escolar es una prioridad del Gobierno del presidente Luis Abinader. Queremos que cada estudiante, sin importar la regi\u00f3n en la que viva, tenga acceso a la utiler\u00eda y al material necesario para practicar deporte, porque eso significa salud, integraci\u00f3n y mejores oportunidades de desarrollo\u201d, expres\u00f3 Rodr\u00edguez.<\/p>\n\n\n\n<p>En tanto, el ex pelotero de Grandes Ligas, Nelson Cruz, hizo lo propio en 10 planteles escolares de la Regional 13 correspondiente a la provincia Monte Cristi.<\/p>\n\n\n\n<p><strong>Escuelas beneficiadas por regi\u00f3n<\/strong><\/p>\n\n\n\n<p><strong>Santiago de los Caballeros (Regional 08)<br><\/strong>Escuela Venezuela, Centro Educativo Pilar de Jes\u00fas Dom\u00ednguez Martes, Centro Educativo Profesor Ram\u00f3n L\u00f3pez, Escuela Doctor Arturo Grull\u00f3n, Polit\u00e9cnico Jos\u00e9 de Jes\u00fas Jim\u00e9nez Almonte, Centro Educativo Madre Teresa de Calcuta, Instituto Polit\u00e9cnico Altagracia Iglesia de Lora, Escuela Luis Napole\u00f3n N\u00fa\u00f1ez Molina, Centro Educativo Jos\u00e9 German S\u00e1nchez Puello, Polit\u00e9cnico Don Juan Hern\u00e1ndez.<\/p>\n\n\n\n<p><strong>San Crist\u00f3bal (Regional 04)<br><\/strong>Escuela Parroquial Santa Rita, Salom\u00e9 Ure\u00f1a, Mercedes Mu\u00f1oz, Enedina Puello Renville, Juan Pablo Pina, Ysolina P\u00e9rez, Jos\u00e9 N\u00fa\u00f1ez de C\u00e1ceres, Ana Liliam Miranda, Prof. Ampara Garc\u00eda, Juan Mar\u00eda de Jes\u00fas Villanueva.<\/p>\n\n\n\n<p><strong>La Vega (Regional 06)<br><\/strong>Escuela Elena Mej\u00eda Am\u00e9zquita, Centro Educativo El Guabal, Centro Educativo Trina de Moya, Federico Garc\u00eda Godoy, Liceo Burende, Liceo El Carmen La Torre, Centro Educativo Juan Pablo Duarte, Ram\u00f3n del Orbe, Pont\u00f3n Primaria, Liceo Monse\u00f1or Francisco Panal, Padre La Marche.<\/p>\n\n\n\n<p><strong>Hig\u00fcey (Regional 12)<br><br><br><\/strong><\/p>\n\n\n\n<p>La Salle de Hig\u00fcey, Escuela Josefa Guzm\u00e1n, Escuela Profesora Silvia Sosa, Escuela Pajarito, Liceo Jos\u00e9 Joaqu\u00edn, Colegio Educacional Bautista, Escuela Punta Pescadora, Escuela Carmen Nathalia, Escuela Primaria Barrio Lindo, Escuela Primaria Freddy Gat\u00f3n Arce, Escuela Punta de Garza.<\/p>\n\n\n\n<p><strong>Puerto Plata (Regional 11)<br><br><br><\/strong><\/p>\n\n\n\n<p>Liceo Antera Mota, Escuela Eduardo Brito, Escuela San Antonio Mar\u00eda Claret, Escuela Albergue de Martina, Escuela 20-30, Centro Educativo Leovigildo Lendof Cruz, Centro Educativo Isabel Reyna Ulloa, Centro Educativo Juan Guzm\u00e1n, Escuela Primaria Cabia, Centro Educativo Juan B. Osar\u00eda.<\/p>\n\n\n\n<p><strong>Barahona (Regional 01)<br><br><\/strong>Liceo Cat\u00f3lico Tecnol\u00f3gico de Barahona (LICATEBA), Escuela Anaima Tejeda Chapman, Escuela Primaria Academia Franciscana, Liceo Jos\u00e9 A. Robert, Escuela Primaria Alvida Marina Santana (El Tanque), Escuela Mar\u00eda Mont\u00e9s, Liceo Apolonio Ledesma, Liceo en Arte y Acad\u00e9mico Federico Henr\u00edquez y Carvajal, Escuela Virgilio Pel\u00e1ez, Escuela Leonol Feliz.<\/p>\n\n\n\n<p><strong>Santo Domingo Este (Regional 10)<br><br><br><\/strong><\/p>\n\n\n\n<p>Centro en Artes Fabio Amable Mota, Centro Comunal El Para\u00edso, Escuela Profesora Felicita Eleuterio, El Despertar, Alma Rosa Chothen, Escuela Elvira de Mendoza, Francisco del Rosario S\u00e1nchez, Liceo Minerva Mirabal, Escuela Rafael Am\u00e9rico Henr\u00edquez.<\/p>\n\n\n\n<p><strong>Mao (Regional 09)<br><br><br><\/strong><\/p>\n\n\n\n<p>Centro Educativo Le\u00f3nidas Ricardo, Polit\u00e9cnico Sagrado Coraz\u00f3n de Jes\u00fas, Escuela Graciela Reyes Tineo, Centro Educativo Santa Teresita, Liceo C\u00e9sar Nicol\u00e1s Penson, Entrada de Mao, Prof. Aracelis Ram\u00edrez Brea, Liceo Mar\u00eda Leaquina Rodr\u00edguez, Escuela Crist\u00f3bal Col\u00f3n, Revdo. Eduvigis Aurelio N\u00fa\u00f1ez, Mar\u00eda Aracelis Moronta.<\/p>\n\n\n\n<p><strong>Nagua (Regional 14)<\/strong>&nbsp;\u2013<br><br><br><\/p>\n\n\n\n<p>Centro Educativo Bel\u00e9n, Liceo \u00c1ngel Mar\u00eda Hern\u00e1ndez, Liceo Profesor Juan Emilio Bosch Gavi\u00f1o, Polit\u00e9cnico Miguel Santiago Yanguela G\u00f3mez, Liceo Domingo Antonio Tejada, Liceo Profesora Hilaria de Castro, Liceo Berca Morel Castillo, Liceo Las Garitas, Liceo El Pozo, Liceo Antonio de Le\u00f3n Lantigua.<\/p>\n\n\n\n<p><strong>Monte Cristi (Regional 13)<br><br><br><\/strong><\/p>\n\n\n\n<p>Centro Educativo Las Matas, Centro Educativo Johnatan Fitzgerald Kennedy, Polit\u00e9cnico Olga Modesta, TV Centro Las Ag\u00fcitas, Rafael D\u00edaz Nie, Escuela Ranchadero, Escuela Jos\u00e9 Gabriel Garc\u00eda, Liceo San Jos\u00e9, Francisco Ure\u00f1a Canela, Carmen Digna Alejo.<\/p>\n\n\n\n<p><strong>Santo Domingo (Regional 15)<\/strong>&nbsp;\u2013<br>Liceo Juan Pablo Duarte, Escuela Soraya Valentina, Polit\u00e9cnico V\u00edctor Estrella Liz, Escuela Salom\u00e9 Ure\u00f1a, Escuela Rep\u00fablica de Honduras, Escuela Otilio Virgil D\u00edaz, Liceo Rafael Alberto P\u00e9rez, Polit\u00e9cnico Justo Caba, Escuela Patria Mirabal, Liceo Rep\u00fablica de Paraguay, Liceo Tony Turb\u00edde.<\/p>\n\n\n\n<p>Prensa INEFI <a href=\"mailto:prensainefi@gmail.com\">prensainefi@gmail.com<\/a><\/p>\n","protected":false},"excerpt":{"rendered":"<p>SANTO DOMINGO, R.D.&nbsp;\u2013 El Instituto Nacional de Educaci\u00f3n F\u00edsica (INEFI) realiz\u00f3 una entrega simult\u00e1nea de utiler\u00eda deportiva en centros educativos de distintas regiones del pa\u00eds, como parte de su compromiso de garantizar que el inicio del a\u00f1o escolar 2024-2025 se desarrolle con las condiciones necesarias para impulsar la actividad f\u00edsica y la recreaci\u00f3n estudiantil. Las [&hellip;]<\/p>\n","protected":false},"author":7,"featured_media":636420,"comment_status":"closed","ping_status":"closed","sticky":false,"template":"","format":"standard","meta":{"footnotes":""},"categories":[17],"tags":[491],"class_list":["post-636410","post","type-post","status-publish","format-standard","has-post-thumbnail","hentry","category-deportes","tag-inefi"],"_links":{"self":[{"href":"https:\/\/diariodominicano.com\/index.php?rest_route=\/wp\/v2\/posts\/636410","targetHints":{"allow":["GET"]}}],"collection":[{"href":"https:\/\/diariodominicano.com\/index.php?rest_route=\/wp\/v2\/posts"}],"about":[{"href":"https:\/\/diariodominicano.com\/index.php?rest_route=\/wp\/v2\/types\/post"}],"author":[{"embeddable":true,"href":"https:\/\/diariodominicano.com\/index.php?rest_route=\/wp\/v2\/users\/7"}],"replies":[{"embeddable":true,"href":"https:\/\/diariodominicano.com\/index.php?rest_route=%2Fwp%2Fv2%2Fcomments&post=636410"}],"version-history":[{"count":1,"href":"https:\/\/diariodominicano.com\/index.php?rest_route=\/wp\/v2\/posts\/636410\/revisions"}],"predecessor-version":[{"id":636421,"href":"https:\/\/diariodominicano.com\/index.php?rest_route=\/wp\/v2\/posts\/636410\/revisions\/636421"}],"wp:featuredmedia":[{"embeddable":true,"href":"https:\/\/diariodominicano.com\/index.php?rest_route=\/wp\/v2\/media\/636420"}],"wp:attachment":[{"href":"https:\/\/diariodominicano.com\/index.php?rest_route=%2Fwp%2Fv2%2Fmedia&parent=636410"}],"wp:term":[{"taxonomy":"category","embeddable":true,"href":"https:\/\/diariodominicano.com\/index.php?rest_route=%2Fwp%2Fv2%2Fcategories&post=636410"},{"taxonomy":"post_tag","embeddable":true,"href":"https:\/\/diariodominicano.com\/index.php?rest_route=%2Fwp%2Fv2%2Ftags&post=636410"}],"curies":[{"name":"wp","href":"https:\/\/api.w.org\/{rel}","templated":true}]}}