{"id":636328,"date":"2025-09-04T13:19:12","date_gmt":"2025-09-04T17:19:12","guid":{"rendered":"https:\/\/diariodominicano.com\/?p=636328"},"modified":"2025-09-04T13:19:15","modified_gmt":"2025-09-04T17:19:15","slug":"procuraduria-general-instalara-fiscalia-comunitaria-de-haina-en-local-cedido-por-el-sns","status":"publish","type":"post","link":"https:\/\/diariodominicano.com\/?p=636328","title":{"rendered":"Procuradur\u00eda General instalar\u00e1 Fiscal\u00eda Comunitaria de Haina en local cedido por el SNS"},"content":{"rendered":"\n<p><em><u>Ambas entidades firman un acuerdo que permitir\u00e1 usar el inmueble que estar\u00e1 disponible para el servicio a la ciudadan\u00eda<\/u><\/em><\/p>\n\n\n\n<p><strong>SANTO DOMINGO (Rep\u00fablica Dominicana).-<\/strong>&nbsp;La Procuradur\u00eda General de la Rep\u00fablica habilitar\u00e1 un local cedido en pr\u00e9stamo por el Servicio Nacional de Salud (SNS) para instalar en Bajos de Haina, San Crist\u00f3bal, una de las 24 fiscal\u00edas comunitarias programadas para brindar un mayor acceso a la justicia para n\u00facleos poblacionales que podr\u00e1n mejorar sus niveles de seguridad con una presencia m\u00e1s pr\u00f3xima del Ministerio P\u00fablico.<\/p>\n\n\n\n<p>Con ese prop\u00f3sito, la procuradora general Yeni Berenice Reynoso y el director ejecutivo del SNS, doctor Mario Lama, firmaron un acuerdo de colaboraci\u00f3n interinstitucional en el que el Servicio Nacional de Salud se compromete a ceder, en calidad de pr\u00e9stamo, un local ubicado en la Carretera S\u00e1nchez n\u00fam. 18.<\/p>\n\n\n\n<p>El local ser\u00e1 readecuado por el \u00f3rgano persecutor para albergar la Fiscal\u00eda Comunitaria de Bajos de Haina, la cual facilitar\u00e1 que los residentes en esa demarcaci\u00f3n de 39.5 kil\u00f3metros cuadrados y de m\u00e1s de 159,000 habitantes tengan un acceso a la justicia de mayor proximidad sin tener, necesariamente, que desplazarse a la ciudad de San Crist\u00f3bal.<\/p>\n\n\n\n<p>\u201cQueremos darle las gracias al director ejecutivo del Servicio Nacional de Salud, el doctor Mario Lama, y a todo su equipo, por lo diligente que han sido para que este convenio sea una realidad, en el que nos facilitan un local\u201d, dijo Reynoso durante el acto de firma del convenio.<\/p>\n\n\n\n<p>Resalt\u00f3 que las instalaciones son adecuadas, \u201cpara llevar a la pr\u00e1ctica eso que decimos, de hacer una gesti\u00f3n centrada en las personas\u201d.<\/p>\n\n\n\n<p>\u201cVamos a brindar varios servicios que tienen que ver, b\u00e1sicamente, con tratar casos ordinarios, recibir denuncias, pero tambi\u00e9n atender la violencia de g\u00e9nero e intrafamiliar en este nuevo modelo de fiscal\u00eda comunitaria, que desde el Ministerio P\u00fablico estamos impulsando\u201d, apunt\u00f3.<\/p>\n\n\n\n<p>\u201cNo es justo que una persona que requiera un servicio del Ministerio P\u00fablico en Haina tenga que trasladarse hasta San Crist\u00f3bal. Lo que queremos con este acuerdo, y lo que vamos a poner en pr\u00e1ctica, es operativizar nuestro servicio desde el municipio y para el municipio, que tiene todo el derecho de tener una justicia cercana, oportuna y de calidad\u201d, puntualiz\u00f3.<\/p>\n\n\n\n<p>Las primeras dos fiscal\u00edas comunitarias ya est\u00e1n brindando servicio a los ciudadanos en Sos\u00faa, Puerto Plata, y en La Gu\u00e1yiga, del municipio Pedro Brand, provincia Santo Domingo.<\/p>\n\n\n\n<p>Al ponderar el acuerdo, el doctor Lama mostr\u00f3 su entera disposici\u00f3n, tanto personal como en su calidad de director ejecutivo del SNS, para colaborar con la visi\u00f3n de la Procuradur\u00eda General de la Rep\u00fablica.<\/p>\n\n\n\n<p>\u201cAl ceder el uso de este inmueble, estamos siempre prestos a seguir colaborando como instituci\u00f3n. Lo hemos hecho en otros convenios y siempre seguiremos cercano para que la poblaci\u00f3n y todos los que impactamos las respectivas instituciones, sigan cercano a los ciudadanos y recibiendo el servicio\u201d, extern\u00f3 el titular del SNS.<\/p>\n\n\n\n<p>\u201cQueremos felicitar a la se\u00f1ora procuradora por el inter\u00e9s que siempre ha tenido en que la justicia siga avanzando y acerc\u00e1ndose a comunidades como Haina, que ahora va a tener su fiscal\u00eda comunitaria, as\u00ed que siempre a la orden\u201d, expres\u00f3.<\/p>\n\n\n\n<p>En la firma del convenio estuvieron presentes la fiscal titular de San Crist\u00f3bal, Ramona Santana; la directora general Administrativa, Claribel Mej\u00eda; el director Administrativo, Jorge B\u00e1ez, y la directora Jur\u00eddica, Frinnette Padilla.<\/p>\n\n\n\n<p>Por el SNS, estuvieron presentes Wilsy L\u00f3pez, directora del Despacho, y Luz Morel, coordinadora de la Direcci\u00f3n Jur\u00eddica.<\/p>\n\n\n\n<p><strong>Direcci\u00f3n General de Comunicaci\u00f3n, Prensa y RRPP<\/strong><\/p>\n\n\n\n<p><strong>Ministerio P\u00fablico RD<\/strong><\/p>\n\n\n\n<p>Comunicaciones PGR <a href=\"mailto:comunicaciones@pgr.gob.do\">comunicaciones@pgr.gob.do<\/a><\/p>\n","protected":false},"excerpt":{"rendered":"<p>Ambas entidades firman un acuerdo que permitir\u00e1 usar el inmueble que estar\u00e1 disponible para el servicio a la ciudadan\u00eda SANTO DOMINGO (Rep\u00fablica Dominicana).-&nbsp;La Procuradur\u00eda General de la Rep\u00fablica habilitar\u00e1 un local cedido en pr\u00e9stamo por el Servicio Nacional de Salud (SNS) para instalar en Bajos de Haina, San Crist\u00f3bal, una de las 24 fiscal\u00edas comunitarias [&hellip;]<\/p>\n","protected":false},"author":7,"featured_media":636334,"comment_status":"closed","ping_status":"closed","sticky":false,"template":"","format":"standard","meta":{"footnotes":""},"categories":[24],"tags":[171],"class_list":["post-636328","post","type-post","status-publish","format-standard","has-post-thumbnail","hentry","category-justicia-y-derecho","tag-ministerio-publico"],"_links":{"self":[{"href":"https:\/\/diariodominicano.com\/index.php?rest_route=\/wp\/v2\/posts\/636328","targetHints":{"allow":["GET"]}}],"collection":[{"href":"https:\/\/diariodominicano.com\/index.php?rest_route=\/wp\/v2\/posts"}],"about":[{"href":"https:\/\/diariodominicano.com\/index.php?rest_route=\/wp\/v2\/types\/post"}],"author":[{"embeddable":true,"href":"https:\/\/diariodominicano.com\/index.php?rest_route=\/wp\/v2\/users\/7"}],"replies":[{"embeddable":true,"href":"https:\/\/diariodominicano.com\/index.php?rest_route=%2Fwp%2Fv2%2Fcomments&post=636328"}],"version-history":[{"count":1,"href":"https:\/\/diariodominicano.com\/index.php?rest_route=\/wp\/v2\/posts\/636328\/revisions"}],"predecessor-version":[{"id":636335,"href":"https:\/\/diariodominicano.com\/index.php?rest_route=\/wp\/v2\/posts\/636328\/revisions\/636335"}],"wp:featuredmedia":[{"embeddable":true,"href":"https:\/\/diariodominicano.com\/index.php?rest_route=\/wp\/v2\/media\/636334"}],"wp:attachment":[{"href":"https:\/\/diariodominicano.com\/index.php?rest_route=%2Fwp%2Fv2%2Fmedia&parent=636328"}],"wp:term":[{"taxonomy":"category","embeddable":true,"href":"https:\/\/diariodominicano.com\/index.php?rest_route=%2Fwp%2Fv2%2Fcategories&post=636328"},{"taxonomy":"post_tag","embeddable":true,"href":"https:\/\/diariodominicano.com\/index.php?rest_route=%2Fwp%2Fv2%2Ftags&post=636328"}],"curies":[{"name":"wp","href":"https:\/\/api.w.org\/{rel}","templated":true}]}}