{"id":636274,"date":"2025-09-04T11:29:30","date_gmt":"2025-09-04T15:29:30","guid":{"rendered":"https:\/\/diariodominicano.com\/?p=636274"},"modified":"2025-09-04T11:31:51","modified_gmt":"2025-09-04T15:31:51","slug":"centrales-sindicales-anuncian-plan-de-movilizacion-nacional-en-defensa-de-la-cesantia-laboral","status":"publish","type":"post","link":"https:\/\/diariodominicano.com\/?p=636274","title":{"rendered":"Centrales Sindicales anuncian plan de movilizaci\u00f3n nacional en defensa de la cesant\u00eda laboral"},"content":{"rendered":"\n<p>Las Centrales Sindicales anuncian en rueda de prensa  plan de movilizaci\u00f3n nacional en defensa de la cesant\u00eda laboral.<\/p>\n\n\n\n<p><em>CNTD, CNUS y CASC llaman a vigilia frente al Congreso el 10 de septiembre.<\/em> <\/p>\n\n\n\n<p> R<em>echazaron de manera categ\u00f3rica las pretensiones de algunos legisladores de modificar el r\u00e9gimen de cesant\u00eda laboral en el marco de la reforma al C\u00f3digo de Trabajo<\/em>.<\/p>\n\n\n\n<figure class=\"wp-block-image size-large\"><img loading=\"lazy\" decoding=\"async\" width=\"1024\" height=\"576\" src=\"https:\/\/diariodominicano.com\/wp-content\/uploads\/2025\/09\/Jacobo-Ramos-presidente-CNTD-2-1024x576.jpg\" alt=\"\" class=\"wp-image-636276\" srcset=\"https:\/\/diariodominicano.com\/wp-content\/uploads\/2025\/09\/Jacobo-Ramos-presidente-CNTD-2-1024x576.jpg 1024w, https:\/\/diariodominicano.com\/wp-content\/uploads\/2025\/09\/Jacobo-Ramos-presidente-CNTD-2-300x169.jpg 300w, https:\/\/diariodominicano.com\/wp-content\/uploads\/2025\/09\/Jacobo-Ramos-presidente-CNTD-2-768x432.jpg 768w, https:\/\/diariodominicano.com\/wp-content\/uploads\/2025\/09\/Jacobo-Ramos-presidente-CNTD-2-1536x864.jpg 1536w, https:\/\/diariodominicano.com\/wp-content\/uploads\/2025\/09\/Jacobo-Ramos-presidente-CNTD-2-816x459.jpg 816w, https:\/\/diariodominicano.com\/wp-content\/uploads\/2025\/09\/Jacobo-Ramos-presidente-CNTD-2.jpg 1600w\" sizes=\"auto, (max-width: 1024px) 100vw, 1024px\" \/><\/figure>\n\n\n\n<p>El presidente\u2002de la CNTD, en el momento que habl\u00f3 en la rueda de prensa   encabezada por los lideres sindicales Jacobo Ramos, Gabriel del R\u00edo y Rafael \u201cPepe\u201d Abreu.<\/p>\n\n\n\n<p>Diario Dominicano<\/p>\n\n\n\n<p>Santo Domingo, R.D. \u2013 Las centrales sindicales Confederaci\u00f3n Nacional de Trabajadores Dominicanos (CNTD), Confederaci\u00f3n Aut\u00f3noma Sindical Clasista (CASC) y la Confederaci\u00f3n Nacional de Unidad Sindical (CNUS), encabezadas por sus presidentes Jacobo Ramos, Gabriel del R\u00edo y Rafael \u201cPepe\u201d Abreu, respectivamente, rechazaron de manera categ\u00f3rica las pretensiones de algunos legisladores de modificar el r\u00e9gimen de cesant\u00eda laboral en el marco de la reforma al C\u00f3digo de Trabajo.<\/p>\n\n\n\n<p>Los l\u00edderes sindicales recordaron que el proceso de concertaci\u00f3n tripartita concluy\u00f3 con un consenso que fue sometido por el presidente de la Rep\u00fablica, Luis Abinader, al Congreso Nacional, sin que se tocara la cesant\u00eda. Consideran que los congresistas que ahora plantean cambios \u201chacen un flaco servicio a sus partidos pol\u00edticos y al clima de paz social que vive el pa\u00eds, al intentar favorecer \u00fanicamente al sector empresarial\u201d.<\/p>\n\n\n\n<p><strong>Defensa de la paz social y la seguridad jur\u00eddica<\/strong><\/p>\n\n\n\n<p>Las centrales sindicales se\u00f1alaron que han contribuido de manera decisiva a la estabilidad democr\u00e1tica, pol\u00edtica y social de la Rep\u00fablica Dominicana, elementos que han favorecido el desarrollo econ\u00f3mico, la atracci\u00f3n de inversi\u00f3n extranjera y la celebraci\u00f3n de importantes eventos internacionales, como la 20\u00aa Conferencia Regional Americana de la OIT, que se realizar\u00e1 en octubre en el pa\u00eds.<\/p>\n\n\n\n<p>Advirtieron que modificar la cesant\u00eda ser\u00eda una violaci\u00f3n a la Constituci\u00f3n, que en su art\u00edculo 110 proh\u00edbe alterar derechos adquiridos, y al art\u00edculo 62 que reconoce el trabajo como un derecho fundamental bajo protecci\u00f3n del Estado. Adem\u00e1s, recordaron que el cap\u00edtulo 16 del DR-CAFTA protege el respeto de los derechos laborales en la regi\u00f3n.<\/p>\n\n\n\n<figure class=\"wp-block-image size-large\"><img loading=\"lazy\" decoding=\"async\" width=\"1024\" height=\"768\" src=\"https:\/\/diariodominicano.com\/wp-content\/uploads\/2025\/09\/Centrales-Sindicales-anuncian-plan-de-movilizacion-nacional-en-defensa-de-la-cesantia-laboral-1-1024x768.jpg\" alt=\"\" class=\"wp-image-636277\" srcset=\"https:\/\/diariodominicano.com\/wp-content\/uploads\/2025\/09\/Centrales-Sindicales-anuncian-plan-de-movilizacion-nacional-en-defensa-de-la-cesantia-laboral-1-1024x768.jpg 1024w, https:\/\/diariodominicano.com\/wp-content\/uploads\/2025\/09\/Centrales-Sindicales-anuncian-plan-de-movilizacion-nacional-en-defensa-de-la-cesantia-laboral-1-300x225.jpg 300w, https:\/\/diariodominicano.com\/wp-content\/uploads\/2025\/09\/Centrales-Sindicales-anuncian-plan-de-movilizacion-nacional-en-defensa-de-la-cesantia-laboral-1-768x576.jpg 768w, https:\/\/diariodominicano.com\/wp-content\/uploads\/2025\/09\/Centrales-Sindicales-anuncian-plan-de-movilizacion-nacional-en-defensa-de-la-cesantia-laboral-1-1536x1152.jpg 1536w, https:\/\/diariodominicano.com\/wp-content\/uploads\/2025\/09\/Centrales-Sindicales-anuncian-plan-de-movilizacion-nacional-en-defensa-de-la-cesantia-laboral-1-816x612.jpg 816w, https:\/\/diariodominicano.com\/wp-content\/uploads\/2025\/09\/Centrales-Sindicales-anuncian-plan-de-movilizacion-nacional-en-defensa-de-la-cesantia-laboral-1.jpg 1600w\" sizes=\"auto, (max-width: 1024px) 100vw, 1024px\" \/><\/figure>\n\n\n\n<p><strong>Alertan sobre riesgos de conflictividad social<\/strong><\/p>\n\n\n\n<p>Los dirigentes sindicales consideraron que algunos legisladores subestiman el compromiso del movimiento sindical con el di\u00e1logo social, pero advirtieron que si se insiste en violentar los derechos de los trabajadores, el pa\u00eds podr\u00eda retornar a escenarios de conflictividad social y huelgas del pasado reciente.<\/p>\n\n\n\n<p><strong>Convocan vigilia y plan de movilizaci\u00f3n<\/strong><\/p>\n\n\n\n<p>Como primera medida, anunciaron un plan de movilizaci\u00f3n nacional que iniciar\u00e1 con una vigilia frente al Congreso Nacional el pr\u00f3ximo mi\u00e9rcoles 10 de septiembre a las 3:00 de la tarde.<\/p>\n\n\n\n<p>El plan tambi\u00e9n contempla:<\/p>\n\n\n\n<p>Marchas y plantones en distintas provincias.<\/p>\n\n\n\n<p>Visitas masivas a entidades pol\u00edticas, econ\u00f3micas y personalidades influyentes.<\/p>\n\n\n\n<p>Acciones de mayor contundencia en defensa de los derechos laborales, si fuera necesario.<\/p>\n\n\n\n<p>Los l\u00edderes sindicales reiteraron que la cesant\u00eda laboral es un derecho econ\u00f3mico protegido por la Constituci\u00f3n y por acuerdos internacionales, por lo que no permitir\u00e1n que se vulneren conquistas hist\u00f3ricas de los trabajadores dominicanos. Descargue video aqu\u00ed:\u00a0\u00a0<a href=\"https:\/\/we.tl\/t-pXs3ygQUG4\" target=\"_blank\" rel=\"noreferrer noopener\">https:\/\/we.tl\/t-pXs3ygQUG4<\/a><\/p>\n\n\n\n<p>CNTD Relaciones P\u00fablicas<\/p>\n\n\n\n<p><a href=\"mailto:cntd.rd@gmail.com\" target=\"_blank\" rel=\"noreferrer noopener\">cntd.rd@gmail.com<\/a><\/p>\n\n\n\n<p>#CNTD\u2003\u2003\u2003\u2003\u2003#<em>CNUS<\/em>\u2003\u2003\u2003<em> #CASC<\/em>\u2002<\/p>\n","protected":false},"excerpt":{"rendered":"<p>Las Centrales Sindicales anuncian en rueda de prensa plan de movilizaci\u00f3n nacional en defensa de la cesant\u00eda laboral. CNTD, CNUS y CASC llaman a vigilia frente al Congreso el 10 de septiembre. Rechazaron de manera categ\u00f3rica las pretensiones de algunos legisladores de modificar el r\u00e9gimen de cesant\u00eda laboral en el marco de la reforma al [&hellip;]<\/p>\n","protected":false},"author":2,"featured_media":636275,"comment_status":"closed","ping_status":"closed","sticky":false,"template":"","format":"standard","meta":{"footnotes":""},"categories":[36,22,27],"tags":[],"class_list":["post-636274","post","type-post","status-publish","format-standard","has-post-thumbnail","hentry","category-hombresmujeresycosas","category-politica","category-portada"],"_links":{"self":[{"href":"https:\/\/diariodominicano.com\/index.php?rest_route=\/wp\/v2\/posts\/636274","targetHints":{"allow":["GET"]}}],"collection":[{"href":"https:\/\/diariodominicano.com\/index.php?rest_route=\/wp\/v2\/posts"}],"about":[{"href":"https:\/\/diariodominicano.com\/index.php?rest_route=\/wp\/v2\/types\/post"}],"author":[{"embeddable":true,"href":"https:\/\/diariodominicano.com\/index.php?rest_route=\/wp\/v2\/users\/2"}],"replies":[{"embeddable":true,"href":"https:\/\/diariodominicano.com\/index.php?rest_route=%2Fwp%2Fv2%2Fcomments&post=636274"}],"version-history":[{"count":2,"href":"https:\/\/diariodominicano.com\/index.php?rest_route=\/wp\/v2\/posts\/636274\/revisions"}],"predecessor-version":[{"id":636279,"href":"https:\/\/diariodominicano.com\/index.php?rest_route=\/wp\/v2\/posts\/636274\/revisions\/636279"}],"wp:featuredmedia":[{"embeddable":true,"href":"https:\/\/diariodominicano.com\/index.php?rest_route=\/wp\/v2\/media\/636275"}],"wp:attachment":[{"href":"https:\/\/diariodominicano.com\/index.php?rest_route=%2Fwp%2Fv2%2Fmedia&parent=636274"}],"wp:term":[{"taxonomy":"category","embeddable":true,"href":"https:\/\/diariodominicano.com\/index.php?rest_route=%2Fwp%2Fv2%2Fcategories&post=636274"},{"taxonomy":"post_tag","embeddable":true,"href":"https:\/\/diariodominicano.com\/index.php?rest_route=%2Fwp%2Fv2%2Ftags&post=636274"}],"curies":[{"name":"wp","href":"https:\/\/api.w.org\/{rel}","templated":true}]}}