{"id":636220,"date":"2025-09-04T02:31:27","date_gmt":"2025-09-04T06:31:27","guid":{"rendered":"https:\/\/diariodominicano.com\/?p=636220"},"modified":"2025-09-04T02:31:31","modified_gmt":"2025-09-04T06:31:31","slug":"pesimismo-tico-ante-desempleo-y-pobreza-en-proximos-meses","status":"publish","type":"post","link":"https:\/\/diariodominicano.com\/?p=636220","title":{"rendered":"Pesimismo tico ante desempleo y pobreza en pr\u00f3ximos meses"},"content":{"rendered":"\n<p>San Jos\u00e9, 4 sep (Prensa Latina) La sociedad costarricense muestra hoy un creciente pesimismo sobre sus expectativas ante el desempleo y la pobreza durante los pr\u00f3ximos 12 meses, revela una pesquisa nacional publicada por la edici\u00f3n digital del canal Teletica.<\/p>\n\n\n\n<ul class=\"wp-block-list\">\n<li><a href=\"https:\/\/www.prensa-latina.cu\/2025\/09\/04\/\"><time>septiembre 4, 2025 | 01:23<\/time><\/a><\/li>\n<\/ul>\n\n\n\n<ul class=\"wp-block-list\">\n<li><a href=\"https:\/\/www.prensa-latina.cu\/2025\/09\/04\/pesimismo-tico-ante-desempleo-y-pobreza-en-proximos-meses\/#\"><\/a><\/li>\n\n\n\n<li><a href=\"https:\/\/www.prensa-latina.cu\/2025\/09\/04\/pesimismo-tico-ante-desempleo-y-pobreza-en-proximos-meses\/#\"><\/a><\/li>\n\n\n\n<li><a href=\"https:\/\/www.prensa-latina.cu\/2025\/09\/04\/pesimismo-tico-ante-desempleo-y-pobreza-en-proximos-meses\/#\"><\/a><\/li>\n\n\n\n<li><a href=\"https:\/\/www.prensa-latina.cu\/2025\/09\/04\/pesimismo-tico-ante-desempleo-y-pobreza-en-proximos-meses\/#\"><\/a><\/li>\n<\/ul>\n\n\n\n<p>El porcentaje de pobreza en el pr\u00f3ximo a\u00f1o se pronostica que sea del 44,4 por ciento, casi 10 puntos m\u00e1s que el de una medici\u00f3n realizada en mayo del presente a\u00f1o, precisa la Encuesta de Confianza del Consumidor de la Escuela de Estad\u00edstica de la Universidad de Costa Rica (UCR).<\/p>\n\n\n\n<p>La situaci\u00f3n es parecida en indicadores como el desempleo, respecto al cual un 40,8 por ciento de los consumidores esperan un aumento en los pr\u00f3ximos 12 meses, porcentaje que signific\u00f3 un 7,8 por ciento de incremento.<\/p>\n\n\n\n<p>El \u00cdndice de Confianza del Consumidor observ\u00f3 desde mayo de 2023, por primera vez, un saldo negativo entre las opiniones positivas y negativas sobre la pol\u00edtica econ\u00f3mica de la administraci\u00f3n Chaves, un balance que desde entonces se mantiene.<\/p>\n\n\n\n<p>Un 37,1 por ciento de los ciudadanos califican de \u201cpobre\u201d la labor econ\u00f3mica del gobierno, contra un 29,7 por ciento que la estiman como \u201cbuena\u201d, mientras otro 28,7 por ciento considera que la administraci\u00f3n Chaves hace \u201clo necesario\u201d.<\/p>\n\n\n\n<p>Esas \u00faltimas estad\u00edsticas reflejan los resultados de agosto mostrados por la pesquisa, \u201csi bien la confianza de los consumidores sobre la econom\u00eda nacional no present\u00f3 mayores cambios con respecto a la medici\u00f3n de mayo\u201d, coment\u00f3 la televisora.<\/p>\n\n\n\n<p>La encuesta afirma que la incertidumbre sobre la situaci\u00f3n futura de las empresas observada en mayo, se consolid\u00f3 en agosto, pues aument\u00f3 el porcentaje de consumidores cuya opini\u00f3n es que esas entidades estar\u00e1n peor en los pr\u00f3ximos 12 meses.<\/p>\n\n\n\n<p>\u201cEstos cambios coinciden con la entrada en vigencia de algunos de los aranceles propuestos meses atr\u00e1s por el gobierno de los Estados Unidos\u201d, consider\u00f3 la Escuela de Estad\u00edstica de la UCR.<\/p>\n\n\n\n<p>npg\/apb<\/p>\n\n\n\n<ul class=\"wp-block-list\">\n<li>#<a href=\"https:\/\/www.prensa-latina.cu\/etiqueta\/desempleo\/\">desempleo<\/a>\u00a0#<a href=\"https:\/\/www.prensa-latina.cu\/etiqueta\/pobreza\/\">pobreza<\/a><\/li>\n<\/ul>\n\n\n\n<p>MINUTO A MINUTO<\/p>\n\n\n\n<ul class=\"wp-block-list\">\n<li>02:27<\/li>\n<\/ul>\n\n\n\n<p><a href=\"https:\/\/www.prensa-latina.cu\/2025\/09\/04\/netsanet-sultan-representara-a-etiopia-en-el-concurso-intervision\/\">Netsanet Sultan representar\u00e1 a Etiop\u00eda en el Concurso Intervisi\u00f3n<\/a><\/p>\n\n\n\n<ul class=\"wp-block-list\">\n<li>02:22<\/li>\n<\/ul>\n\n\n\n<p><a href=\"https:\/\/www.prensa-latina.cu\/2025\/09\/04\/alta-tension-en-final-de-etapa-clasificatoria-del-eurobasket\/\">Alta tensi\u00f3n en final de etapa clasificatoria del Eurobasket<\/a><\/p>\n\n\n\n<ul class=\"wp-block-list\">\n<li>01:45<\/li>\n<\/ul>\n\n\n\n<p><a href=\"https:\/\/www.prensa-latina.cu\/2025\/09\/04\/tormenta-tropical-afectara-suroeste-de-japon\/\">Tormenta tropical afectar\u00e1 suroeste de Jap\u00f3n<\/a><\/p>\n\n\n\n<ul class=\"wp-block-list\">\n<li>01:27<\/li>\n<\/ul>\n\n\n\n<p><a href=\"https:\/\/www.prensa-latina.cu\/2025\/09\/04\/aliados-de-ucrania-analizan-en-paris-garantias-de-seguridad\/\">Aliados de Ucrania analizan en Par\u00eds garant\u00edas de seguridad<\/a><\/p>\n\n\n\n<ul class=\"wp-block-list\">\n<li>01:23<\/li>\n<\/ul>\n\n\n\n<p><a href=\"https:\/\/www.prensa-latina.cu\/2025\/09\/04\/pesimismo-tico-ante-desempleo-y-pobreza-en-proximos-meses\/\">Pesimismo tico ante desempleo y pobreza en pr\u00f3ximos meses<\/a><\/p>\n\n\n\n<ul class=\"wp-block-list\">\n<li>01:18<\/li>\n<\/ul>\n\n\n\n<p><a href=\"https:\/\/www.prensa-latina.cu\/2025\/09\/04\/guatemala-por-salir-fuerte-en-tramo-final-rumbo-al-mundial-de-futbol\/\">Guatemala por salir fuerte en tramo final rumbo al mundial de f\u00fatbol<\/a><\/p>\n\n\n\n<p>relacionadas<\/p>\n\n\n\n<figure class=\"wp-block-image\"><img decoding=\"async\" src=\"https:\/\/www.prensa-latina.cu\/wp-content\/uploads\/2025\/09\/syrien-unicef-1.jpg\" alt=\"Siria alista programa nacional para erradicar la pobreza\" class=\"wp-image-1625589\"\/><\/figure>\n\n\n\n<h4 class=\"wp-block-heading\"><a href=\"https:\/\/www.prensa-latina.cu\/2025\/09\/03\/siria-alista-programa-nacional-para-erradicar-la-pobreza\/\">Siria alista programa nacional para erradicar la pobreza<\/a><\/h4>\n\n\n\n<ul class=\"wp-block-list\">\n<li>septiembre 3, 2025<\/li>\n\n\n\n<li>10:34<\/li>\n<\/ul>\n\n\n\n<h4 class=\"wp-block-heading\"><a href=\"https:\/\/www.prensa-latina.cu\/2025\/09\/02\/reportan-alza-del-desempleo-entre-poblacion-extranjera-en-chile\/\">Reportan alza del desempleo entre poblaci\u00f3n extranjera en Chile<\/a><\/h4>\n\n\n\n<ul class=\"wp-block-list\">\n<li>septiembre 2, 2025<\/li>\n\n\n\n<li>12:38<\/li>\n<\/ul>\n\n\n\n<figure class=\"wp-block-image\"><img decoding=\"async\" src=\"https:\/\/www.prensa-latina.cu\/wp-content\/uploads\/2024\/08\/desempleo-Colombia-1.jpg\" alt=\"\" class=\"wp-image-1177133\"\/><\/figure>\n\n\n\n<h4 class=\"wp-block-heading\"><a href=\"https:\/\/www.prensa-latina.cu\/2025\/08\/29\/tasa-de-desempleo-de-colombia-se-situo-en-88-por-ciento-en-julio\/\">Tasa de desempleo de Colombia se situ\u00f3 en 8,8 por ciento en julio<\/a><\/h4>\n\n\n\n<ul class=\"wp-block-list\">\n<li>agosto 29, 2025<\/li>\n\n\n\n<li>12:55<\/li>\n<\/ul>\n\n\n\n<figure class=\"wp-block-image\"><img decoding=\"async\" src=\"https:\/\/www.prensa-latina.cu\/wp-content\/uploads\/2024\/06\/Uruguay-Empleo-Construccion-1.jpg\" alt=\"\" class=\"wp-image-961201\"\/><\/figure>\n\n\n\n<h4 class=\"wp-block-heading\"><a href=\"https:\/\/www.prensa-latina.cu\/2025\/08\/29\/datos-dispares-en-mercado-laboral-uruguayo\/\">Datos dispares en mercado laboral uruguayo<\/a><\/h4>\n\n\n\n<ul class=\"wp-block-list\">\n<li>agosto 29, 2025<\/li>\n\n\n\n<li>10:19<\/li>\n<\/ul>\n","protected":false},"excerpt":{"rendered":"<p>San Jos\u00e9, 4 sep (Prensa Latina) La sociedad costarricense muestra hoy un creciente pesimismo sobre sus expectativas ante el desempleo y la pobreza durante los pr\u00f3ximos 12 meses, revela una pesquisa nacional publicada por la edici\u00f3n digital del canal Teletica. El porcentaje de pobreza en el pr\u00f3ximo a\u00f1o se pronostica que sea del 44,4 por [&hellip;]<\/p>\n","protected":false},"author":2,"featured_media":0,"comment_status":"closed","ping_status":"closed","sticky":false,"template":"","format":"standard","meta":{"footnotes":""},"categories":[23],"tags":[],"class_list":["post-636220","post","type-post","status-publish","format-standard","hentry","category-internacional"],"_links":{"self":[{"href":"https:\/\/diariodominicano.com\/index.php?rest_route=\/wp\/v2\/posts\/636220","targetHints":{"allow":["GET"]}}],"collection":[{"href":"https:\/\/diariodominicano.com\/index.php?rest_route=\/wp\/v2\/posts"}],"about":[{"href":"https:\/\/diariodominicano.com\/index.php?rest_route=\/wp\/v2\/types\/post"}],"author":[{"embeddable":true,"href":"https:\/\/diariodominicano.com\/index.php?rest_route=\/wp\/v2\/users\/2"}],"replies":[{"embeddable":true,"href":"https:\/\/diariodominicano.com\/index.php?rest_route=%2Fwp%2Fv2%2Fcomments&post=636220"}],"version-history":[{"count":1,"href":"https:\/\/diariodominicano.com\/index.php?rest_route=\/wp\/v2\/posts\/636220\/revisions"}],"predecessor-version":[{"id":636221,"href":"https:\/\/diariodominicano.com\/index.php?rest_route=\/wp\/v2\/posts\/636220\/revisions\/636221"}],"wp:attachment":[{"href":"https:\/\/diariodominicano.com\/index.php?rest_route=%2Fwp%2Fv2%2Fmedia&parent=636220"}],"wp:term":[{"taxonomy":"category","embeddable":true,"href":"https:\/\/diariodominicano.com\/index.php?rest_route=%2Fwp%2Fv2%2Fcategories&post=636220"},{"taxonomy":"post_tag","embeddable":true,"href":"https:\/\/diariodominicano.com\/index.php?rest_route=%2Fwp%2Fv2%2Ftags&post=636220"}],"curies":[{"name":"wp","href":"https:\/\/api.w.org\/{rel}","templated":true}]}}