{"id":635967,"date":"2025-09-03T01:10:42","date_gmt":"2025-09-03T05:10:42","guid":{"rendered":"https:\/\/diariodominicano.com\/?p=635967"},"modified":"2025-09-03T01:45:15","modified_gmt":"2025-09-03T05:45:15","slug":"senado-aprobo-ley-que-designa-con-el-nombre-de-edison-rodriguez-paulino-el-multiuso-de-villa-la-mata-provincia-sanchez-ramirez","status":"publish","type":"post","link":"https:\/\/diariodominicano.com\/?p=635967","title":{"rendered":"Senado aprob\u00f3 ley que designa con el nombre de Edison Rodr\u00edguez Paulino el multiuso de Villa La Mata, provincia S\u00e1nchez Ram\u00edrez"},"content":{"rendered":"\n<p>Santo Domingo.- El Senado de la Rep\u00fablica aprob\u00f3 en primera lectura el proyecto de ley que designa con el nombre de Edison Rodr\u00edguez Paulino el multiuso del municipio Villa La Mata, provincia S\u00e1nchez Ram\u00edrez.<br>La pieza presentada por el presidente del Senado, Ricardo de los Santos, fue sancionada a unanimidad por los senadores presentes.<br>Esta iniciativa tiene el prop\u00f3sito de exaltar a Edison Rodr\u00edguez Paulino, oriundo del municipio de Cotu\u00ed, quien se ha destacado en la disciplina de karate como entrenador en los clubes deportivos Silos de Inespre y Club Hermanos Veras, propiciando que los atletas locales se destaquen y representen al municipio en los diferentes torneos de deportivos realizados en la provincia.<br>El proyecto destaca que Rodr\u00edguez Paulino logr\u00f3 recuperar la franquicia del club para participar en el torneo superior de baloncesto de la provincia S\u00e1nchez Ram\u00edrez, el cual estaba ausente de este evento desde el a\u00f1o 2012.<br>Tambi\u00e9n refiere que el deportista obtuvo el respeto y el cari\u00f1o de los jugadores como presidente del Club Hermanos Veras; y los m\u00e9ritos de la Asociaci\u00f3n de Baloncesto y de la Asociaci\u00f3n de Baloncesto Nacional.<br>\u201cSu legado no se limita a los logros deportivos, sino tambi\u00e9n a su contribuci\u00f3n a la cohesi\u00f3n social en el municipio Villa Las Matas\u201d, se\u00f1ala la pieza.<br>Durante la jornada del pleno senatorial de este martes, fue aprobado en primera lectura el proyecto de ley que declara el Casabe como Patrimonio Cultural Inmaterial de la Naci\u00f3n Dominicana, autor\u00eda del senador por la provincia Santiago Rodr\u00edguez, Antonio Marte.<br>Esta pieza legislativa tiene la finalidad de promover y fomentar el casabe como s\u00edmbolo gastron\u00f3mico, as\u00ed como fomentar su preservaci\u00f3n, declar\u00e1ndolo como \u00abPatrimonio Cultural Inmaterial de la Naci\u00f3n\u00bb.<br>El Senado aprob\u00f3 y declar\u00f3 de urgencia en dos lecturas el proyecto de ley que modifica la Ley 80-24 de Presupuesto General del Estado, para el ejercicio presupuestario del a\u00f1o 2025, que aprueba una erogaci\u00f3n presupuestaria de RD$1, 277,364, 731,494. La pieza fue remitida por el Poder Ejecutivo.<br>Este proyecto contempla partidas presupuestarias para los ministerios de Salud P\u00fablica y Asistencia Social, Obras P\u00fablicas y Comunicaciones, Ministerio de Deportes y Recreaci\u00f3n, Ministerio de Viviendas, H\u00e1bitat y Edificaciones (MIVED), as\u00ed como para la ampliaci\u00f3n de la capacidad de la l\u00ednea 2 del Metro de Santo Domingo, y la conclusi\u00f3n de los trabajos entre la avenida Gregorio Luper\u00f3n e Isabela Aguiar, as\u00ed como para el Instituto Nacional de Aguas Potables y Alcantarillados (INAPA).<br>Esta pieza contempla los recursos econ\u00f3micos para concluir todas las obras viales pendientes de t\u00e9rmino en todo el territorio nacional.<br>La normativa fue aprobada sin modificaciones, tal como fue remitida por la C\u00e1mara de Diputados.<br>El Pleno del Senado sancion\u00f3 el proyecto de ley que define la ubicaci\u00f3n territorial del Parque Nacional Salto de la Jalda, dentro de las provincias Hato Mayor y el Seibo y lo adiciona a la Ley Sectorial de \u00c1reas Protegidas, propuesta del senador Crist\u00f3bal Venerado.<br>En los trabajos legislativos de este martes los legisladores aprobaron en segunda lectura el proyecto de ley que regula el Turismo N\u00e1utico de Recreo, iniciativa presentada por los senadores Alexis Victoria Yeb y Ginnette Bournigal de Jim\u00e9nez.<br>En \u00fanica lectura los legisladores conocieron el acuerdo sobre transporte a\u00e9reo entre la Rep\u00fablica Dominicana el Reino de Espa\u00f1a, procedente del Poder Ejecutivo; y el acuerdo en el marco de la Convenci\u00f3n de las Naciones Unidas sobre el Derecho del Mar, relativo a la conservaci\u00f3n y el uso sostenible de la diversidad biol\u00f3gica marina de las zonas situadas fuera de la jurisdicci\u00f3n nacional, procedente del Poder Ejecutivo.<br>De igual manera, los legisladores aprobaron la resoluci\u00f3n que solicita al director del Instituto Nacional de Tr\u00e1nsito y Transporte Terrestre (INTRANT), Milton Morrison, poner en ejecuci\u00f3n el \u201cPlan Estrat\u00e9gico Nacional para la Seguridad Vial de la Rep\u00fablica Dominicana (2021-2030)\u201d, en la provincia San Jos\u00e9 de Ocoa, iniciativa presentada por el senador de esa demarcaci\u00f3n, Milc\u00edades Aneudy Ortiz Sajiun.<br>Los senadores conocieron la resoluci\u00f3n que respalda la declaraci\u00f3n de paz y cese de guerras, en procura de impulsar la promoci\u00f3n de la paz mundial, presentado por el senador de Bahoruco, Guillermo Lama.<br>El Pleno del Senado, guard\u00f3 un minuto de silencio por los fallecidos en el d\u00eda de ayer en un accidente de tr\u00e1nsito en la provincia La Altagracia.<br>Al finalizar la sesi\u00f3n, el presidente Ricardo de los Santos dej\u00f3 conformada una comisi\u00f3n bicameral para el estudio y an\u00e1lisis del proyecto de ley de trasplante de \u00f3rganos.<br>La misma estar\u00e1 integrada por los senadores Dagoberto Rodr\u00edguez, quien la presidir\u00e1; y los miembros Ram\u00f3n Rogelio Genao, Johnson Encarnaci\u00f3n D\u00edaz, Crist\u00f3bal Venerado Castillo, Mois\u00e9s Ayala P\u00e9rez, Pedro Antonio Tineo N\u00fa\u00f1ez, Eduar Alexis Esp\u00edritusanto y Julito Fulcar.<br>Al concluir los trabajos legislativos De los Santos, convoc\u00f3 a sesi\u00f3n para el pr\u00f3ximo mi\u00e9rcoles a las 10 de la ma\u00f1ana en la provincia San Pedro de Macor\u00eds.<\/p>\n","protected":false},"excerpt":{"rendered":"<p>Santo Domingo.- El Senado de la Rep\u00fablica aprob\u00f3 en primera lectura el proyecto de ley que designa con el nombre de Edison Rodr\u00edguez Paulino el multiuso del municipio Villa La Mata, provincia S\u00e1nchez Ram\u00edrez.La pieza presentada por el presidente del Senado, Ricardo de los Santos, fue sancionada a unanimidad por los senadores presentes.Esta iniciativa tiene [&hellip;]<\/p>\n","protected":false},"author":7,"featured_media":630176,"comment_status":"closed","ping_status":"closed","sticky":false,"template":"","format":"standard","meta":{"footnotes":""},"categories":[17,22],"tags":[2359],"class_list":["post-635967","post","type-post","status-publish","format-standard","has-post-thumbnail","hentry","category-deportes","category-politica","tag-senado"],"_links":{"self":[{"href":"https:\/\/diariodominicano.com\/index.php?rest_route=\/wp\/v2\/posts\/635967","targetHints":{"allow":["GET"]}}],"collection":[{"href":"https:\/\/diariodominicano.com\/index.php?rest_route=\/wp\/v2\/posts"}],"about":[{"href":"https:\/\/diariodominicano.com\/index.php?rest_route=\/wp\/v2\/types\/post"}],"author":[{"embeddable":true,"href":"https:\/\/diariodominicano.com\/index.php?rest_route=\/wp\/v2\/users\/7"}],"replies":[{"embeddable":true,"href":"https:\/\/diariodominicano.com\/index.php?rest_route=%2Fwp%2Fv2%2Fcomments&post=635967"}],"version-history":[{"count":1,"href":"https:\/\/diariodominicano.com\/index.php?rest_route=\/wp\/v2\/posts\/635967\/revisions"}],"predecessor-version":[{"id":635998,"href":"https:\/\/diariodominicano.com\/index.php?rest_route=\/wp\/v2\/posts\/635967\/revisions\/635998"}],"wp:featuredmedia":[{"embeddable":true,"href":"https:\/\/diariodominicano.com\/index.php?rest_route=\/wp\/v2\/media\/630176"}],"wp:attachment":[{"href":"https:\/\/diariodominicano.com\/index.php?rest_route=%2Fwp%2Fv2%2Fmedia&parent=635967"}],"wp:term":[{"taxonomy":"category","embeddable":true,"href":"https:\/\/diariodominicano.com\/index.php?rest_route=%2Fwp%2Fv2%2Fcategories&post=635967"},{"taxonomy":"post_tag","embeddable":true,"href":"https:\/\/diariodominicano.com\/index.php?rest_route=%2Fwp%2Fv2%2Ftags&post=635967"}],"curies":[{"name":"wp","href":"https:\/\/api.w.org\/{rel}","templated":true}]}}