{"id":635822,"date":"2025-09-02T12:56:00","date_gmt":"2025-09-02T16:56:00","guid":{"rendered":"https:\/\/diariodominicano.com\/?p=635822"},"modified":"2025-09-02T12:57:29","modified_gmt":"2025-09-02T16:57:29","slug":"asociacion-de-judo-la-romana-gana-invitacional-german-alcala","status":"publish","type":"post","link":"https:\/\/diariodominicano.com\/?p=635822","title":{"rendered":"Asociaci\u00f3n de Judo La Romana gana invitacional Germ\u00e1n Alcal\u00e1"},"content":{"rendered":"\n<p>Luisa Mart\u00ednez, secretaria general Fedojudo, entrega la copa de campe\u00f3n a los directivos de la asociaci\u00f3n de judo de La Romana.<\/p>\n\n\n\n<p><strong>SANTO DOMINGO<\/strong>, RD. El selectivo de la Asociaci\u00f3n de Judo de La Romana se alz\u00f3 con el primer lugar de la II Copa Invitacional de Judo Domingo Germ\u00e1n Alcal\u00e1 (Makay), dedicada al inmortal del deporte Arturo Morales y celebrada el en el Pabell\u00f3n de ese deporte en la ciudad romanense.<\/p>\n\n\n\n<p>Los judocas de La Romana acumularon un total de tres medallas de oro, cinco de plata y tres de bronce, para un total de 353 puntos, v\u00e1lidos para apoderarse del trofeo de campe\u00f3n.<\/p>\n\n\n\n<p>Con 312 tantos, producto de tres preseas doradas, una de plata y par de bronce, el seleccionado del Club Judo Naco se qued\u00f3 con el segundo puesto de la cita deportiva.<\/p>\n\n\n\n<p>El trofeo de tercer puesto lo obtuvo la asociaci\u00f3n de judo de Monte Plata, con tres metales de primer lugar, uno de plata y otro de bronce, para sumar 311 puntos.<\/p>\n\n\n\n<p>El cuarto lugar lo compartieron las delegaciones de Mar\u00eda Trinidad S\u00e1nchez y San Juan de la Maguana, con 221 puntos, al conseguir dos medallas de oro, par de plata y una de bronce.<\/p>\n\n\n\n<p>Las asociaciones de la provincia Santo Domingo e Independencia, con par de preseas doradas cada una, ocuparon el sexto pelda\u00f1o, con 200 puntos.<\/p>\n\n\n\n<p>El torneo fue organizado por la Asociaci\u00f3n de Judo de La Romana, que preside Enrique Botello, con el aval de la Federaci\u00f3n Dominicana de Judo (Fedojudo).<\/p>\n\n\n\n<p>En la celebraci\u00f3n del torneo estuvieron adem\u00e1s Luisa Mart\u00ednez, secretaria general de la Fedojudo; Wilkin Ogango, director t\u00e9cnico, y Leidi Germ\u00e1n, Sport m\u00e1nager de la federaci\u00f3n, as\u00ed como Eduardo Familia, alcalde del municipio Villa Hermosa, y Walkidia Seipio, secretaria de la Asociaci\u00f3n de Judo de La Romana.<\/p>\n\n\n\n<p>Jesus Leonardo Reyes<\/p>\n\n\n\n<p><a href=\"mailto:jesusleonardoreyes562@gmail.com\" target=\"_blank\" rel=\"noreferrer noopener\">jesusleonardoreyes562@gmail.com<\/a><\/p>\n\n\n\n<p>#Judo\u2003\u2003\u2003\u2003\u2003 #La Romana <\/p>\n","protected":false},"excerpt":{"rendered":"<p>Luisa Mart\u00ednez, secretaria general Fedojudo, entrega la copa de campe\u00f3n a los directivos de la asociaci\u00f3n de judo de La Romana. SANTO DOMINGO, RD. El selectivo de la Asociaci\u00f3n de Judo de La Romana se alz\u00f3 con el primer lugar de la II Copa Invitacional de Judo Domingo Germ\u00e1n Alcal\u00e1 (Makay), dedicada al inmortal del [&hellip;]<\/p>\n","protected":false},"author":28,"featured_media":635823,"comment_status":"closed","ping_status":"closed","sticky":false,"template":"","format":"standard","meta":{"footnotes":""},"categories":[36,17],"tags":[],"class_list":["post-635822","post","type-post","status-publish","format-standard","has-post-thumbnail","hentry","category-hombresmujeresycosas","category-deportes"],"_links":{"self":[{"href":"https:\/\/diariodominicano.com\/index.php?rest_route=\/wp\/v2\/posts\/635822","targetHints":{"allow":["GET"]}}],"collection":[{"href":"https:\/\/diariodominicano.com\/index.php?rest_route=\/wp\/v2\/posts"}],"about":[{"href":"https:\/\/diariodominicano.com\/index.php?rest_route=\/wp\/v2\/types\/post"}],"author":[{"embeddable":true,"href":"https:\/\/diariodominicano.com\/index.php?rest_route=\/wp\/v2\/users\/28"}],"replies":[{"embeddable":true,"href":"https:\/\/diariodominicano.com\/index.php?rest_route=%2Fwp%2Fv2%2Fcomments&post=635822"}],"version-history":[{"count":2,"href":"https:\/\/diariodominicano.com\/index.php?rest_route=\/wp\/v2\/posts\/635822\/revisions"}],"predecessor-version":[{"id":635825,"href":"https:\/\/diariodominicano.com\/index.php?rest_route=\/wp\/v2\/posts\/635822\/revisions\/635825"}],"wp:featuredmedia":[{"embeddable":true,"href":"https:\/\/diariodominicano.com\/index.php?rest_route=\/wp\/v2\/media\/635823"}],"wp:attachment":[{"href":"https:\/\/diariodominicano.com\/index.php?rest_route=%2Fwp%2Fv2%2Fmedia&parent=635822"}],"wp:term":[{"taxonomy":"category","embeddable":true,"href":"https:\/\/diariodominicano.com\/index.php?rest_route=%2Fwp%2Fv2%2Fcategories&post=635822"},{"taxonomy":"post_tag","embeddable":true,"href":"https:\/\/diariodominicano.com\/index.php?rest_route=%2Fwp%2Fv2%2Ftags&post=635822"}],"curies":[{"name":"wp","href":"https:\/\/api.w.org\/{rel}","templated":true}]}}