{"id":635617,"date":"2025-09-01T21:00:10","date_gmt":"2025-09-02T01:00:10","guid":{"rendered":"https:\/\/diariodominicano.com\/?p=635617"},"modified":"2025-12-29T01:43:08","modified_gmt":"2025-12-29T05:43:08","slug":"defensa-civil-fortalece-articulacion-de-c-pmr-en-la-altagracia-por-la-temporada-ciclonica-2025","status":"publish","type":"post","link":"https:\/\/diariodominicano.com\/?p=635617","title":{"rendered":"Defensa Civil anuncia fortalece articulaci\u00f3n de C-PMR en La Altagracia por la Temporada Cicl\u00f3nica 2025"},"content":{"rendered":"\n<p><strong>La Altagracia, RD.-<\/strong>\u00a0La Defensa Civil y Global Support and Development (GSD) iniciaron en esta localidad las \u201cMesas de Articulaci\u00f3n y Preparaci\u00f3n por la Temporada Cicl\u00f3nica 2025\u201d como parte del proyecto \u201cFortalecidos\u201d, ejecutado a trav\u00e9s del organismo naranja con el financiamiento de GSD, y que busca fortalecer las acciones de prevenci\u00f3n y de preparaci\u00f3n para la respuesta de los miembros del Comit\u00e9 de Prevenci\u00f3n, Mitigaci\u00f3n y Respuesta ante Desastres (CPMR), el empresariado y l\u00edderes locales.<\/p>\n\n\n\n<p>La Defensa Civil se\u00f1al\u00f3 que\u2002en este  primer encuentro estuvo encabezado por el presidente de la Comisi\u00f3n Nacional de Emergencias (CNE) y director ejecutivo de la Defensa Civil, Juan Salas, y la gobernadora local, Daysi D\u2019Oleo, quienes calificaron la reuni\u00f3n como indispensable para la buena coordinaci\u00f3n entre los distintos actores, ante la amenaza de un fen\u00f3meno hidrometeorol\u00f3gico en la \u00e9poca de huracanes.<\/p>\n\n\n\n<p>En sus palabras centrales, Salas especific\u00f3 que esta primera reuni\u00f3n es parte de los esfuerzos que se realizan desde el Gobierno para estar m\u00e1s preparados y lograr un mejor desempe\u00f1o ante las posibles amenazas a las que estamos expuestos como pa\u00eds, con el fin de preservar vidas y propiedades ante un evento adverso.<\/p>\n\n\n\n<p>De su lado, la gobernadora D\u2019Oleo agradeci\u00f3 a la Defensa Civil y a GSD por seleccionar a su provincia como prioritaria para ejecutar tan importante iniciativa, que permite un escenario preventivo y anticipatorio, logrando as\u00ed una mejor articulaci\u00f3n provincial y regional.<\/p>\n\n\n\n<p>Incentivando esta integraci\u00f3n regional, tambi\u00e9n participaron activamente la gobernadora civil de El Seibo, Magaly Tabar de Goico; el alcalde de Ver\u00f3n, Punta Cana, Ram\u00f3n Antonio Ram\u00edrez; el vicealcalde del municipio de Hig\u00fcey, Pablo \u00c1vila; la directora municipal de Bayahibe, Yesenia Brito; representantes del Grupo Punta Cana; directores provinciales de la Defensa Civil en la regi\u00f3n y miembros de organismos de respuesta y coordinaci\u00f3n a emergencias. La actividad cont\u00f3 adem\u00e1s con la colaboraci\u00f3n de la ingeniera Yanelba Abreu.<\/p>\n\n\n\n<p>Durante la sesi\u00f3n, el pronosticador Cristofer Florian del Instituto Dominicano de Meteorolog\u00eda (Indomet) present\u00f3 el panorama de la Temporada Cicl\u00f3nica; tambi\u00e9n los subdirectores de la Defensa Civil, Bernardo Rodr\u00edguez, Rub\u00e9n Frontal y Def\u00edn Rodr\u00edguez, proyectaron las directrices a seguir por la temporada, la funcionalidad de la Sala de Situaci\u00f3n y el Sistema Integrado Nacional de Informaci\u00f3n ( SINI) respectivamente. Tambi\u00e9n hablaron sobre la aplicaci\u00f3n AlertaDO, una herramienta tecnol\u00f3gica de la Defensa Civil utilizada para respetar incidencias e identificar riesgos, disponible gratis para todo p\u00fablico.<\/p>\n\n\n\n<p>Sobre las mesas de articulaci\u00f3n<\/p>\n\n\n\n<p>Las \u201cMesas de Articulaci\u00f3n y Preparaci\u00f3n por la Temporada Cicl\u00f3nica 2025\u201d son un espacio de articulaci\u00f3n de acciones e intercambio que ser\u00e1 replicado en otras cinco regiones, para abarcar las 30 provincias del pa\u00eds y lograr mayor coordinaci\u00f3n ante emergencias.<\/p>\n\n\n\n<p>En la jornada participar\u00e1n las gobernadoras, miembros del CPMR y otros actores clave para la prevenci\u00f3n, respuesta y recuperaci\u00f3n.<\/p>\n\n\n\n<p>Defensa Civil Dominicana <a href=\"mailto:redesdefensacivil@gmail.com\">redesdefensacivil@gmail.com<\/a><\/p>\n\n\n\n<p>#Defensa\u2002Civil\u2003\u2003\u2003\u2003\u2003\u2003\u2003 #La Altagracia<\/p>\n","protected":false},"excerpt":{"rendered":"<p>La Altagracia, RD.-\u00a0La Defensa Civil y Global Support and Development (GSD) iniciaron en esta localidad las \u201cMesas de Articulaci\u00f3n y Preparaci\u00f3n por la Temporada Cicl\u00f3nica 2025\u201d como parte del proyecto \u201cFortalecidos\u201d, ejecutado a trav\u00e9s del organismo naranja con el financiamiento de GSD, y que busca fortalecer las acciones de prevenci\u00f3n y de preparaci\u00f3n para la [&hellip;]<\/p>\n","protected":false},"author":7,"featured_media":635671,"comment_status":"closed","ping_status":"closed","sticky":false,"template":"","format":"standard","meta":{"footnotes":""},"categories":[21,20],"tags":[3874,573,3090,3091],"class_list":["post-635617","post","type-post","status-publish","format-standard","has-post-thumbnail","hentry","category-cultura","category-dominicana-hoy","tag-c-pmr","tag-defensa-civil","tag-la-altagracia","tag-temporada-ciclonica"],"_links":{"self":[{"href":"https:\/\/diariodominicano.com\/index.php?rest_route=\/wp\/v2\/posts\/635617","targetHints":{"allow":["GET"]}}],"collection":[{"href":"https:\/\/diariodominicano.com\/index.php?rest_route=\/wp\/v2\/posts"}],"about":[{"href":"https:\/\/diariodominicano.com\/index.php?rest_route=\/wp\/v2\/types\/post"}],"author":[{"embeddable":true,"href":"https:\/\/diariodominicano.com\/index.php?rest_route=\/wp\/v2\/users\/7"}],"replies":[{"embeddable":true,"href":"https:\/\/diariodominicano.com\/index.php?rest_route=%2Fwp%2Fv2%2Fcomments&post=635617"}],"version-history":[{"count":2,"href":"https:\/\/diariodominicano.com\/index.php?rest_route=\/wp\/v2\/posts\/635617\/revisions"}],"predecessor-version":[{"id":635698,"href":"https:\/\/diariodominicano.com\/index.php?rest_route=\/wp\/v2\/posts\/635617\/revisions\/635698"}],"wp:featuredmedia":[{"embeddable":true,"href":"https:\/\/diariodominicano.com\/index.php?rest_route=\/wp\/v2\/media\/635671"}],"wp:attachment":[{"href":"https:\/\/diariodominicano.com\/index.php?rest_route=%2Fwp%2Fv2%2Fmedia&parent=635617"}],"wp:term":[{"taxonomy":"category","embeddable":true,"href":"https:\/\/diariodominicano.com\/index.php?rest_route=%2Fwp%2Fv2%2Fcategories&post=635617"},{"taxonomy":"post_tag","embeddable":true,"href":"https:\/\/diariodominicano.com\/index.php?rest_route=%2Fwp%2Fv2%2Ftags&post=635617"}],"curies":[{"name":"wp","href":"https:\/\/api.w.org\/{rel}","templated":true}]}}