{"id":635614,"date":"2025-09-01T16:48:32","date_gmt":"2025-09-01T20:48:32","guid":{"rendered":"https:\/\/diariodominicano.com\/?p=635614"},"modified":"2025-09-01T16:51:00","modified_gmt":"2025-09-01T20:51:00","slug":"inefi-celebra-hazana-de-angel-lara-doble-campeon-panamericano-de-ajedrez-escolar","status":"publish","type":"post","link":"https:\/\/diariodominicano.com\/?p=635614","title":{"rendered":"INEFI celebra haza\u00f1a de \u00c1ngel Lara, doble campe\u00f3n panamericano de ajedrez escolar"},"content":{"rendered":"\n<p>SANTO DOMINGO, R.D.\u2013&nbsp;El director ejecutivo del Instituto Nacional de Educaci\u00f3n F\u00edsica (INEFI), Alberto Rodr\u00edguez Mella, felicit\u00f3 al joven ajedrecista dominicano \u00c1ngel Lara Santos, ganador de dos medallas de oro en el Campeonato Panamericano de Ajedrez Escolar que se celebra en Brasil, con la participaci\u00f3n de atletas de Argentina, Brasil, Chile, Per\u00fa, Paraguay y Estados Unidos.<\/p>\n\n\n\n<p>Rodr\u00edguez Mella destac\u00f3 que Lara Santos, estudiante del Colegio San P\u00edo X, logr\u00f3 imponerse en las modalidades Blitz y R\u00e1pido (U13) del certamen, consolid\u00e1ndose como una de las principales promesas del ajedrez regional.<\/p>\n\n\n\n<figure class=\"wp-block-gallery has-nested-images columns-default is-cropped wp-block-gallery-1 is-layout-flex wp-block-gallery-is-layout-flex\">\n<figure class=\"wp-block-image size-large\"><img loading=\"lazy\" decoding=\"async\" width=\"1024\" height=\"683\" data-id=\"635619\" src=\"https:\/\/diariodominicano.com\/wp-content\/uploads\/2025\/09\/El-nino-dominicano-Angel-Lara-Santos-luego-de-realizar-una-movida-en-el-Campeonato-Panamericano-de-Ajedrez-Escolar-Brasil-202-1024x683.jpeg\" alt=\"\" class=\"wp-image-635619\" srcset=\"https:\/\/diariodominicano.com\/wp-content\/uploads\/2025\/09\/El-nino-dominicano-Angel-Lara-Santos-luego-de-realizar-una-movida-en-el-Campeonato-Panamericano-de-Ajedrez-Escolar-Brasil-202-1024x683.jpeg 1024w, https:\/\/diariodominicano.com\/wp-content\/uploads\/2025\/09\/El-nino-dominicano-Angel-Lara-Santos-luego-de-realizar-una-movida-en-el-Campeonato-Panamericano-de-Ajedrez-Escolar-Brasil-202-300x200.jpeg 300w, https:\/\/diariodominicano.com\/wp-content\/uploads\/2025\/09\/El-nino-dominicano-Angel-Lara-Santos-luego-de-realizar-una-movida-en-el-Campeonato-Panamericano-de-Ajedrez-Escolar-Brasil-202-768x512.jpeg 768w, https:\/\/diariodominicano.com\/wp-content\/uploads\/2025\/09\/El-nino-dominicano-Angel-Lara-Santos-luego-de-realizar-una-movida-en-el-Campeonato-Panamericano-de-Ajedrez-Escolar-Brasil-202-816x544.jpeg 816w, https:\/\/diariodominicano.com\/wp-content\/uploads\/2025\/09\/El-nino-dominicano-Angel-Lara-Santos-luego-de-realizar-una-movida-en-el-Campeonato-Panamericano-de-Ajedrez-Escolar-Brasil-202.jpeg 1280w\" sizes=\"auto, (max-width: 1024px) 100vw, 1024px\" \/><figcaption class=\"wp-element-caption\">El ni\u00f1o dominicano Angel Lara Santos luego de realizar una movida en el Campeonato Panamericano de Ajedrez Escolar Brasil 202 <\/figcaption><\/figure>\n<\/figure>\n\n\n\n<p>El funcionario resalt\u00f3 que el joven talento es fruto de los X Juegos Escolares Deportivos Nacionales Barahona 2023, organizados por INEFI, donde inici\u00f3 su camino competitivo internacional. Desde entonces, la instituci\u00f3n ha acompa\u00f1ado su desarrollo y participaci\u00f3n en diversos eventos.<\/p>\n\n\n\n<p>En un mensaje en redes sociales, Rodr\u00edguez Mella expres\u00f3: \u201c\u00c1ngel Lara, producto del ajedrez de @inefirdoficial, campe\u00f3n de los pasados Juegos Escolares y ahora doble ganador del Panamericano Escolar de Ajedrez, nos levanta hoy con esta buena nueva. Grande \u00c1ngel, con apenas 12 a\u00f1os, orgullo de su Colegio San P\u00edo X, de sus padres y de toda la Rep\u00fablica Dominicana.\u201d<\/p>\n\n\n\n<p>Lara Santos se coron\u00f3 campe\u00f3n de la modalidad Blitz (rel\u00e1mpago), acumulando 7.5 puntos de 9 posibles. En la modalidad R\u00e1pida obtuvo un triunfo perfecto con siete de siete, incluyendo una destacada victoria frente al candidato a maestro paraguayo Enzo Mathias Vinales Gonz\u00e1lez.<\/p>\n\n\n\n<p>Junto a \u00e9l tambi\u00e9n representan al pa\u00eds en Brasil el campe\u00f3n centroamericano y del Caribe Alejandro Mu\u00f1oz (U11), y los hermanos Bruno y Lucas Almonte (U9 y U17), bajo la direcci\u00f3n del maestro internacional Jos\u00e9 Lisandro Mu\u00f1oz, capit\u00e1n de la delegaci\u00f3n.<\/p>\n\n\n\n<p>La Rep\u00fablica Dominicana ya suma tres preseas en el torneo: dos de oro con \u00c1ngel Lara y una de bronce obtenida por Bruno Almonte en la categor\u00eda U9 R\u00e1pida.<\/p>\n\n\n\n<p>El Campeonato Panamericano Escolar de Ajedrez se disputa en las modalidades Blitz, R\u00e1pido y Est\u00e1ndar, bajo el sistema suizo y los reglamentos de la Federaci\u00f3n Internacional de Ajedrez (FIDE).<\/p>\n\n\n\n<p>Prensa INEFI <a href=\"mailto:prensainefi@gmail.com\">prensainefi@gmail.com<\/a><\/p>\n","protected":false},"excerpt":{"rendered":"<p>SANTO DOMINGO, R.D.\u2013&nbsp;El director ejecutivo del Instituto Nacional de Educaci\u00f3n F\u00edsica (INEFI), Alberto Rodr\u00edguez Mella, felicit\u00f3 al joven ajedrecista dominicano \u00c1ngel Lara Santos, ganador de dos medallas de oro en el Campeonato Panamericano de Ajedrez Escolar que se celebra en Brasil, con la participaci\u00f3n de atletas de Argentina, Brasil, Chile, Per\u00fa, Paraguay y Estados Unidos. [&hellip;]<\/p>\n","protected":false},"author":7,"featured_media":635620,"comment_status":"closed","ping_status":"open","sticky":false,"template":"","format":"standard","meta":{"footnotes":""},"categories":[17],"tags":[491],"class_list":["post-635614","post","type-post","status-publish","format-standard","has-post-thumbnail","hentry","category-deportes","tag-inefi"],"_links":{"self":[{"href":"https:\/\/diariodominicano.com\/index.php?rest_route=\/wp\/v2\/posts\/635614","targetHints":{"allow":["GET"]}}],"collection":[{"href":"https:\/\/diariodominicano.com\/index.php?rest_route=\/wp\/v2\/posts"}],"about":[{"href":"https:\/\/diariodominicano.com\/index.php?rest_route=\/wp\/v2\/types\/post"}],"author":[{"embeddable":true,"href":"https:\/\/diariodominicano.com\/index.php?rest_route=\/wp\/v2\/users\/7"}],"replies":[{"embeddable":true,"href":"https:\/\/diariodominicano.com\/index.php?rest_route=%2Fwp%2Fv2%2Fcomments&post=635614"}],"version-history":[{"count":2,"href":"https:\/\/diariodominicano.com\/index.php?rest_route=\/wp\/v2\/posts\/635614\/revisions"}],"predecessor-version":[{"id":635623,"href":"https:\/\/diariodominicano.com\/index.php?rest_route=\/wp\/v2\/posts\/635614\/revisions\/635623"}],"wp:featuredmedia":[{"embeddable":true,"href":"https:\/\/diariodominicano.com\/index.php?rest_route=\/wp\/v2\/media\/635620"}],"wp:attachment":[{"href":"https:\/\/diariodominicano.com\/index.php?rest_route=%2Fwp%2Fv2%2Fmedia&parent=635614"}],"wp:term":[{"taxonomy":"category","embeddable":true,"href":"https:\/\/diariodominicano.com\/index.php?rest_route=%2Fwp%2Fv2%2Fcategories&post=635614"},{"taxonomy":"post_tag","embeddable":true,"href":"https:\/\/diariodominicano.com\/index.php?rest_route=%2Fwp%2Fv2%2Ftags&post=635614"}],"curies":[{"name":"wp","href":"https:\/\/api.w.org\/{rel}","templated":true}]}}