{"id":635605,"date":"2025-09-01T15:53:17","date_gmt":"2025-09-01T19:53:17","guid":{"rendered":"https:\/\/diariodominicano.com\/?p=635605"},"modified":"2025-09-01T15:53:25","modified_gmt":"2025-09-01T19:53:25","slug":"prision-para-dos-de-los-vinculados-al-abuso-sexual-de-una-adolescente-en-san-francisco-de-macoris","status":"publish","type":"post","link":"https:\/\/diariodominicano.com\/?p=635605","title":{"rendered":"Prisi\u00f3n para dos de los vinculados al abuso sexual de una adolescente en San Francisco de Macor\u00eds"},"content":{"rendered":"\n<p><em><u>Las autoridades persiguen a otros tres involucrados en el caso que sigue bajo investigaci\u00f3n<\/u><\/em><\/p>\n\n\n\n<p><strong>SANTO DOMINGO (Rep\u00fablica Dominicana).-<\/strong>&nbsp;Al acoger la solicitud del Ministerio P\u00fablico, un tribunal impuso tres meses de prisi\u00f3n preventiva, como medida de coerci\u00f3n, contra dos hombres que, junto a tres menores de edad, abusaron sexualmente de una adolescente mientras compart\u00edan en la comunidad Pueblo Nuevo, del municipio San Francisco de Macor\u00eds, en la provincia Duarte.<\/p>\n\n\n\n<p>Randy Batista y Brahian Sterlin Liriano, de 18 y 19 a\u00f1os de edad, deber\u00e1n cumplir la prisi\u00f3n en el Centro de Correcci\u00f3n y Rehabilitaci\u00f3n (CCR) Vista al Valle, de San Francisco de Macor\u00eds, por disposici\u00f3n de la Oficina Judicial de Servicios de Atenci\u00f3n Permanente de ese distrito judicial.<\/p>\n\n\n\n<p>Ambos imputados fueron arrestados con orden judicial el pasado 22 de agosto en dicha comunidad por su vinculaci\u00f3n al hecho delictivo perpetrado contra la adolescente de 13 a\u00f1os.<\/p>\n\n\n\n<p>En torno al caso, el expediente indica que ocurri\u00f3 en momentos en que la v\u00edctima y los imputados compart\u00edan el pasado 13 de agosto en la casa de una amiga. En el lugar, adem\u00e1s, se encontraban otras ni\u00f1as y adolescentes de entre 11 y 15 a\u00f1os.<\/p>\n\n\n\n<p>Seg\u00fan la investigaci\u00f3n, los imputados suministraron sustancias narc\u00f3ticas a las j\u00f3venes. Posteriormente, la adolescente agredida perdi\u00f3 el conocimiento, siendo en esas circunstancias que los imputados aprovecharon para cometer el abuso sexual en horas de la madrugada del citado d\u00eda.<\/p>\n\n\n\n<p>Evidencias establecen que cuando la v\u00edctima estaba perdiendo el conocimiento Brahian Sterlin Liriano aprovech\u00f3 para tocarla por todo el cuerpo y que cuando ella despert\u00f3 se encontraba en la casa de \u00e9l y sus cuatro amigos ahora imputados. Producto de los hechos la v\u00edctima tuvo que ser atendida en un hospital de la zona.<\/p>\n\n\n\n<p>La fiscal titular del Distrito Judicial de Duarte, Smaily Rodr\u00edguez, valor\u00f3 la imposici\u00f3n de la medida solicitada por el Ministerio P\u00fablico y dijo que los equipos del Ministerio P\u00fablico contin\u00faan con las pesquisas.<\/p>\n\n\n\n<p>El Ministerio P\u00fablico estuvo representado por el fiscal litigante Kelvin Pimentel en la audiencia en la que la jueza Josefina Nohem\u00ed D\u00edaz Marte impuso la medida privativa de libertad.<\/p>\n\n\n\n<p>El hecho fue denunciado el pasado 13 de agosto, alrededor de las 11:20 de la ma\u00f1ana, ante la Unidad de Atenci\u00f3n Integral a V\u00edctimas de Violencia de G\u00e9nero, Intrafamiliar y Delitos Sexuales del Distrito Judicial de Duarte, que coordina la fiscal Sandra Sierra Dif\u00f3.<\/p>\n\n\n\n<p>El Ministerio P\u00fablico le atribuye la violaci\u00f3n del art\u00edculo 396-C, del C\u00f3digo para la Protecci\u00f3n y los Derechos Fundamentales de los Ni\u00f1os, Ni\u00f1as y Adolescentes (Ley 136-03), que sanciona el abuso sexual.<\/p>\n\n\n\n<p><strong>Direcci\u00f3n General de Comunicaci\u00f3n, Prensa y RRPP<\/strong><\/p>\n\n\n\n<p><strong>Ministerio P\u00fablico RD<\/strong><\/p>\n\n\n\n<p>Comunicaciones PGR <a href=\"mailto:comunicaciones@pgr.gob.do\">comunicaciones@pgr.gob.do<\/a><\/p>\n","protected":false},"excerpt":{"rendered":"<p>Las autoridades persiguen a otros tres involucrados en el caso que sigue bajo investigaci\u00f3n SANTO DOMINGO (Rep\u00fablica Dominicana).-&nbsp;Al acoger la solicitud del Ministerio P\u00fablico, un tribunal impuso tres meses de prisi\u00f3n preventiva, como medida de coerci\u00f3n, contra dos hombres que, junto a tres menores de edad, abusaron sexualmente de una adolescente mientras compart\u00edan en la [&hellip;]<\/p>\n","protected":false},"author":7,"featured_media":334043,"comment_status":"closed","ping_status":"closed","sticky":false,"template":"","format":"standard","meta":{"footnotes":""},"categories":[24],"tags":[171],"class_list":["post-635605","post","type-post","status-publish","format-standard","has-post-thumbnail","hentry","category-justicia-y-derecho","tag-ministerio-publico"],"_links":{"self":[{"href":"https:\/\/diariodominicano.com\/index.php?rest_route=\/wp\/v2\/posts\/635605","targetHints":{"allow":["GET"]}}],"collection":[{"href":"https:\/\/diariodominicano.com\/index.php?rest_route=\/wp\/v2\/posts"}],"about":[{"href":"https:\/\/diariodominicano.com\/index.php?rest_route=\/wp\/v2\/types\/post"}],"author":[{"embeddable":true,"href":"https:\/\/diariodominicano.com\/index.php?rest_route=\/wp\/v2\/users\/7"}],"replies":[{"embeddable":true,"href":"https:\/\/diariodominicano.com\/index.php?rest_route=%2Fwp%2Fv2%2Fcomments&post=635605"}],"version-history":[{"count":1,"href":"https:\/\/diariodominicano.com\/index.php?rest_route=\/wp\/v2\/posts\/635605\/revisions"}],"predecessor-version":[{"id":635610,"href":"https:\/\/diariodominicano.com\/index.php?rest_route=\/wp\/v2\/posts\/635605\/revisions\/635610"}],"wp:featuredmedia":[{"embeddable":true,"href":"https:\/\/diariodominicano.com\/index.php?rest_route=\/wp\/v2\/media\/334043"}],"wp:attachment":[{"href":"https:\/\/diariodominicano.com\/index.php?rest_route=%2Fwp%2Fv2%2Fmedia&parent=635605"}],"wp:term":[{"taxonomy":"category","embeddable":true,"href":"https:\/\/diariodominicano.com\/index.php?rest_route=%2Fwp%2Fv2%2Fcategories&post=635605"},{"taxonomy":"post_tag","embeddable":true,"href":"https:\/\/diariodominicano.com\/index.php?rest_route=%2Fwp%2Fv2%2Ftags&post=635605"}],"curies":[{"name":"wp","href":"https:\/\/api.w.org\/{rel}","templated":true}]}}