{"id":635604,"date":"2025-09-01T15:55:15","date_gmt":"2025-09-01T19:55:15","guid":{"rendered":"https:\/\/diariodominicano.com\/?p=635604"},"modified":"2025-09-01T15:55:18","modified_gmt":"2025-09-01T19:55:18","slug":"privados-de-libertad-y-colaboradores-de-la-dgspc-podran-cursar-estudios-becados-en-la-uteco","status":"publish","type":"post","link":"https:\/\/diariodominicano.com\/?p=635604","title":{"rendered":"Privados de libertad y colaboradores de la DGSPC podr\u00e1n cursar estudios becados en la Uteco"},"content":{"rendered":"\n<p><strong>SANTO DOMINGO (Rep\u00fablica Dominicana).-<\/strong>&nbsp;Los&nbsp; privados de libertad y los colaboradores del sistema penitenciario ser\u00e1n beneficiados con becas para cursar estudios t\u00e9cnicos y superiores, gracias a un convenio firmado por la Direcci\u00f3n General de Servicios Penitenciarios y Correccionales (DGSPC), la Universidad Tecnol\u00f3gica del Cibao Oriental (Uteco) y la Fundaci\u00f3n Mujeres por la Educaci\u00f3n (Funmujer).<\/p>\n\n\n\n<p>El convenio, que tendr\u00e1 una duraci\u00f3n de cuatro a\u00f1os, tiene como objetivo establecer la coordinaci\u00f3n que permitir\u00e1 impartir carreras profesionales y t\u00e9cnicas. En una primera etapa se ofrecer\u00e1n las licenciaturas en Derecho y Comunicaci\u00f3n Social.<\/p>\n\n\n\n<p>Firmaron el acuerdo el director general de la DGSPC, la rectora de Uteco y la presidenta de Funmujer, Roberto Hern\u00e1ndez Basilio, Marylin del Carmen D\u00edaz y Peggy Cabral, quienes ponderaron su importancia.<\/p>\n\n\n\n<p>Hern\u00e1ndez Basilio destac\u00f3 la educaci\u00f3n como la v\u00eda esencial para lograr la verdadera rehabilitaci\u00f3n de los internos. Valor\u00f3 el convenio como parte de las acciones que impulsa su gesti\u00f3n para aprovechar el tiempo de manera productiva. \u201cEs una buena manera de aprovechar el tiempo en prisi\u00f3n, como han hecho algunos que han obtenido t\u00edtulos t\u00e9cnicos y de grado a trav\u00e9s de los programas de capacitaci\u00f3n que ponemos a disposici\u00f3n\u201d, expres\u00f3.<\/p>\n\n\n\n<p>Mientras, la rectora Marylin D\u00edaz P\u00e9rez resalt\u00f3 que los internos tendr\u00e1n acceso a una ense\u00f1anza de calidad, avalada por m\u00e1s de cuarenta a\u00f1os de trayectoria acad\u00e9mica de la Uteco a nivel nacional e internacional.<\/p>\n\n\n\n<p>Se\u00f1al\u00f3 adem\u00e1s que esta alianza contribuir\u00e1 directamente al proceso de rehabilitaci\u00f3n social al ofrecer a los participantes herramientas que faciliten su reinserci\u00f3n.<\/p>\n\n\n\n<p>Sostuvo que \u201ces importante poder ayudar al proceso de rehabilitaci\u00f3n de los privados de libertad a trav\u00e9s de la educaci\u00f3n de la mano de una casa de estudios que tiene m\u00e1s de 43 a\u00f1os de actividad acad\u00e9mica probada a nivel nacional e internacional\u201d.<\/p>\n\n\n\n<p>De su lado, Peggy Cabral expres\u00f3 que trabajar en la educaci\u00f3n de los privados de libertad es una forma de motivar a la juventud a confiar en las posibilidades de superaci\u00f3n. Subray\u00f3 que cada testimonio recibido de quienes logran avanzar gracias a los programas educativos representa una satisfacci\u00f3n y un est\u00edmulo para seguir fortaleciendo estas iniciativas.<\/p>\n\n\n\n<p>\u201cAspiramos a llegar cada d\u00eda a m\u00e1s p\u00fablico, pues las historias que nos llegan hablando de los logros que han alcanzado los beneficiarios de nuestros programas de educaci\u00f3n son gratificantes\u201d, destac\u00f3 Cabral.<\/p>\n\n\n\n<p>La Uteco cubrir\u00e1 los costos de matr\u00edcula, fomentar\u00e1 la investigaci\u00f3n en la poblaci\u00f3n penitenciaria y brindar\u00e1 acceso a recursos acad\u00e9micos, bibliogr\u00e1ficos y digitales. Mientras que la DGSPC ser\u00e1 responsable de garantizar las condiciones de seguridad y de seleccionar a los privados de libertad que cumplan con los requisitos para ingresar a los programas.<\/p>\n\n\n\n<p>La Funmujer, por su parte, asumir\u00e1 los gastos relacionados con los facilitadores, las inscripciones, los trabajos de grado, las graduaciones, el transporte y el material educativo.<\/p>\n\n\n\n<p>La firma de este convenio tambi\u00e9n permitir\u00e1 el acceso de los Centros de Correcci\u00f3n y Rehabilitaci\u00f3n a nivel nacional para que estudiantes de la Uteco puedan realizar trabajos de campo, investigaciones acad\u00e9micas y recorridos programados en dichas instalaciones. Adem\u00e1s, los colaboradores del sistema penitenciario tendr\u00e1n acceso a becas, descuentos, exoneraciones y facilidades de estudio en programas de grado, de cuarto nivel y de educaci\u00f3n continuada.<\/p>\n\n\n\n<p>Con esta iniciativa, las instituciones reafirman su compromiso de trabajar de manera conjunta en la capacitaci\u00f3n de la poblaci\u00f3n penitenciaria, con el objetivo de transformar la cultura penol\u00f3gica en el pa\u00eds y fortalecer los procesos de rehabilitaci\u00f3n social a trav\u00e9s de la educaci\u00f3n.<\/p>\n\n\n\n<p>Los beneficiarios de esta iniciativa son los privados de libertad condenados y con sentencias que hayan adquirido la autoridad de la cosa irrevocablemente juzgada.<\/p>\n\n\n\n<p><strong>Direcci\u00f3n General de Comunicaci\u00f3n, Prensa y RRPP<\/strong><\/p>\n\n\n\n<p><strong>Ministerio P\u00fablico RD<\/strong><\/p>\n\n\n\n<p>Comunicaciones PGR <a href=\"mailto:comunicaciones@pgr.gob.do\">comunicaciones@pgr.gob.do<\/a><\/p>\n","protected":false},"excerpt":{"rendered":"<p>SANTO DOMINGO (Rep\u00fablica Dominicana).-&nbsp;Los&nbsp; privados de libertad y los colaboradores del sistema penitenciario ser\u00e1n beneficiados con becas para cursar estudios t\u00e9cnicos y superiores, gracias a un convenio firmado por la Direcci\u00f3n General de Servicios Penitenciarios y Correccionales (DGSPC), la Universidad Tecnol\u00f3gica del Cibao Oriental (Uteco) y la Fundaci\u00f3n Mujeres por la Educaci\u00f3n (Funmujer). El convenio, [&hellip;]<\/p>\n","protected":false},"author":7,"featured_media":495896,"comment_status":"closed","ping_status":"closed","sticky":false,"template":"","format":"standard","meta":{"footnotes":""},"categories":[24],"tags":[171],"class_list":["post-635604","post","type-post","status-publish","format-standard","has-post-thumbnail","hentry","category-justicia-y-derecho","tag-ministerio-publico"],"_links":{"self":[{"href":"https:\/\/diariodominicano.com\/index.php?rest_route=\/wp\/v2\/posts\/635604","targetHints":{"allow":["GET"]}}],"collection":[{"href":"https:\/\/diariodominicano.com\/index.php?rest_route=\/wp\/v2\/posts"}],"about":[{"href":"https:\/\/diariodominicano.com\/index.php?rest_route=\/wp\/v2\/types\/post"}],"author":[{"embeddable":true,"href":"https:\/\/diariodominicano.com\/index.php?rest_route=\/wp\/v2\/users\/7"}],"replies":[{"embeddable":true,"href":"https:\/\/diariodominicano.com\/index.php?rest_route=%2Fwp%2Fv2%2Fcomments&post=635604"}],"version-history":[{"count":1,"href":"https:\/\/diariodominicano.com\/index.php?rest_route=\/wp\/v2\/posts\/635604\/revisions"}],"predecessor-version":[{"id":635611,"href":"https:\/\/diariodominicano.com\/index.php?rest_route=\/wp\/v2\/posts\/635604\/revisions\/635611"}],"wp:featuredmedia":[{"embeddable":true,"href":"https:\/\/diariodominicano.com\/index.php?rest_route=\/wp\/v2\/media\/495896"}],"wp:attachment":[{"href":"https:\/\/diariodominicano.com\/index.php?rest_route=%2Fwp%2Fv2%2Fmedia&parent=635604"}],"wp:term":[{"taxonomy":"category","embeddable":true,"href":"https:\/\/diariodominicano.com\/index.php?rest_route=%2Fwp%2Fv2%2Fcategories&post=635604"},{"taxonomy":"post_tag","embeddable":true,"href":"https:\/\/diariodominicano.com\/index.php?rest_route=%2Fwp%2Fv2%2Ftags&post=635604"}],"curies":[{"name":"wp","href":"https:\/\/api.w.org\/{rel}","templated":true}]}}