{"id":635408,"date":"2025-08-31T20:34:18","date_gmt":"2025-09-01T00:34:18","guid":{"rendered":"https:\/\/diariodominicano.com\/?p=635408"},"modified":"2025-08-31T21:15:34","modified_gmt":"2025-09-01T01:15:34","slug":"congreso-de-neurointervencion-plantea-ruta-nacional-para-transformar-la-atencion-del-ictus","status":"publish","type":"post","link":"https:\/\/diariodominicano.com\/?p=635408","title":{"rendered":"Congreso de Neurointervenci\u00f3n plantea ruta nacional para transformar la atenci\u00f3n del ictus"},"content":{"rendered":"\n<p>El primero de la izquierda, el pionero de la neurocirug\u00eda en RD, Osvaldo Mart\u00e9 Dur\u00e1n junto a directivos de la Sociedad Dominicana de Neurointervenci\u00f3n y Neurolog\u00eda Vascular (SDNINV), este domingo en la clausura del congreso internacional.<\/p>\n\n\n\n<p><em><strong>\u00bfHacia d\u00f3nde van los 44 casos de ACV diarios en RD? La Sociedad de Neurointervenci\u00f3n propone un \u00abC\u00f3digo Ictus\u00bb para asegurar que los pacientes sean tratados en el lugar adecuado, no en el m\u00e1s cercano.<\/strong><\/em><\/p>\n\n\n\n<p>Diario Dominicano<\/p>\n\n\n\n<p><strong>Punta Cana, RD.-<\/strong>\u00a0El Primer Congreso de Enfermedad Cerebrovascular, celebrado este fin de semana en el Centro de Convenciones Dreams Macao, concluy\u00f3 con un consenso: la Rep\u00fablica Dominicana necesita una ruta nacional de atenci\u00f3n del ictus que unifique protocolos, capacite recursos humanos y garantice el acceso a tratamientos de \u00faltima generaci\u00f3n para todos los pacientes.<\/p>\n\n\n\n<p>Especialistas de Argentina, Espa\u00f1a, Estados Unidos, Puerto Rico y Rep\u00fablica Dominicana coincidieron en que el gran desaf\u00edo no es \u00fanicamente tecnol\u00f3gico, sino log\u00edstico y organizacional. La aplicaci\u00f3n efectiva del \u201cC\u00f3digo Ictus\u201d, que agiliza la respuesta desde la llegada del paciente al hospital, fue uno de los ejes centrales del encuentro, junto a la discusi\u00f3n de nuevas evidencias cient\u00edficas en tromb\u00f3lisis y trombectom\u00eda mec\u00e1nica.<\/p>\n\n\n\n<figure class=\"wp-block-image size-large\"><img loading=\"lazy\" decoding=\"async\" width=\"1024\" height=\"577\" src=\"https:\/\/diariodominicano.com\/wp-content\/uploads\/2025\/08\/El-presidente-de-la-sociedad-Luis-Suazo-se-dirige-a-los-presentes-1024x577.jpg\" alt=\"\" class=\"wp-image-635411\" srcset=\"https:\/\/diariodominicano.com\/wp-content\/uploads\/2025\/08\/El-presidente-de-la-sociedad-Luis-Suazo-se-dirige-a-los-presentes-1024x577.jpg 1024w, https:\/\/diariodominicano.com\/wp-content\/uploads\/2025\/08\/El-presidente-de-la-sociedad-Luis-Suazo-se-dirige-a-los-presentes-300x169.jpg 300w, https:\/\/diariodominicano.com\/wp-content\/uploads\/2025\/08\/El-presidente-de-la-sociedad-Luis-Suazo-se-dirige-a-los-presentes-768x432.jpg 768w, https:\/\/diariodominicano.com\/wp-content\/uploads\/2025\/08\/El-presidente-de-la-sociedad-Luis-Suazo-se-dirige-a-los-presentes-1536x865.jpg 1536w, https:\/\/diariodominicano.com\/wp-content\/uploads\/2025\/08\/El-presidente-de-la-sociedad-Luis-Suazo-se-dirige-a-los-presentes-2048x1153.jpg 2048w, https:\/\/diariodominicano.com\/wp-content\/uploads\/2025\/08\/El-presidente-de-la-sociedad-Luis-Suazo-se-dirige-a-los-presentes-816x459.jpg 816w\" sizes=\"auto, (max-width: 1024px) 100vw, 1024px\" \/><\/figure>\n\n\n\n<p>El presidente de la sociedad, Luis Suazo, se dirige a los presentes.<\/p>\n\n\n\n<p>El presidente de la Sociedad Dominicana de Neurointervenci\u00f3n y Neurolog\u00eda Vascular (SDNINV), doctor Luis Suazo, se\u00f1al\u00f3 que el pa\u00eds debe avanzar hacia una red certificada de unidades de ictus, capaz de recibir y tratar de manera inmediata a los pacientes sin importar su lugar de residencia. \u201cUn ACV no da segundas oportunidades. La \u00fanica opci\u00f3n es actuar r\u00e1pido y con los recursos adecuados\u201d, afirm\u00f3.<\/p>\n\n\n\n<p>Entre los temas de mayor resonancia estuvo la necesidad de estrechar la colaboraci\u00f3n p\u00fablico-privada, tanto para la capacitaci\u00f3n de especialistas como para la creaci\u00f3n de centros con est\u00e1ndares internacionales. En ese sentido, el congreso dej\u00f3 planteada la urgencia de entrenar m\u00e1s neur\u00f3logos en tromb\u00f3lisis y trombectom\u00eda, con talleres pr\u00e1cticos y simulaciones cl\u00ednicas como las que se realizaron durante la jornada.<\/p>\n\n\n\n<figure class=\"wp-block-image size-large\"><img loading=\"lazy\" decoding=\"async\" width=\"1024\" height=\"577\" src=\"https:\/\/diariodominicano.com\/wp-content\/uploads\/2025\/08\/Directivos-de-la-Sociedad-de-Neurointervencion-y-Neurologia-Vascular-1024x577.jpg\" alt=\"\" class=\"wp-image-635413\" srcset=\"https:\/\/diariodominicano.com\/wp-content\/uploads\/2025\/08\/Directivos-de-la-Sociedad-de-Neurointervencion-y-Neurologia-Vascular-1024x577.jpg 1024w, https:\/\/diariodominicano.com\/wp-content\/uploads\/2025\/08\/Directivos-de-la-Sociedad-de-Neurointervencion-y-Neurologia-Vascular-300x169.jpg 300w, https:\/\/diariodominicano.com\/wp-content\/uploads\/2025\/08\/Directivos-de-la-Sociedad-de-Neurointervencion-y-Neurologia-Vascular-768x432.jpg 768w, https:\/\/diariodominicano.com\/wp-content\/uploads\/2025\/08\/Directivos-de-la-Sociedad-de-Neurointervencion-y-Neurologia-Vascular-1536x865.jpg 1536w, https:\/\/diariodominicano.com\/wp-content\/uploads\/2025\/08\/Directivos-de-la-Sociedad-de-Neurointervencion-y-Neurologia-Vascular-2048x1153.jpg 2048w, https:\/\/diariodominicano.com\/wp-content\/uploads\/2025\/08\/Directivos-de-la-Sociedad-de-Neurointervencion-y-Neurologia-Vascular-816x459.jpg 816w\" sizes=\"auto, (max-width: 1024px) 100vw, 1024px\" \/><\/figure>\n\n\n\n<p>Directivos de la Sociedad Dominicana de Neurointervenci\u00f3n y Neurolog\u00eda Vascular (SDNINV).<\/p>\n\n\n\n<p>El encuentro tambi\u00e9n se distingui\u00f3 por su mirada integral: se analizaron complicaciones poco discutidas como la enfermedad cerebrovascular en el embarazo y el posparto, as\u00ed como innovaciones en el tratamiento de aneurismas y estenosis carot\u00eddeas. La presentaci\u00f3n de casos locales en formato de p\u00f3ster permiti\u00f3 dimensionar las fortalezas y carencias del sistema dominicano, y sirvi\u00f3 de punto de partida para medir avances en los pr\u00f3ximos a\u00f1os.<\/p>\n\n\n\n<figure class=\"wp-block-image size-large\"><img loading=\"lazy\" decoding=\"async\" width=\"1024\" height=\"368\" src=\"https:\/\/diariodominicano.com\/wp-content\/uploads\/2025\/08\/Directivos-de-la-sociedad-junto-a-expositores-y-participantes-del-congreso-2-1024x368.jpg\" alt=\"\" class=\"wp-image-635416\" srcset=\"https:\/\/diariodominicano.com\/wp-content\/uploads\/2025\/08\/Directivos-de-la-sociedad-junto-a-expositores-y-participantes-del-congreso-2-1024x368.jpg 1024w, https:\/\/diariodominicano.com\/wp-content\/uploads\/2025\/08\/Directivos-de-la-sociedad-junto-a-expositores-y-participantes-del-congreso-2-300x108.jpg 300w, https:\/\/diariodominicano.com\/wp-content\/uploads\/2025\/08\/Directivos-de-la-sociedad-junto-a-expositores-y-participantes-del-congreso-2-768x276.jpg 768w, https:\/\/diariodominicano.com\/wp-content\/uploads\/2025\/08\/Directivos-de-la-sociedad-junto-a-expositores-y-participantes-del-congreso-2-1536x551.jpg 1536w, https:\/\/diariodominicano.com\/wp-content\/uploads\/2025\/08\/Directivos-de-la-sociedad-junto-a-expositores-y-participantes-del-congreso-2-2048x735.jpg 2048w, https:\/\/diariodominicano.com\/wp-content\/uploads\/2025\/08\/Directivos-de-la-sociedad-junto-a-expositores-y-participantes-del-congreso-2-816x293.jpg 816w\" sizes=\"auto, (max-width: 1024px) 100vw, 1024px\" \/><\/figure>\n\n\n\n<p>En un momento de gran emotividad, los asistentes rindieron homenaje al doctor Osvaldo Mart\u00e9 Dur\u00e1n, pionero de la neurocirug\u00eda en el pa\u00eds, cuya trayectoria fue reconocida como base de la escuela dominicana de neurointervenci\u00f3n.<\/p>\n\n\n\n<p>El congreso cerr\u00f3 con un compromiso compartido: hacer del tiempo un aliado y no un enemigo en la atenci\u00f3n del ictus. \u201cCada minuto sin tratamiento son neuronas que se pierden; cada acci\u00f3n coordinada es una vida que se salva\u201d, subrayaron los organizadores.<\/p>\n\n\n\n<p><strong>Foto 2:<\/strong><\/p>\n\n\n\n<p>La neurocirujana argentina, Victoria Marquevich, expone en el Primer Congreso de Enfermedad Cerebrovascular.<\/p>\n\n\n\n<p>Enver L\u00f3pez Milander<\/p>\n\n\n\n<p>Email:&nbsp;<a href=\"mailto:enverolm@gmail.com\" target=\"_blank\" rel=\"noreferrer noopener\">enverolm@gmail.com<\/a><\/p>\n\n\n\n<p>#Congreso de Neurointervenci\u00f3n\u2003\u2003\u2003#Osvaldo Mart\u00e9 Dur\u00e1n\u2003\u2003 #Luis Suazo<\/p>\n","protected":false},"excerpt":{"rendered":"<p>El primero de la izquierda, el pionero de la neurocirug\u00eda en RD, Osvaldo Mart\u00e9 Dur\u00e1n junto a directivos de la Sociedad Dominicana de Neurointervenci\u00f3n y Neurolog\u00eda Vascular (SDNINV), este domingo en la clausura del congreso internacional. \u00bfHacia d\u00f3nde van los 44 casos de ACV diarios en RD? La Sociedad de Neurointervenci\u00f3n propone un \u00abC\u00f3digo Ictus\u00bb [&hellip;]<\/p>\n","protected":false},"author":2,"featured_media":635409,"comment_status":"closed","ping_status":"closed","sticky":false,"template":"","format":"standard","meta":{"footnotes":""},"categories":[36,20,27],"tags":[],"class_list":["post-635408","post","type-post","status-publish","format-standard","has-post-thumbnail","hentry","category-hombresmujeresycosas","category-dominicana-hoy","category-portada"],"_links":{"self":[{"href":"https:\/\/diariodominicano.com\/index.php?rest_route=\/wp\/v2\/posts\/635408","targetHints":{"allow":["GET"]}}],"collection":[{"href":"https:\/\/diariodominicano.com\/index.php?rest_route=\/wp\/v2\/posts"}],"about":[{"href":"https:\/\/diariodominicano.com\/index.php?rest_route=\/wp\/v2\/types\/post"}],"author":[{"embeddable":true,"href":"https:\/\/diariodominicano.com\/index.php?rest_route=\/wp\/v2\/users\/2"}],"replies":[{"embeddable":true,"href":"https:\/\/diariodominicano.com\/index.php?rest_route=%2Fwp%2Fv2%2Fcomments&post=635408"}],"version-history":[{"count":6,"href":"https:\/\/diariodominicano.com\/index.php?rest_route=\/wp\/v2\/posts\/635408\/revisions"}],"predecessor-version":[{"id":635462,"href":"https:\/\/diariodominicano.com\/index.php?rest_route=\/wp\/v2\/posts\/635408\/revisions\/635462"}],"wp:featuredmedia":[{"embeddable":true,"href":"https:\/\/diariodominicano.com\/index.php?rest_route=\/wp\/v2\/media\/635409"}],"wp:attachment":[{"href":"https:\/\/diariodominicano.com\/index.php?rest_route=%2Fwp%2Fv2%2Fmedia&parent=635408"}],"wp:term":[{"taxonomy":"category","embeddable":true,"href":"https:\/\/diariodominicano.com\/index.php?rest_route=%2Fwp%2Fv2%2Fcategories&post=635408"},{"taxonomy":"post_tag","embeddable":true,"href":"https:\/\/diariodominicano.com\/index.php?rest_route=%2Fwp%2Fv2%2Ftags&post=635408"}],"curies":[{"name":"wp","href":"https:\/\/api.w.org\/{rel}","templated":true}]}}