{"id":635241,"date":"2025-08-30T18:58:43","date_gmt":"2025-08-30T22:58:43","guid":{"rendered":"https:\/\/diariodominicano.com\/?p=635241"},"modified":"2025-08-30T19:12:33","modified_gmt":"2025-08-30T23:12:33","slug":"intec-recibe-por-tercer-ano-consecutivo-el-galardon-a-la-innovacion-academica-en-premiacion-de-proindustria","status":"publish","type":"post","link":"https:\/\/diariodominicano.com\/?p=635241","title":{"rendered":"INTEC recibe, por tercer a\u00f1o consecutivo, el galard\u00f3n a la Innovaci\u00f3n Acad\u00e9mica en premiaci\u00f3n de Proindustria"},"content":{"rendered":"\n<p>El vicerrector Acad\u00e9mico del INTEC, Arturo del Villar, recibe el galard\u00f3n otorgado a la universidad.<\/p>\n\n\n\n<p><em>La universidad recibe el <\/em><em>Reconocimiento por sus destacados aportes a la industria desde el \u00e1mbito de la formaci\u00f3n e investigaci\u00f3n<\/em><\/p>\n\n\n\n<p>SANTO DOMINGO, RD. \u2013 El Instituto Tecnol\u00f3gico de Santo Domingo (INTEC) recibi\u00f3 el premio a la&nbsp;<em>Innovaci\u00f3n Acad\u00e9mica<\/em>&nbsp;durante la tercera edici\u00f3n del \u201cReconocimiento a la Innovaci\u00f3n Industrial Manufacturera 2025\u201d, organizado por el Centro de Desarrollo y Competitividad Industrial (Proindustria).<\/p>\n\n\n\n<p>El galard\u00f3n resalta el compromiso del INTEC con la investigaci\u00f3n aplicada y su estrecha vinculaci\u00f3n con el sector productivo, aportando conocimiento y soluciones que impulsan la competitividad y el desarrollo sostenible del pa\u00eds. A trav\u00e9s de proyectos acad\u00e9micos como Learning Factory y Dise\u00f1a con la Industria.<\/p>\n\n\n\n<p>La ceremonia reuni\u00f3 a l\u00edderes empresariales, representantes gubernamentales y del \u00e1mbito acad\u00e9mico, quienes celebraron los avances de la industria dominicana en materia de innovaci\u00f3n. El vicerrector acad\u00e9mico de la universidad, Arturo Del Villar, recibi\u00f3 el galard\u00f3n durante la ceremonia.<\/p>\n\n\n\n<p>Este es el tercer a\u00f1o consecutivo en que INTEC recibe el premio a la&nbsp;<em>Innovaci\u00f3n Acad\u00e9mica<\/em>, y es que, con el proceso de investigaci\u00f3n aplicada, la universidad es un actor estrat\u00e9gico en la construcci\u00f3n de un ecosistema de innovaci\u00f3n nacional, donde la investigaci\u00f3n cient\u00edfica y tecnol\u00f3gica se traduce en aportes tangibles para la industria y la sociedad.<\/p>\n\n\n\n<p>El Premio de Innovaci\u00f3n Acad\u00e9mica reconoci\u00f3 las diversas inversiones aplicadas que realiza la universidad, generando conocimiento en beneficio de los sectores productivos y en temas de inter\u00e9s nacional; el programa \u201cDise\u00f1a con la Industria\u201d, una iniciativa emblem\u00e1tica de la universidad mediante la cual estudiantes de la carrera de Dise\u00f1o Industrial desarrollan soluciones tangibles a retos del sistema productivo. Adem\u00e1s de Learning Factory, una iniciativa pionera en que estudiantes trabajan de la mano con empresas para buscar soluciones creativas a los problemas que enfrentan.<\/p>\n\n\n\n<p>Rafael Cruz Rodr\u00edguez, director de Proindustria, destac\u00f3 que la innovaci\u00f3n es \u201cel motor para transformar los desaf\u00edos y consolidar la industria nacional\u201d, al tiempo que reafirm\u00f3 el compromiso de la instituci\u00f3n de seguir promoviendo el surgimiento de nuevas ideas y la adopci\u00f3n de tecnolog\u00edas en el sector productivo.<\/p>\n\n\n\n<p>Por su parte, Eddy Olivares, ministro de Trabajo, subray\u00f3 la importancia de iniciativas como esta premiaci\u00f3n para fortalecer el mercado laboral dominicano. \u201cLa formalidad es el primer paso hacia la dignidad laboral, y la innovaci\u00f3n genera empleos sostenidos al crear valor agregado\u201d, expres\u00f3.<\/p>\n\n\n\n<p>En esta edici\u00f3n se reconocieron 23 empresas en distintas categor\u00edas, incluyendo innovaci\u00f3n en producto, proceso y marketing, as\u00ed como la Excelencia a la Innovaci\u00f3n Industrial para compa\u00f1\u00edas de diferentes tama\u00f1os. Tambi\u00e9n se otorgaron distinciones a las Zonas Francas administradas por Proindustria y al respaldo financiero de entidades bancarias como Banco Popular, Banco BHD y Banco de Reservas.<\/p>\n\n\n\n<p>Cynthia Abreu &#8211; INTEC<\/p>\n\n\n\n<p><a target=\"_blank\" href=\"mailto:cynthia.abreu@intec.edu.do\" rel=\"noreferrer noopener\">cynthia.abreu@intec.edu.do<\/a><\/p>\n\n\n\n<p><strong>Cynthia Abreu<\/strong><\/p>\n\n\n\n<p>Coordinadora de Difusi\u00f3n y Prensa &#8211; Direcci\u00f3n de Comunicaci\u00f3n Institucional<\/p>\n\n\n\n<p><strong>Instituto Tecnol\u00f3gico de Santo Domingo \u2022\u00a0 INTEC\u00a0<\/strong>\u00a0<\/p>\n\n\n\n<p>#INTEC<\/p>\n","protected":false},"excerpt":{"rendered":"<p>El vicerrector Acad\u00e9mico del INTEC, Arturo del Villar, recibe el galard\u00f3n otorgado a la universidad. La universidad recibe el Reconocimiento por sus destacados aportes a la industria desde el \u00e1mbito de la formaci\u00f3n e investigaci\u00f3n SANTO DOMINGO, RD. \u2013 El Instituto Tecnol\u00f3gico de Santo Domingo (INTEC) recibi\u00f3 el premio a la&nbsp;Innovaci\u00f3n Acad\u00e9mica&nbsp;durante la tercera edici\u00f3n [&hellip;]<\/p>\n","protected":false},"author":2,"featured_media":635242,"comment_status":"closed","ping_status":"closed","sticky":false,"template":"","format":"standard","meta":{"footnotes":""},"categories":[36,20,27],"tags":[],"class_list":["post-635241","post","type-post","status-publish","format-standard","has-post-thumbnail","hentry","category-hombresmujeresycosas","category-dominicana-hoy","category-portada"],"_links":{"self":[{"href":"https:\/\/diariodominicano.com\/index.php?rest_route=\/wp\/v2\/posts\/635241","targetHints":{"allow":["GET"]}}],"collection":[{"href":"https:\/\/diariodominicano.com\/index.php?rest_route=\/wp\/v2\/posts"}],"about":[{"href":"https:\/\/diariodominicano.com\/index.php?rest_route=\/wp\/v2\/types\/post"}],"author":[{"embeddable":true,"href":"https:\/\/diariodominicano.com\/index.php?rest_route=\/wp\/v2\/users\/2"}],"replies":[{"embeddable":true,"href":"https:\/\/diariodominicano.com\/index.php?rest_route=%2Fwp%2Fv2%2Fcomments&post=635241"}],"version-history":[{"count":2,"href":"https:\/\/diariodominicano.com\/index.php?rest_route=\/wp\/v2\/posts\/635241\/revisions"}],"predecessor-version":[{"id":635256,"href":"https:\/\/diariodominicano.com\/index.php?rest_route=\/wp\/v2\/posts\/635241\/revisions\/635256"}],"wp:featuredmedia":[{"embeddable":true,"href":"https:\/\/diariodominicano.com\/index.php?rest_route=\/wp\/v2\/media\/635242"}],"wp:attachment":[{"href":"https:\/\/diariodominicano.com\/index.php?rest_route=%2Fwp%2Fv2%2Fmedia&parent=635241"}],"wp:term":[{"taxonomy":"category","embeddable":true,"href":"https:\/\/diariodominicano.com\/index.php?rest_route=%2Fwp%2Fv2%2Fcategories&post=635241"},{"taxonomy":"post_tag","embeddable":true,"href":"https:\/\/diariodominicano.com\/index.php?rest_route=%2Fwp%2Fv2%2Ftags&post=635241"}],"curies":[{"name":"wp","href":"https:\/\/api.w.org\/{rel}","templated":true}]}}