{"id":635222,"date":"2025-08-30T18:29:53","date_gmt":"2025-08-30T22:29:53","guid":{"rendered":"https:\/\/diariodominicano.com\/?p=635222"},"modified":"2025-08-30T18:41:36","modified_gmt":"2025-08-30T22:41:36","slug":"buscan-crear-una-red-de-ictus-para-combatir-la-enfermedad-cerebrovascular","status":"publish","type":"post","link":"https:\/\/diariodominicano.com\/?p=635222","title":{"rendered":"Buscan crear una \u00abred de ictus\u00bb para combatir la enfermedad cerebrovascular"},"content":{"rendered":"\n<p>Directivos de la sociedad, expositores y participantes del congreso internacional.<\/p>\n\n\n\n<p><em><strong>De acuerdo con la Sociedad Dominicana de Neurointervenci\u00f3n y Neurolog\u00eda Vascular (SDNINV), pocos centros de salud en el pa\u00eds cuentan con el personal capacitado y los recursos necesarios para realizar tratamientos como la trombectom\u00eda y la trombolisis.<\/strong><\/em><\/p>\n\n\n\n<figure class=\"wp-block-image size-large\"><img loading=\"lazy\" decoding=\"async\" width=\"1024\" height=\"577\" src=\"https:\/\/diariodominicano.com\/wp-content\/uploads\/2025\/08\/Luis-Suazo-entrega-un-reconocimiento-a-Osvaldo-Marte-Duran-1024x577.jpg\" alt=\"\" class=\"wp-image-635225\" srcset=\"https:\/\/diariodominicano.com\/wp-content\/uploads\/2025\/08\/Luis-Suazo-entrega-un-reconocimiento-a-Osvaldo-Marte-Duran-1024x577.jpg 1024w, https:\/\/diariodominicano.com\/wp-content\/uploads\/2025\/08\/Luis-Suazo-entrega-un-reconocimiento-a-Osvaldo-Marte-Duran-300x169.jpg 300w, https:\/\/diariodominicano.com\/wp-content\/uploads\/2025\/08\/Luis-Suazo-entrega-un-reconocimiento-a-Osvaldo-Marte-Duran-768x432.jpg 768w, https:\/\/diariodominicano.com\/wp-content\/uploads\/2025\/08\/Luis-Suazo-entrega-un-reconocimiento-a-Osvaldo-Marte-Duran-1536x865.jpg 1536w, https:\/\/diariodominicano.com\/wp-content\/uploads\/2025\/08\/Luis-Suazo-entrega-un-reconocimiento-a-Osvaldo-Marte-Duran-2048x1153.jpg 2048w, https:\/\/diariodominicano.com\/wp-content\/uploads\/2025\/08\/Luis-Suazo-entrega-un-reconocimiento-a-Osvaldo-Marte-Duran-816x459.jpg 816w\" sizes=\"auto, (max-width: 1024px) 100vw, 1024px\" \/><\/figure>\n\n\n\n<p>El presidente de la sociedad, Luis Suazo, entrega un reconocimiento a Osvaldo Mart\u00e9 Dur\u00e1n, \u00abcomo leyenda viviente de la neurocirug\u00eda dominicana\u00bb y fundador de una de las escuelas de neurocirug\u00eda m\u00e1s prol\u00edficas del pa\u00eds.<\/p>\n\n\n\n<p><em><strong>La entidad sostuvo que la colaboraci\u00f3n entre los sectores p\u00fablico y privado es crucial para mejorar esta situaci\u00f3n, ya que actualmente no hay centros de salud p\u00fablicos certificados en el manejo de ACV.<\/strong><\/em><\/p>\n\n\n\n<p><strong>Punta Cana, RD.-<\/strong>&nbsp;La Sociedad Dominicana de Neurointervenci\u00f3n y Neurolog\u00eda Vascular (SDNINV) est\u00e1 promoviendo la creaci\u00f3n de una \u00abred de ictus\u00bb para estandarizar la atenci\u00f3n a pacientes con enfermedad cerebrovascular (ACV) y garantizar un acceso equitativo a los tratamientos agudos.<\/p>\n\n\n\n<p>Este es uno de los temas centrales del primer Congreso de Enfermedad Cerebro Vascular que se est\u00e1 tratando hoy s\u00e1bado en Centro de Convenciones Dreams Macao, donde el presidente de la sociedad, doctor Luis Suazo, destac\u00f3 los retos de infraestructura y log\u00edstica que enfrenta el sistema de salud del pa\u00eds.<\/p>\n\n\n\n<figure class=\"wp-block-image size-large\"><img loading=\"lazy\" decoding=\"async\" width=\"1024\" height=\"577\" src=\"https:\/\/diariodominicano.com\/wp-content\/uploads\/2025\/08\/Un-aspecto-de-este-sabado-del-primer-Congreso-de-Enfermedad-Cerebro-Vascular-1024x577.jpg\" alt=\"\" class=\"wp-image-635229\" srcset=\"https:\/\/diariodominicano.com\/wp-content\/uploads\/2025\/08\/Un-aspecto-de-este-sabado-del-primer-Congreso-de-Enfermedad-Cerebro-Vascular-1024x577.jpg 1024w, https:\/\/diariodominicano.com\/wp-content\/uploads\/2025\/08\/Un-aspecto-de-este-sabado-del-primer-Congreso-de-Enfermedad-Cerebro-Vascular-300x169.jpg 300w, https:\/\/diariodominicano.com\/wp-content\/uploads\/2025\/08\/Un-aspecto-de-este-sabado-del-primer-Congreso-de-Enfermedad-Cerebro-Vascular-768x432.jpg 768w, https:\/\/diariodominicano.com\/wp-content\/uploads\/2025\/08\/Un-aspecto-de-este-sabado-del-primer-Congreso-de-Enfermedad-Cerebro-Vascular-1536x865.jpg 1536w, https:\/\/diariodominicano.com\/wp-content\/uploads\/2025\/08\/Un-aspecto-de-este-sabado-del-primer-Congreso-de-Enfermedad-Cerebro-Vascular-2048x1153.jpg 2048w, https:\/\/diariodominicano.com\/wp-content\/uploads\/2025\/08\/Un-aspecto-de-este-sabado-del-primer-Congreso-de-Enfermedad-Cerebro-Vascular-816x459.jpg 816w\" sizes=\"auto, (max-width: 1024px) 100vw, 1024px\" \/><\/figure>\n\n\n\n<p>Un aspecto de este s\u00e1bado del primer Congreso de Enfermedad Cerebro Vascular, en el Centro de Convenciones Dreams Macao, en Punta Cana.<\/p>\n\n\n\n<p>Seg\u00fan el galeno el objetivo es que los pacientes sean tratados en centros con una unidad de ictus certificada, en lugar de ser llevados al lugar m\u00e1s cercano, ya que \u00abel tiempo es cerebro\u00bb y cada minuto perdido causa la muerte de millones de neuronas.<\/p>\n\n\n\n<p>Suazo indic\u00f3 que pocos centros de salud en el pa\u00eds cuentan con el personal capacitado y los recursos necesarios para realizar tratamientos como la trombectom\u00eda y la tromb\u00f3lisis. La colaboraci\u00f3n entre los sectores p\u00fablico y privado es crucial para mejorar esta situaci\u00f3n, ya que actualmente no hay centros de salud p\u00fablicos certificados en el manejo de ACV.<\/p>\n\n\n\n<p>En cuanto a la conciencia p\u00fablica, se\u00f1al\u00f3 que ha mejorado en las \u00faltimas d\u00e9cadas, y la poblaci\u00f3n es ahora m\u00e1s consciente de los signos y s\u00edntomas tempranos de un ACV y que, para reforzar esta educaci\u00f3n, la SDNINV, en colaboraci\u00f3n con la Fundaci\u00f3n de Lucha contra el Accidente Cerebrovascular (FUNDACE), organiza charlas, caminatas y campa\u00f1as en redes sociales.<\/p>\n\n\n\n<p>Durante el congreso se presentar\u00e1 el \u00abC\u00f3digo Ictus\u00bb, un grupo de acciones dise\u00f1adas para agilizar la atenci\u00f3n de los pacientes que llegan al hospital, garantizando un diagn\u00f3stico y tratamiento r\u00e1pidos para minimizar las secuelas y salvar vidas.<\/p>\n\n\n\n<p>Suazo precis\u00f3 que este modelo, junto con la estandarizaci\u00f3n de la atenci\u00f3n, busca superar los desaf\u00edos administrativos y de personal para asegurar que todos los pacientes, sin importar su condici\u00f3n econ\u00f3mica, tengan acceso a una atenci\u00f3n de calidad.<\/p>\n\n\n\n<p>Adem\u00e1s, el evento incluye un homenaje al doctor Osvaldo Mart\u00e9 Dur\u00e1n, una \u00ableyenda viviente de la neurocirug\u00eda dominicana\u00bb y fundador de una de las escuelas de neurocirug\u00eda m\u00e1s prol\u00edficas del pa\u00eds. Suazo lo describi\u00f3 como un \u00edcono cuya trayectoria ha sido fundamental para impulsar la neurocirug\u00eda y la atenci\u00f3n del ictus en el pa\u00eds.<\/p>\n\n\n\n<p>Enver L\u00f3pez Milander<\/p>\n\n\n\n<p>Email:&nbsp;<a href=\"mailto:enverolm@gmail.com\" target=\"_blank\" rel=\"noreferrer noopener\">enverolm@gmail.com<\/a><\/p>\n\n\n\n<p>#red de ictus\u2003\u2003\u2003\u2003\u2003\u2002#doctor Osvaldo Mart\u00e9 Dur\u00e1n<\/p>\n","protected":false},"excerpt":{"rendered":"<p>Directivos de la sociedad, expositores y participantes del congreso internacional. De acuerdo con la Sociedad Dominicana de Neurointervenci\u00f3n y Neurolog\u00eda Vascular (SDNINV), pocos centros de salud en el pa\u00eds cuentan con el personal capacitado y los recursos necesarios para realizar tratamientos como la trombectom\u00eda y la trombolisis. El presidente de la sociedad, Luis Suazo, entrega [&hellip;]<\/p>\n","protected":false},"author":2,"featured_media":635233,"comment_status":"closed","ping_status":"closed","sticky":false,"template":"","format":"standard","meta":{"footnotes":""},"categories":[36,20,27],"tags":[],"class_list":["post-635222","post","type-post","status-publish","format-standard","has-post-thumbnail","hentry","category-hombresmujeresycosas","category-dominicana-hoy","category-portada"],"_links":{"self":[{"href":"https:\/\/diariodominicano.com\/index.php?rest_route=\/wp\/v2\/posts\/635222","targetHints":{"allow":["GET"]}}],"collection":[{"href":"https:\/\/diariodominicano.com\/index.php?rest_route=\/wp\/v2\/posts"}],"about":[{"href":"https:\/\/diariodominicano.com\/index.php?rest_route=\/wp\/v2\/types\/post"}],"author":[{"embeddable":true,"href":"https:\/\/diariodominicano.com\/index.php?rest_route=\/wp\/v2\/users\/2"}],"replies":[{"embeddable":true,"href":"https:\/\/diariodominicano.com\/index.php?rest_route=%2Fwp%2Fv2%2Fcomments&post=635222"}],"version-history":[{"count":5,"href":"https:\/\/diariodominicano.com\/index.php?rest_route=\/wp\/v2\/posts\/635222\/revisions"}],"predecessor-version":[{"id":635235,"href":"https:\/\/diariodominicano.com\/index.php?rest_route=\/wp\/v2\/posts\/635222\/revisions\/635235"}],"wp:featuredmedia":[{"embeddable":true,"href":"https:\/\/diariodominicano.com\/index.php?rest_route=\/wp\/v2\/media\/635233"}],"wp:attachment":[{"href":"https:\/\/diariodominicano.com\/index.php?rest_route=%2Fwp%2Fv2%2Fmedia&parent=635222"}],"wp:term":[{"taxonomy":"category","embeddable":true,"href":"https:\/\/diariodominicano.com\/index.php?rest_route=%2Fwp%2Fv2%2Fcategories&post=635222"},{"taxonomy":"post_tag","embeddable":true,"href":"https:\/\/diariodominicano.com\/index.php?rest_route=%2Fwp%2Fv2%2Ftags&post=635222"}],"curies":[{"name":"wp","href":"https:\/\/api.w.org\/{rel}","templated":true}]}}