{"id":635024,"date":"2025-08-30T01:55:15","date_gmt":"2025-08-30T05:55:15","guid":{"rendered":"https:\/\/diariodominicano.com\/?p=635024"},"modified":"2025-08-30T01:55:18","modified_gmt":"2025-08-30T05:55:18","slug":"el-mp-espera-se-imponga-prision-preventiva-a-cabecillas-de-red-desmantelada-con-operacion-discovery-3-0","status":"publish","type":"post","link":"https:\/\/diariodominicano.com\/?p=635024","title":{"rendered":"El MP espera se imponga prisi\u00f3n preventiva a cabecillas de red desmantelada con Operaci\u00f3n Discovery 3.0"},"content":{"rendered":"\n<p><em><u>Jueza se reserva fallo para el pr\u00f3ximo 5 de septiembre a las 2:00 de la tarde<\/u><\/em><\/p>\n\n\n\n<p><strong>SANTO DOMINGO (Rep\u00fablica Dominicana).-<\/strong>&nbsp;Luego del cierre de los debates en la audiencia para el conocimiento de la medida de coerci\u00f3n a los imputados arrestados en el transcurso de las investigaciones de la Operaci\u00f3n Discovery 3.0, el Ministerio P\u00fablico dijo esperar que se imponga la prisi\u00f3n preventiva por 18 meses solicitada contra los cabecillas de la red Jes\u00fas Manuel Casta\u00f1os Col\u00f3n y Bernardo Taveras V\u00e9lez.<\/p>\n\n\n\n<p>Los fiscales litigantes Claudio Cordero, de la Procuradur\u00eda Especializada Antilavado de Activos y Financiamiento del Terrorismo, y Reina Jim\u00e9nez y Elvin Ventura, del Ministerio P\u00fablico de Santiago, formularon la solicitud ante la jueza Yiberty Polanco Herran, de la Oficina Judicial de Servicios de Atenci\u00f3n Permanente de Santiago, quien fij\u00f3 la audiencia donde dar\u00e1 a conocer el fallo para el pr\u00f3ximo 5 de septiembre, a partir de las 2:00 de la tarde.<\/p>\n\n\n\n<p>Contra los imputados Jes\u00fas Manuel Casta\u00f1os Col\u00f3n y Bernardo Taveras V\u00e9lez, quienes encabezaban la red junto a Kelvin Bladimir V\u00e1squez Santana, el Ministerio P\u00fablico mantiene la solicitud de 18 meses de prisi\u00f3n preventiva.<\/p>\n\n\n\n<p>El Ministerio P\u00fablico indic\u00f3 que en su pedimento al tribunal este viernes vari\u00f3 la solicitud de prisi\u00f3n preventiva inicial por prisi\u00f3n domiciliaria respecto de los imputados Juan Luis Naranjo G\u00f3mez, Adderly Antonio Polanco B\u00e1ez, Jos\u00e9 Ram\u00f3n L\u00f3pez Tav\u00e1rez y Luis Eduardo M\u00e9ndez Ure\u00f1a. De igual manera, detall\u00f3 que en cuanto a Gipsy Pamela Casta\u00f1os Garc\u00eda, solicit\u00f3 una garant\u00eda econ\u00f3mica, presentaci\u00f3n peri\u00f3dica e impedimento de salida.<\/p>\n\n\n\n<p>Con relaci\u00f3n a la variaci\u00f3n de la medida solicitada al inicio contra esos procesados, explic\u00f3 que se debe a que admitieron su participaci\u00f3n, reconociendo y estableciendo la informaci\u00f3n de terceras personas, adem\u00e1s de que est\u00e1n colaborando con el Ministerio P\u00fablico.<\/p>\n\n\n\n<p>El \u00f3rgano persecutor record\u00f3 que por su vinculaci\u00f3n a la red tambi\u00e9n fue arrestada y sometida a la justicia Yliana Mar\u00eda Cruz Garc\u00eda, quien fung\u00eda de testaferra de su pareja sentimental Oscar Manuel Casta\u00f1os Garc\u00eda reclamado en extradici\u00f3n por Estados Unidos.<\/p>\n\n\n\n<p>La jueza Elizabeth Alcal\u00e1 Valencia, de la Oficina Judicial de Servicios de Atenci\u00f3n Permanente del Distrito Judicial de Santiago, la tarde de este viernes aplaz\u00f3 el conocimiento de la audiencia de medida de coerci\u00f3n seguida contra Kelvin Bladimir V\u00e1squez Santana e Yliana Mar\u00eda Cruz Garc\u00eda, para el 2 de septiembre de 2025, a las 9:00 de la ma\u00f1ana, a los fines de que les notifiquen a los abogados de V\u00e1squez Santana los presupuestos y est\u00e9 presente el abogado de Cruz Garc\u00eda.<\/p>\n\n\n\n<p>El grupo criminal utilizaba plataformas digitales para cometer delitos como fraude inform\u00e1tico, robo de datos personales, suplantaci\u00f3n de identidad y lavado de dinero en perjuicio de ciudadanos de los Estados Unidos en edad de retiro.<\/p>\n\n\n\n<p>En medio de la Operaci\u00f3n Discovery 3.0 tambi\u00e9n fueron arrestados Oscar Manuel Casta\u00f1os Garc\u00eda, Joel Jos\u00e9 Cruz Rodr\u00edguez (Paflow o Pa Flow, Joel Cruz Rodr\u00edguez o Joel Cruz Hermano), Joel Francisco Mathilda Le\u00f3n y Edward Jos\u00e9 Puello (Edward Puello), quienes, durante una audiencia en la Suprema Corte de Justicia, aceptaron voluntariamente su extradici\u00f3n a los Estados Unidos, donde enfrentar\u00e1n cargos por los delitos cometidos como parte de la estructura que estafaba sobre todo a personas de avanzada edad.<\/p>\n\n\n\n<p>La Suprema Corte de Justicia tambi\u00e9n conocer\u00e1 la extradici\u00f3n de Gerardo Heriberto N\u00fa\u00f1ez N\u00fa\u00f1ez (Joseo N\u00fa\u00f1ez N\u00fa\u00f1ez), a quien le impuso como medida de coerci\u00f3n el cumplimiento de prisi\u00f3n preventiva en el Centro de Correcci\u00f3n y Rehabilitaci\u00f3n (CCR) Rafey Hombres, de Santiago.<\/p>\n\n\n\n<p>El grupo es requerido por la justicia estadounidense, por cometer diversos delitos con la llamada \u201cEstafa de los abuelos\u201d.<\/p>\n\n\n\n<p>La investigaci\u00f3n que puso en marcha la Operaci\u00f3n Discovery 3.0 llevaba m\u00e1s de dos a\u00f1os en curso y permiti\u00f3 identificar un grupo estructurado que operaba a trav\u00e9s de plataformas digitales.<\/p>\n\n\n\n<p>Con esta acci\u00f3n el Ministerio P\u00fablico avanza en el combate a los delitos que enfrent\u00f3 con las dos operaciones anteriores: Discovery y Discovery 2.0.<\/p>\n\n\n\n<p><strong>Direcci\u00f3n General de Comunicaci\u00f3n, Prensa y RRPP<\/strong><\/p>\n\n\n\n<p><strong>Ministerio P\u00fablico RD<\/strong><\/p>\n\n\n\n<p>Comunicaciones PGR <a href=\"mailto:comunicaciones@pgr.gob.do\">comunicaciones@pgr.gob.do<\/a><\/p>\n","protected":false},"excerpt":{"rendered":"<p>Jueza se reserva fallo para el pr\u00f3ximo 5 de septiembre a las 2:00 de la tarde SANTO DOMINGO (Rep\u00fablica Dominicana).-&nbsp;Luego del cierre de los debates en la audiencia para el conocimiento de la medida de coerci\u00f3n a los imputados arrestados en el transcurso de las investigaciones de la Operaci\u00f3n Discovery 3.0, el Ministerio P\u00fablico dijo [&hellip;]<\/p>\n","protected":false},"author":7,"featured_media":501159,"comment_status":"closed","ping_status":"open","sticky":false,"template":"","format":"standard","meta":{"footnotes":""},"categories":[24],"tags":[171],"class_list":["post-635024","post","type-post","status-publish","format-standard","has-post-thumbnail","hentry","category-justicia-y-derecho","tag-ministerio-publico"],"_links":{"self":[{"href":"https:\/\/diariodominicano.com\/index.php?rest_route=\/wp\/v2\/posts\/635024","targetHints":{"allow":["GET"]}}],"collection":[{"href":"https:\/\/diariodominicano.com\/index.php?rest_route=\/wp\/v2\/posts"}],"about":[{"href":"https:\/\/diariodominicano.com\/index.php?rest_route=\/wp\/v2\/types\/post"}],"author":[{"embeddable":true,"href":"https:\/\/diariodominicano.com\/index.php?rest_route=\/wp\/v2\/users\/7"}],"replies":[{"embeddable":true,"href":"https:\/\/diariodominicano.com\/index.php?rest_route=%2Fwp%2Fv2%2Fcomments&post=635024"}],"version-history":[{"count":1,"href":"https:\/\/diariodominicano.com\/index.php?rest_route=\/wp\/v2\/posts\/635024\/revisions"}],"predecessor-version":[{"id":635049,"href":"https:\/\/diariodominicano.com\/index.php?rest_route=\/wp\/v2\/posts\/635024\/revisions\/635049"}],"wp:featuredmedia":[{"embeddable":true,"href":"https:\/\/diariodominicano.com\/index.php?rest_route=\/wp\/v2\/media\/501159"}],"wp:attachment":[{"href":"https:\/\/diariodominicano.com\/index.php?rest_route=%2Fwp%2Fv2%2Fmedia&parent=635024"}],"wp:term":[{"taxonomy":"category","embeddable":true,"href":"https:\/\/diariodominicano.com\/index.php?rest_route=%2Fwp%2Fv2%2Fcategories&post=635024"},{"taxonomy":"post_tag","embeddable":true,"href":"https:\/\/diariodominicano.com\/index.php?rest_route=%2Fwp%2Fv2%2Ftags&post=635024"}],"curies":[{"name":"wp","href":"https:\/\/api.w.org\/{rel}","templated":true}]}}