{"id":635022,"date":"2025-08-30T01:26:34","date_gmt":"2025-08-30T05:26:34","guid":{"rendered":"https:\/\/diariodominicano.com\/?p=635022"},"modified":"2025-08-30T01:32:09","modified_gmt":"2025-08-30T05:32:09","slug":"senador-carlos-gomez-y-el-ministro-franklin-garcia-fermin-anuncian-entrega-de-mas-de-190-becas-a-jovenes-de-espaillat","status":"publish","type":"post","link":"https:\/\/diariodominicano.com\/?p=635022","title":{"rendered":"Senador Carlos G\u00f3mez y el Ministro Franklin Garc\u00eda Ferm\u00edn anuncian entrega de m\u00e1s de 190 becas a j\u00f3venes de Espaillat"},"content":{"rendered":"\n<p>Por Nicolas E. Grull\u00f3n Ubi\u00f1as<\/p>\n\n\n\n<p>En un encuentro con la prensa local y nacional, el senador por la provincia Espaillat, Carlos G\u00f3mez, y el ministro de Educaci\u00f3n Superior, Ciencia y Tecnolog\u00eda (MESCyT), Dr. Franklin Garc\u00eda Ferm\u00edn, ofrecieron detalles sobre la entrega de m\u00e1s de 190 becas a j\u00f3venes de la provincia, as\u00ed como la explicaci\u00f3n de la nueva convocatoria para el sorteo de becas en enero 2026.<\/p>\n\n\n\n<p>La rueda de prensa tuvo lugar en la Oficina Senatorial de Espaillat, donde adem\u00e1s estuvieron presentes el diputado Robinson Santos, el alcalde de La Ortega, Ferm\u00edn Mu\u00f1oz, el presidente de la Asociaci\u00f3n para el Desarrollo de la Provincia Espaillat, Amable Guzm\u00e1n, as\u00ed como viceministros del MESCyT y otras personalidades. Diversos medios locales y nacionales dieron cobertura al evento, resaltando la importancia de esta iniciativa para la juventud de la provincia.<\/p>\n\n\n\n<figure class=\"wp-block-gallery has-nested-images columns-default is-cropped wp-block-gallery-1 is-layout-flex wp-block-gallery-is-layout-flex\">\n<figure class=\"wp-block-image size-large\"><img loading=\"lazy\" decoding=\"async\" width=\"994\" height=\"746\" data-id=\"635042\" src=\"https:\/\/diariodominicano.com\/wp-content\/uploads\/2025\/08\/Senador-Carlos-Gomez-y-el-Ministro-Franklin-Garcia-Fermin-anuncian-entrega-de-mas-de-190-becas-a-jovenes-Espaillat.jpg\" alt=\"\" class=\"wp-image-635042\" srcset=\"https:\/\/diariodominicano.com\/wp-content\/uploads\/2025\/08\/Senador-Carlos-Gomez-y-el-Ministro-Franklin-Garcia-Fermin-anuncian-entrega-de-mas-de-190-becas-a-jovenes-Espaillat.jpg 994w, https:\/\/diariodominicano.com\/wp-content\/uploads\/2025\/08\/Senador-Carlos-Gomez-y-el-Ministro-Franklin-Garcia-Fermin-anuncian-entrega-de-mas-de-190-becas-a-jovenes-Espaillat-300x225.jpg 300w, https:\/\/diariodominicano.com\/wp-content\/uploads\/2025\/08\/Senador-Carlos-Gomez-y-el-Ministro-Franklin-Garcia-Fermin-anuncian-entrega-de-mas-de-190-becas-a-jovenes-Espaillat-768x576.jpg 768w, https:\/\/diariodominicano.com\/wp-content\/uploads\/2025\/08\/Senador-Carlos-Gomez-y-el-Ministro-Franklin-Garcia-Fermin-anuncian-entrega-de-mas-de-190-becas-a-jovenes-Espaillat-816x612.jpg 816w\" sizes=\"auto, (max-width: 994px) 100vw, 994px\" \/><\/figure>\n\n\n\n<figure class=\"wp-block-image size-large\"><img loading=\"lazy\" decoding=\"async\" width=\"994\" height=\"746\" data-id=\"635041\" src=\"https:\/\/diariodominicano.com\/wp-content\/uploads\/2025\/08\/Senador-Carlos-Gomez-y-el-Ministro-Franklin-Garcia-Fermin-anuncian-entrega-de-mas-de-190-becas-a-jovenes-de-Espaillat.jpg\" alt=\"\" class=\"wp-image-635041\" srcset=\"https:\/\/diariodominicano.com\/wp-content\/uploads\/2025\/08\/Senador-Carlos-Gomez-y-el-Ministro-Franklin-Garcia-Fermin-anuncian-entrega-de-mas-de-190-becas-a-jovenes-de-Espaillat.jpg 994w, https:\/\/diariodominicano.com\/wp-content\/uploads\/2025\/08\/Senador-Carlos-Gomez-y-el-Ministro-Franklin-Garcia-Fermin-anuncian-entrega-de-mas-de-190-becas-a-jovenes-de-Espaillat-300x225.jpg 300w, https:\/\/diariodominicano.com\/wp-content\/uploads\/2025\/08\/Senador-Carlos-Gomez-y-el-Ministro-Franklin-Garcia-Fermin-anuncian-entrega-de-mas-de-190-becas-a-jovenes-de-Espaillat-768x576.jpg 768w, https:\/\/diariodominicano.com\/wp-content\/uploads\/2025\/08\/Senador-Carlos-Gomez-y-el-Ministro-Franklin-Garcia-Fermin-anuncian-entrega-de-mas-de-190-becas-a-jovenes-de-Espaillat-816x612.jpg 816w\" sizes=\"auto, (max-width: 994px) 100vw, 994px\" \/><\/figure>\n<\/figure>\n\n\n\n<p>Posterior al encuentro con los medios, las autoridades se trasladaron al Teatro Don Bosco, escenario donde se realiz\u00f3 el acto oficial de entrega de las becas. La mesa de honor estuvo integrada por el ministro Franklin Garc\u00eda Ferm\u00edn, el senador Carlos G\u00f3mez, el alcalde de Moca, Guarocuya Cabral, el diputado Robinson Santos, el alcalde Ferm\u00edn Mu\u00f1oz, y la encargada de Becas Nacionales, Lianny Portorreal.<\/p>\n\n\n\n<p>Durante el acto, el senador Carlos G\u00f3mez destac\u00f3 el esfuerzo, la dedicaci\u00f3n y la persistencia de los estudiantes que hoy reciben estas becas, subrayando que la educaci\u00f3n es la herramienta m\u00e1s poderosa para transformar vidas. Asimismo, agradeci\u00f3 al ministro Franklin Garc\u00eda Ferm\u00edn y a su equipo por hacer posible este programa, reconociendo adem\u00e1s el trabajo del director de becas, Rafael Mart\u00ednez, y resaltando el papel fundamental de las familias que acompa\u00f1an a los beneficiarios en su formaci\u00f3n.<\/p>\n\n\n\n<p>La entrega de estas becas representa un paso firme en el fortalecimiento de la educaci\u00f3n superior en la provincia Espaillat, garantizando oportunidades para que la juventud siga prepar\u00e1ndose y construyendo un mejor futuro para la Rep\u00fablica Dominicana.<\/p>\n\n\n\n<p>Vamos por m\u00e1s\u2026<\/p>\n\n\n\n<p>Carlos G\u00f3mez<\/p>\n\n\n\n<p>Carlos G\u00f3mez <a href=\"mailto:carlosgomezsenador2020@gmail.com\">carlosgomezsenador2020@gmail.com<\/a><\/p>\n","protected":false},"excerpt":{"rendered":"<p>Por Nicolas E. Grull\u00f3n Ubi\u00f1as En un encuentro con la prensa local y nacional, el senador por la provincia Espaillat, Carlos G\u00f3mez, y el ministro de Educaci\u00f3n Superior, Ciencia y Tecnolog\u00eda (MESCyT), Dr. Franklin Garc\u00eda Ferm\u00edn, ofrecieron detalles sobre la entrega de m\u00e1s de 190 becas a j\u00f3venes de la provincia, as\u00ed como la explicaci\u00f3n [&hellip;]<\/p>\n","protected":false},"author":7,"featured_media":635043,"comment_status":"closed","ping_status":"closed","sticky":false,"template":"","format":"standard","meta":{"footnotes":""},"categories":[36],"tags":[2359],"class_list":["post-635022","post","type-post","status-publish","format-standard","has-post-thumbnail","hentry","category-hombresmujeresycosas","tag-senado"],"_links":{"self":[{"href":"https:\/\/diariodominicano.com\/index.php?rest_route=\/wp\/v2\/posts\/635022","targetHints":{"allow":["GET"]}}],"collection":[{"href":"https:\/\/diariodominicano.com\/index.php?rest_route=\/wp\/v2\/posts"}],"about":[{"href":"https:\/\/diariodominicano.com\/index.php?rest_route=\/wp\/v2\/types\/post"}],"author":[{"embeddable":true,"href":"https:\/\/diariodominicano.com\/index.php?rest_route=\/wp\/v2\/users\/7"}],"replies":[{"embeddable":true,"href":"https:\/\/diariodominicano.com\/index.php?rest_route=%2Fwp%2Fv2%2Fcomments&post=635022"}],"version-history":[{"count":2,"href":"https:\/\/diariodominicano.com\/index.php?rest_route=\/wp\/v2\/posts\/635022\/revisions"}],"predecessor-version":[{"id":635045,"href":"https:\/\/diariodominicano.com\/index.php?rest_route=\/wp\/v2\/posts\/635022\/revisions\/635045"}],"wp:featuredmedia":[{"embeddable":true,"href":"https:\/\/diariodominicano.com\/index.php?rest_route=\/wp\/v2\/media\/635043"}],"wp:attachment":[{"href":"https:\/\/diariodominicano.com\/index.php?rest_route=%2Fwp%2Fv2%2Fmedia&parent=635022"}],"wp:term":[{"taxonomy":"category","embeddable":true,"href":"https:\/\/diariodominicano.com\/index.php?rest_route=%2Fwp%2Fv2%2Fcategories&post=635022"},{"taxonomy":"post_tag","embeddable":true,"href":"https:\/\/diariodominicano.com\/index.php?rest_route=%2Fwp%2Fv2%2Ftags&post=635022"}],"curies":[{"name":"wp","href":"https:\/\/api.w.org\/{rel}","templated":true}]}}