{"id":635021,"date":"2025-08-30T01:25:42","date_gmt":"2025-08-30T05:25:42","guid":{"rendered":"https:\/\/diariodominicano.com\/?p=635021"},"modified":"2025-08-30T01:25:44","modified_gmt":"2025-08-30T05:25:44","slug":"la-procuradora-general-inaugura-la-fiscalia-comunitaria-de-la-guayiga","status":"publish","type":"post","link":"https:\/\/diariodominicano.com\/?p=635021","title":{"rendered":"La Procuradora General inaugura la Fiscal\u00eda Comunitaria de La Gu\u00e1yiga"},"content":{"rendered":"\n<p><em><u>Se trata de la segunda de 24 que se propone abrir en un modelo de servicio centrado en las personas y que, adem\u00e1s de perseguir los delitos, contribuya a la resoluci\u00f3n alternas de conflictos sociales<\/u><\/em><\/p>\n\n\n\n<p><strong>SANTO DOMINGO (Rep\u00fablica Dominicana).-<\/strong>&nbsp;La procuradora general de la Rep\u00fablica, Yeni Berenice Reynoso, dej\u00f3 inaugurada este viernes la Fiscal\u00eda Comunitaria de La Gu\u00e1yiga, la segunda de las 24 que se propone instalar su gesti\u00f3n atendiendo a criterios relacionados con el mapa de calor de la criminalidad de las demarcaciones seleccionadas, su poblaci\u00f3n registrada por el censo y sus dificultades de acceso a la justicia.<\/p>\n\n\n\n<p>Reynoso record\u00f3 que atendiendo a una solicitud suya, el Consejo Superior del Ministerio P\u00fablico aprob\u00f3 la instalaci\u00f3n de las fiscal\u00edas comunitarias siguiendo un modelo digno, en su estructura f\u00edsica y en su operatividad, que garantice la dignidad de la persona. La primera se puso en funcionamiento en Sos\u00faa, Puerto Plata, y la pr\u00f3xima ser\u00e1 en Boca Chica, Santo Domingo.<\/p>\n\n\n\n<p>Entre los invitados a la inauguraci\u00f3n estuvieron Faride Raful, ministra de Interior y Polic\u00eda; el mayor general Ram\u00f3n Antonio Peralta Guzm\u00e1n, director de la Polic\u00eda Nacional; el procurador adjunto Wilson Camacho, director general de Persecuci\u00f3n del Ministerio P\u00fablico, y Edward L\u00f3pez, fiscal titular Santo Domingo Oeste, y Mirtha Elena P\u00e9rez (la Popi), directora distrital de La Gu\u00e1yiga.<\/p>\n\n\n\n<p>El acto fue bendecido por el sacerdote Tulio Matos, de la parroquia San Jos\u00e9 de la Gu\u00e1yiga, quien valor\u00f3 la fiscal\u00eda comunitaria como \u201cun paso vital para la protecci\u00f3n de los derechos de todos los ciudadanos y para la promoci\u00f3n de una convivencia m\u00e1s armoniosa\u201d.<\/p>\n\n\n\n<p>\u201cComo iglesia comunitaria de la Guayiga, San Jos\u00e9, nos sentimos profundamente conectados con los esfuerzos que buscan el bienestar colectivo, la seguridad y la justicia\u201d, dijo, al agradecer al Ministerio P\u00fablico y a las autoridades municipales de la comunidad que tiene unos 42,000 habitantes.<\/p>\n\n\n\n<p>Ubicada en el Kil\u00f3metro 22 de la carretera Hato Nuevo, en la edificaci\u00f3n n\u00famero 56, la Fiscal\u00eda Comunitaria de La Gu\u00e1yiga contar\u00e1 con modernas instalaciones y el personal necesario para ofrecer un servicio eficiente.<\/p>\n\n\n\n<p>Entre su personal incluir\u00e1 tres fiscales para la atenci\u00f3n de los casos, un coordinador encargado de supervisar los procesos y un abogado de apoyo. Tambi\u00e9n, \u00e1reas de recepci\u00f3n para orientar a los usuarios, sala de espera, dos salas de denuncias para garantizar privacidad y comodidad y \u00e1reas administrativas para la gesti\u00f3n interna.<\/p>\n\n\n\n<p>Al encabezar su inauguraci\u00f3n, la Procuradora General de la Rep\u00fablica indic\u00f3 que desde que asumi\u00f3 sus funciones trabaja en la forma de facilitar los servicios del Ministerio P\u00fablico a las personas. \u201cPensamos que era tiempo tambi\u00e9n de nosotros ir a las comunidades, no solo que las comunidades vinieran a nuestra sede, a los palacios de justicia, sino ir al centro de las comunidades\u201d, dijo.<\/p>\n\n\n\n<p>Por esa raz\u00f3n, a\u00f1adi\u00f3, \u201cla inauguraci\u00f3n de esta fiscal\u00eda comunitaria no es una simple apertura de una oficina: hoy se inaugura un modelo de servicio y un modelo de proximidad ciudadana\u201d.<\/p>\n\n\n\n<p>Reynoso resalt\u00f3 que las fiscal\u00edas comunitarias, adem\u00e1s de perseguir el delito, operar\u00e1n como una puerta de b\u00fasqueda de soluciones alternativas a los conflictos en las comunidades.<\/p>\n\n\n\n<p>\u201cNo es solo es perseguir y judicializar, nosotros tambi\u00e9n tenemos como parte esencial la mediaci\u00f3n comunitaria, buscar soluciones sin tener que llegar a la violencia, la soluci\u00f3n pac\u00edfica de los conflictos debe ser desde ahora, en La Gu\u00e1yiga, la l\u00ednea a seguir\u201d, sostuvo.<\/p>\n\n\n\n<p>\u201cPero tambi\u00e9n, que no se tenga la menor duda de que cuando haya que perseguir, que es nuestra misi\u00f3n constitucional, tambi\u00e9n lo vamos a hacer de manera efectiva, a pesar de que el principal objetivo de la fiscal\u00eda en la comunidad es, con la Polic\u00eda, pero sobre todo con ustedes, con la sociedad, prevenir, y por eso queremos acercamientos comunitarios, charlas, encuentros con la comunidad, porque trabajamos con y para ustedes\u201d, indic\u00f3<\/p>\n\n\n\n<p>En el caso de la de la Gu\u00e1yiga tendr\u00e1 una unidad de atenci\u00f3n a violencia de g\u00e9nero.<\/p>\n\n\n\n<p>\u201cNo podemos hablar de justicia sin hablar del fen\u00f3meno de la violencia de g\u00e9nero. De cada 10 casos que el Ministerio P\u00fablico judicializa, al menos el 50% est\u00e1 vinculado directa o indirectamente con este fen\u00f3meno; de ah\u00ed la importancia que desde aqu\u00ed tambi\u00e9n brindemos este servicio\u201d, sostuvo Reynoso.<\/p>\n\n\n\n<p>Antes del simb\u00f3lico corte de cinta tambi\u00e9n habl\u00f3 la directora del distrito La Gu\u00e1yiga, quien ponder\u00f3 la iniciativa y receptividad de la Procuradora General de la Rep\u00fablica.<\/p>\n\n\n\n<p>\u201cLa fiscal\u00eda, se\u00f1ores, une familias, da vida y sobre todo trabaja para la gente\u201d, resalt\u00f3 Mirtha Elena P\u00e9rez. \u201cUna fiscal\u00eda no es el tema de pleitos, sino de evitarlos, y por eso hoy siento esa emoci\u00f3n tan grande, como cuando inauguramos una escuela, porque se trata de salvar gente y muchas veces con unas palabritas\u201d, dijo P\u00e9rez.<\/p>\n\n\n\n<p><strong>Direcci\u00f3n General de Comunicaci\u00f3n, Prensa, y RRPP<\/strong><\/p>\n\n\n\n<p>Ministerio P\u00fablico.&nbsp;R.D.<\/p>\n\n\n\n<p>Comunicaciones PGR <a href=\"mailto:comunicaciones@pgr.gob.do\">comunicaciones@pgr.gob.do<\/a><\/p>\n","protected":false},"excerpt":{"rendered":"<p>Se trata de la segunda de 24 que se propone abrir en un modelo de servicio centrado en las personas y que, adem\u00e1s de perseguir los delitos, contribuya a la resoluci\u00f3n alternas de conflictos sociales SANTO DOMINGO (Rep\u00fablica Dominicana).-&nbsp;La procuradora general de la Rep\u00fablica, Yeni Berenice Reynoso, dej\u00f3 inaugurada este viernes la Fiscal\u00eda Comunitaria de [&hellip;]<\/p>\n","protected":false},"author":7,"featured_media":635035,"comment_status":"closed","ping_status":"closed","sticky":false,"template":"","format":"standard","meta":{"footnotes":""},"categories":[24],"tags":[171],"class_list":["post-635021","post","type-post","status-publish","format-standard","has-post-thumbnail","hentry","category-justicia-y-derecho","tag-ministerio-publico"],"_links":{"self":[{"href":"https:\/\/diariodominicano.com\/index.php?rest_route=\/wp\/v2\/posts\/635021","targetHints":{"allow":["GET"]}}],"collection":[{"href":"https:\/\/diariodominicano.com\/index.php?rest_route=\/wp\/v2\/posts"}],"about":[{"href":"https:\/\/diariodominicano.com\/index.php?rest_route=\/wp\/v2\/types\/post"}],"author":[{"embeddable":true,"href":"https:\/\/diariodominicano.com\/index.php?rest_route=\/wp\/v2\/users\/7"}],"replies":[{"embeddable":true,"href":"https:\/\/diariodominicano.com\/index.php?rest_route=%2Fwp%2Fv2%2Fcomments&post=635021"}],"version-history":[{"count":1,"href":"https:\/\/diariodominicano.com\/index.php?rest_route=\/wp\/v2\/posts\/635021\/revisions"}],"predecessor-version":[{"id":635036,"href":"https:\/\/diariodominicano.com\/index.php?rest_route=\/wp\/v2\/posts\/635021\/revisions\/635036"}],"wp:featuredmedia":[{"embeddable":true,"href":"https:\/\/diariodominicano.com\/index.php?rest_route=\/wp\/v2\/media\/635035"}],"wp:attachment":[{"href":"https:\/\/diariodominicano.com\/index.php?rest_route=%2Fwp%2Fv2%2Fmedia&parent=635021"}],"wp:term":[{"taxonomy":"category","embeddable":true,"href":"https:\/\/diariodominicano.com\/index.php?rest_route=%2Fwp%2Fv2%2Fcategories&post=635021"},{"taxonomy":"post_tag","embeddable":true,"href":"https:\/\/diariodominicano.com\/index.php?rest_route=%2Fwp%2Fv2%2Ftags&post=635021"}],"curies":[{"name":"wp","href":"https:\/\/api.w.org\/{rel}","templated":true}]}}