{"id":634970,"date":"2025-08-29T13:37:45","date_gmt":"2025-08-29T17:37:45","guid":{"rendered":"https:\/\/diariodominicano.com\/?p=634970"},"modified":"2025-08-30T02:31:23","modified_gmt":"2025-08-30T06:31:23","slug":"y-tu-sabes-quien-es-andrea-difo-marte-la-nueva-directora-de-promese-cal","status":"publish","type":"post","link":"https:\/\/diariodominicano.com\/?p=634970","title":{"rendered":"Y t\u00fa, \u00bfsabes qui\u00e9n es Andrea Dif\u00f3 Marte: la nueva directora de PROMESE\/CAL?"},"content":{"rendered":"\n<p><em>Por Fitzgerald Tejada Mart\u00ednez<\/em><\/p>\n\n\n\n<p><em>El pasado mi\u00e9rcoles 27 de agosto (mediante el decreto n\u00famero 472-25), el presidente Lu\u00eds Abinader, design\u00f3 a la doctora Andrea C\u00e1ndida Dif\u00f3 Marte, para que de manera provisional ejerza la direcci\u00f3n del Programa de Medicamentos Esenciales y Central de Apoyo Log\u00edstico PROMESE\/CAL, con todas las potestades propias del director.<\/em><\/p>\n\n\n\n<p><em>La doctora Dif\u00f3, es odont\u00f3loga de profesi\u00f3n, egresada de la Universidad Aut\u00f3noma de Santo Domingo (UASD), en el a\u00f1o 1970. Tambi\u00e9n, tiene una maestr\u00eda en Cirug\u00eda Dento Maxilar de la Universidad Nacional de Buenos Aires (Argentina). Adem\u00e1s, posee una especialidad en Cirug\u00eda Maxilofacial de la Universidad Nacional Pedro Henr\u00edquez Ure\u00f1a (UNPHU).<\/em><\/p>\n\n\n\n<figure class=\"wp-block-image size-full\"><img loading=\"lazy\" decoding=\"async\" width=\"717\" height=\"608\" src=\"https:\/\/diariodominicano.com\/wp-content\/uploads\/2025\/08\/Andrea-Difo-Marte-la-nueva-directora-de-PROMESE-CAL.png\" alt=\"\" class=\"wp-image-634978\" srcset=\"https:\/\/diariodominicano.com\/wp-content\/uploads\/2025\/08\/Andrea-Difo-Marte-la-nueva-directora-de-PROMESE-CAL.png 717w, https:\/\/diariodominicano.com\/wp-content\/uploads\/2025\/08\/Andrea-Difo-Marte-la-nueva-directora-de-PROMESE-CAL-300x254.png 300w\" sizes=\"auto, (max-width: 717px) 100vw, 717px\" \/><\/figure>\n\n\n\n<p><em>Sus m\u00e1s cercanos, amigos y colaboradores, la definen como una persona sencilla de trato afable, con una arraigada cualidad did\u00e1ctica y excepcionales condiciones&nbsp;&nbsp;pedag\u00f3gicas que la llevaron a ser profesora de la Facultad de Odontolog\u00eda, en la UASD, d\u00f3nde desde finales de los a\u00f1os setenta, contribuy\u00f3 con la formaci\u00f3n de generaciones de profesionales de la salud bucal.<\/em><\/p>\n\n\n\n<p><em>En este orden, desde el 2009, ha impartido docencia en la Escuela Nacional de Formaci\u00f3n Electoral y del Estado Civil.<\/em><\/p>\n\n\n\n<p><em>Otro aspecto importante de su vida p\u00fablica, se\u00f1ala que durante el gobierno del entonces presidente Hip\u00f3lito Mej\u00eda Dom\u00ednguez, se desempe\u00f1\u00f3 en el servicio exterior como vicec\u00f3nsul de la Rep\u00fablica Dominicana, en Boston (Massachusetts).<\/em><\/p>\n\n\n\n<p><em>M\u00e1s adelante, en el a\u00f1o 2020, reci\u00e9n comenzado el primer mandato del presidente Abinader, la doctora Dif\u00f3, fue designada como subdirectora de PROMESE\/CAL: posici\u00f3n que ocupaba hasta el momento de su ascenso a la direcci\u00f3n general, desde donde habr\u00e1 de continuar aportando valor al proceso de expansi\u00f3n y fortalecimiento de los distintos programas de asistencia social, dirigidos a los segmentos de la poblaci\u00f3n, en condici\u00f3n de vulnerabilidad.<\/em><\/p>\n\n\n\n<p><em>En conclusi\u00f3n, teniendo como aval, una hoja de servicio impecable, ampliamente validada durante su brillante trayectoria profesional, no cabe la menor duda de que, la designaci\u00f3n de la doctora Andrea C\u00e1ndida Dif\u00f3, garantiza la continuidad de las buenas pr\u00e1cticas en Promese\/Cal.<\/em><\/p>\n\n\n\n<p><em>\u00a1Enhorabuena!<\/em><\/p>\n\n\n\n<p>&nbsp;\u00abFitzgerald Tejada M.\u00bb <a href=\"mailto:geraldtejada2413@gmail.com\">geraldtejada2413@gmail.com<\/a><\/p>\n","protected":false},"excerpt":{"rendered":"<p>Por Fitzgerald Tejada Mart\u00ednez El pasado mi\u00e9rcoles 27 de agosto (mediante el decreto n\u00famero 472-25), el presidente Lu\u00eds Abinader, design\u00f3 a la doctora Andrea C\u00e1ndida Dif\u00f3 Marte, para que de manera provisional ejerza la direcci\u00f3n del Programa de Medicamentos Esenciales y Central de Apoyo Log\u00edstico PROMESE\/CAL, con todas las potestades propias del director. La doctora [&hellip;]<\/p>\n","protected":false},"author":7,"featured_media":611732,"comment_status":"closed","ping_status":"closed","sticky":false,"template":"","format":"standard","meta":{"footnotes":""},"categories":[16],"tags":[2332],"class_list":["post-634970","post","type-post","status-publish","format-standard","has-post-thumbnail","hentry","category-opiniones","tag-fitzgerald-tejada-martinez"],"_links":{"self":[{"href":"https:\/\/diariodominicano.com\/index.php?rest_route=\/wp\/v2\/posts\/634970","targetHints":{"allow":["GET"]}}],"collection":[{"href":"https:\/\/diariodominicano.com\/index.php?rest_route=\/wp\/v2\/posts"}],"about":[{"href":"https:\/\/diariodominicano.com\/index.php?rest_route=\/wp\/v2\/types\/post"}],"author":[{"embeddable":true,"href":"https:\/\/diariodominicano.com\/index.php?rest_route=\/wp\/v2\/users\/7"}],"replies":[{"embeddable":true,"href":"https:\/\/diariodominicano.com\/index.php?rest_route=%2Fwp%2Fv2%2Fcomments&post=634970"}],"version-history":[{"count":2,"href":"https:\/\/diariodominicano.com\/index.php?rest_route=\/wp\/v2\/posts\/634970\/revisions"}],"predecessor-version":[{"id":634980,"href":"https:\/\/diariodominicano.com\/index.php?rest_route=\/wp\/v2\/posts\/634970\/revisions\/634980"}],"wp:featuredmedia":[{"embeddable":true,"href":"https:\/\/diariodominicano.com\/index.php?rest_route=\/wp\/v2\/media\/611732"}],"wp:attachment":[{"href":"https:\/\/diariodominicano.com\/index.php?rest_route=%2Fwp%2Fv2%2Fmedia&parent=634970"}],"wp:term":[{"taxonomy":"category","embeddable":true,"href":"https:\/\/diariodominicano.com\/index.php?rest_route=%2Fwp%2Fv2%2Fcategories&post=634970"},{"taxonomy":"post_tag","embeddable":true,"href":"https:\/\/diariodominicano.com\/index.php?rest_route=%2Fwp%2Fv2%2Ftags&post=634970"}],"curies":[{"name":"wp","href":"https:\/\/api.w.org\/{rel}","templated":true}]}}