{"id":634731,"date":"2025-08-28T17:20:11","date_gmt":"2025-08-28T21:20:11","guid":{"rendered":"https:\/\/diariodominicano.com\/?p=634731"},"modified":"2025-08-28T17:20:13","modified_gmt":"2025-08-28T21:20:13","slug":"procuradora-general-aboga-por-la-tutela-efectiva-de-los-derechos-de-las-victimas","status":"publish","type":"post","link":"https:\/\/diariodominicano.com\/?p=634731","title":{"rendered":"Procuradora General aboga por la tutela efectiva de los derechos de las v\u00edctimas"},"content":{"rendered":"\n<p><em><u>En un panel jur\u00eddico recuerda que la doctrina en la regi\u00f3n piensa en el \u201cdebido proceso\u201d solo desde la \u00f3ptica del imputado, pero tambi\u00e9n hay que debatir y crear jurisprudencias enfocadas en las v\u00edctimas que buscan una respuesta y una reparaci\u00f3n oportuna<\/u><\/em><\/p>\n\n\n\n<p><strong>SANTO DOMINGO (Rep\u00fablica Dominicana).-<\/strong>&nbsp;La procuradora general de la Rep\u00fablica, Yeni Berenice Reynoso, plante\u00f3 la necesidad de que el pa\u00eds, al igual que&nbsp; en toda Am\u00e9rica Latina y el Caribe, se fortalezca la justicia que tutele m\u00e1s a las v\u00edctimas en su dimensi\u00f3n de sujeto procesal, que proteja sus derechos y gestione una reparaci\u00f3n oportuna de da\u00f1os.<\/p>\n\n\n\n<p>Reynoso record\u00f3 que muchos libros y art\u00edculos que se escribieron en Am\u00e9rica Latina se enfocaron sobre la base de los derechos fundamentales de las personas privadas de libertad, o imputadas o acusadas en un proceso, sin considerar los derechos de las v\u00edctimas.<\/p>\n\n\n\n<p>Sostuvo que los imputados tienen las garant\u00edas del debido proceso, lo cual resulta de vital importancia en un Estado de derecho. \u201cPero nosotros nos olvidamos que las v\u00edctimas existen; y que son un sujeto procesal; no de un nivel inferior. Nuestro C\u00f3digo tiene dos principios, que son igualdad entre las partes y ante la ley\u201d, indic\u00f3.<\/p>\n\n\n\n<p>\u201cPero nosotros, hemos pensado el \u00b4debido proceso\u00b4 en funci\u00f3n del imputado. No de los sujetos procesales\u201d, abund\u00f3.<\/p>\n\n\n\n<p>\u201cY debido proceso para el privado de libertad, que lo tiene, yo no se lo voy, jam\u00e1s, a dejar de reconocer y abogo porque exista, eso es parte de un Estado de derecho; pero las v\u00edctimas tambi\u00e9n requieren una tutela efectiva de sus derechos\u201d, sostuvo.<\/p>\n\n\n\n<p>\u201cY cuando nosotros pensamos, inclusive, en la duraci\u00f3n de la prisi\u00f3n preventiva, que es una parte importante del debido proceso, tambi\u00e9n debemos pensar que ese mismo tiempo tiene una v\u00edctima que no tiene acceso a una decisi\u00f3n\u201d, enfatiz\u00f3.<\/p>\n\n\n\n<p>La Procuradora General de la Rep\u00fablica se refiri\u00f3 al tema al participar como invitada del Poder Judicial en un panel jur\u00eddico junto al costarricense Juan Carlos Ast\u00faa Jaime, director Pa\u00eds del National Center for State Courts, y el colombiano Gerardo Andr\u00e9s Hern\u00e1ndez Montes, director ejecutivo de Transparencia por Colombia. El panel, celebrado en el Hotel El Embajador, estuvo moderado por Berenice Barinas, directora ejecutiva de \u00c9tica e Integridad Gubernamental.<\/p>\n\n\n\n<p>Reynoso plante\u00f3 que el sistema de justicia se fortalece si piensa en el debido proceso contemplando a todos los sujetos procesales. En ese contexto, explic\u00f3 que Am\u00e9rica Latina tiene una \u201cdeuda hist\u00f3rica con las v\u00edctimas\u201d. \u201cLa reparaci\u00f3n no existe en Am\u00e9rica Latina como una figura. Y cuando vamos a buscar jurisprudencia de reparaci\u00f3n y doctrina de reparaci\u00f3n, es casi nula\u201d, indic\u00f3.<\/p>\n\n\n\n<p>\u201cEntonces, le estamos, a una parte importante del proceso, negando un derecho que tienen en el proceso, as\u00ed como lo tienen las personas privadas de libertad\u201d, sostuvo.<\/p>\n\n\n\n<p>Reynoso dijo que su gesti\u00f3n en la Procuradur\u00eda General de la Rep\u00fablica se enfoca en dise\u00f1ar un servicio en funci\u00f3n de las necesidades de la ciudadan\u00eda, conforme al mapa de la criminalidad y atendiendo a las dificultades de acceso de la ciudadan\u00eda al sistema de justicia.<\/p>\n\n\n\n<p>\u201cEn funci\u00f3n de esta realidad fue que dise\u00f1amos, y el Consejo Superior del Ministerio P\u00fablico ya aprob\u00f3, 24 fiscal\u00edas comunitarias, que ya se inaugur\u00f3 una en Sos\u00faa, la pr\u00f3xima es en La Gu\u00e1yiga, luego ser\u00e1 en Boca Chica\u201d, indic\u00f3.<\/p>\n\n\n\n<p>\u201cEs donde nos dice el an\u00e1lisis de los indicadoras que es necesaria. Es donde las circunstancias objetivas del territorio dice que se requiere una fiscal\u00eda comunitaria donde la poblaci\u00f3n pueda venir a pie, en sandalias, popularmente los dominicanos decimos, en chancletas. Porque la justicia tiene que tener ese nivel de accesibilidad\u201d, sostuvo Reynoso.<\/p>\n\n\n\n<p><strong>Direcci\u00f3n General de Comunicaci\u00f3n, Prensa y RRPP<\/strong><\/p>\n\n\n\n<p><strong>Ministerio P\u00fablico RD<\/strong><\/p>\n\n\n\n<p>Comunicaciones PGR <a href=\"mailto:comunicaciones@pgr.gob.do\">comunicaciones@pgr.gob.do<\/a><\/p>\n","protected":false},"excerpt":{"rendered":"<p>En un panel jur\u00eddico recuerda que la doctrina en la regi\u00f3n piensa en el \u201cdebido proceso\u201d solo desde la \u00f3ptica del imputado, pero tambi\u00e9n hay que debatir y crear jurisprudencias enfocadas en las v\u00edctimas que buscan una respuesta y una reparaci\u00f3n oportuna SANTO DOMINGO (Rep\u00fablica Dominicana).-&nbsp;La procuradora general de la Rep\u00fablica, Yeni Berenice Reynoso, plante\u00f3 [&hellip;]<\/p>\n","protected":false},"author":7,"featured_media":634745,"comment_status":"closed","ping_status":"closed","sticky":false,"template":"","format":"standard","meta":{"footnotes":""},"categories":[24],"tags":[171],"class_list":["post-634731","post","type-post","status-publish","format-standard","has-post-thumbnail","hentry","category-justicia-y-derecho","tag-ministerio-publico"],"_links":{"self":[{"href":"https:\/\/diariodominicano.com\/index.php?rest_route=\/wp\/v2\/posts\/634731","targetHints":{"allow":["GET"]}}],"collection":[{"href":"https:\/\/diariodominicano.com\/index.php?rest_route=\/wp\/v2\/posts"}],"about":[{"href":"https:\/\/diariodominicano.com\/index.php?rest_route=\/wp\/v2\/types\/post"}],"author":[{"embeddable":true,"href":"https:\/\/diariodominicano.com\/index.php?rest_route=\/wp\/v2\/users\/7"}],"replies":[{"embeddable":true,"href":"https:\/\/diariodominicano.com\/index.php?rest_route=%2Fwp%2Fv2%2Fcomments&post=634731"}],"version-history":[{"count":1,"href":"https:\/\/diariodominicano.com\/index.php?rest_route=\/wp\/v2\/posts\/634731\/revisions"}],"predecessor-version":[{"id":634746,"href":"https:\/\/diariodominicano.com\/index.php?rest_route=\/wp\/v2\/posts\/634731\/revisions\/634746"}],"wp:featuredmedia":[{"embeddable":true,"href":"https:\/\/diariodominicano.com\/index.php?rest_route=\/wp\/v2\/media\/634745"}],"wp:attachment":[{"href":"https:\/\/diariodominicano.com\/index.php?rest_route=%2Fwp%2Fv2%2Fmedia&parent=634731"}],"wp:term":[{"taxonomy":"category","embeddable":true,"href":"https:\/\/diariodominicano.com\/index.php?rest_route=%2Fwp%2Fv2%2Fcategories&post=634731"},{"taxonomy":"post_tag","embeddable":true,"href":"https:\/\/diariodominicano.com\/index.php?rest_route=%2Fwp%2Fv2%2Ftags&post=634731"}],"curies":[{"name":"wp","href":"https:\/\/api.w.org\/{rel}","templated":true}]}}