{"id":634561,"date":"2025-08-27T20:35:23","date_gmt":"2025-08-28T00:35:23","guid":{"rendered":"https:\/\/diariodominicano.com\/?p=634561"},"modified":"2025-08-27T20:35:25","modified_gmt":"2025-08-28T00:35:25","slug":"comision-especial-de-senadores-que-estudia-codigo-de-trabajo-escucha-a-empleadores-y-trabajadores","status":"publish","type":"post","link":"https:\/\/diariodominicano.com\/?p=634561","title":{"rendered":"Comisi\u00f3n Especial de Senadores que estudia C\u00f3digo de Trabajo escucha a empleadores y trabajadores"},"content":{"rendered":"\n<p>SANTO DOMINGO. \u2013 La Comisi\u00f3n Especial del Senado de la Rep\u00fablica que estudia el C\u00f3digo de Trabajo se reuni\u00f3 este martes, por separado, con una nutrida representaci\u00f3n del sector sindical y con representantes del sector empleador.<\/p>\n\n\n\n<p>La pieza fue reintroducida y los encuentros se desarrollan para dar cumplimiento con los reglamentos de la C\u00e1mara Alta, seg\u00fan explic\u00f3 el presidente de la comisi\u00f3n, el senador Rafael Bar\u00f3n Duluc, quien tambi\u00e9n sostuvo que se busca rendir el informe al pleno senatorial en el menor tiempo posible.<\/p>\n\n\n\n<p>\u201cEl proceso constitucional establece que si perimi\u00f3 debe agotarse el proceso de nuevo, aunque en la pr\u00e1ctica es m\u00e1s r\u00e1pido\u201d dijo.<\/p>\n\n\n\n<figure class=\"wp-block-gallery has-nested-images columns-default is-cropped wp-block-gallery-1 is-layout-flex wp-block-gallery-is-layout-flex\">\n<figure class=\"wp-block-image size-large\"><img loading=\"lazy\" decoding=\"async\" width=\"1024\" height=\"681\" data-id=\"634599\" src=\"https:\/\/diariodominicano.com\/wp-content\/uploads\/2025\/08\/Comision-Especial-de-Senadores-que-estudia-Codigo-Trabajo-escucha-a-empleadores-y-trabajadores-1-1024x681.jpeg\" alt=\"\" class=\"wp-image-634599\" srcset=\"https:\/\/diariodominicano.com\/wp-content\/uploads\/2025\/08\/Comision-Especial-de-Senadores-que-estudia-Codigo-Trabajo-escucha-a-empleadores-y-trabajadores-1-1024x681.jpeg 1024w, https:\/\/diariodominicano.com\/wp-content\/uploads\/2025\/08\/Comision-Especial-de-Senadores-que-estudia-Codigo-Trabajo-escucha-a-empleadores-y-trabajadores-1-300x200.jpeg 300w, https:\/\/diariodominicano.com\/wp-content\/uploads\/2025\/08\/Comision-Especial-de-Senadores-que-estudia-Codigo-Trabajo-escucha-a-empleadores-y-trabajadores-1-768x511.jpeg 768w, https:\/\/diariodominicano.com\/wp-content\/uploads\/2025\/08\/Comision-Especial-de-Senadores-que-estudia-Codigo-Trabajo-escucha-a-empleadores-y-trabajadores-1-1536x1022.jpeg 1536w, https:\/\/diariodominicano.com\/wp-content\/uploads\/2025\/08\/Comision-Especial-de-Senadores-que-estudia-Codigo-Trabajo-escucha-a-empleadores-y-trabajadores-1-2048x1363.jpeg 2048w, https:\/\/diariodominicano.com\/wp-content\/uploads\/2025\/08\/Comision-Especial-de-Senadores-que-estudia-Codigo-Trabajo-escucha-a-empleadores-y-trabajadores-1-816x543.jpeg 816w\" sizes=\"auto, (max-width: 1024px) 100vw, 1024px\" \/><\/figure>\n<\/figure>\n\n\n\n<p>Sector empleador<br>En representaci\u00f3n de los empleadores, el vicepresidente del Consejo Nacional de la Empresa Privada (CONEP), C\u00e9sar Dargam, dijo que desean que sea una reforma transcendental para que el pa\u00eds tenga una legislaci\u00f3n moderna y acorde a estos tiempos.<\/p>\n\n\n\n<figure class=\"wp-block-gallery has-nested-images columns-default is-cropped wp-block-gallery-2 is-layout-flex wp-block-gallery-is-layout-flex\">\n<figure class=\"wp-block-image size-large\"><img loading=\"lazy\" decoding=\"async\" width=\"1024\" height=\"728\" data-id=\"634598\" src=\"https:\/\/diariodominicano.com\/wp-content\/uploads\/2025\/08\/Comision-Especial-de-Senadores-que-estudia-Codigo-de-Trabajo-escucha-empleadores-y-trabajadores-1024x728.jpeg\" alt=\"\" class=\"wp-image-634598\" srcset=\"https:\/\/diariodominicano.com\/wp-content\/uploads\/2025\/08\/Comision-Especial-de-Senadores-que-estudia-Codigo-de-Trabajo-escucha-empleadores-y-trabajadores-1024x728.jpeg 1024w, https:\/\/diariodominicano.com\/wp-content\/uploads\/2025\/08\/Comision-Especial-de-Senadores-que-estudia-Codigo-de-Trabajo-escucha-empleadores-y-trabajadores-300x213.jpeg 300w, https:\/\/diariodominicano.com\/wp-content\/uploads\/2025\/08\/Comision-Especial-de-Senadores-que-estudia-Codigo-de-Trabajo-escucha-empleadores-y-trabajadores-768x546.jpeg 768w, https:\/\/diariodominicano.com\/wp-content\/uploads\/2025\/08\/Comision-Especial-de-Senadores-que-estudia-Codigo-de-Trabajo-escucha-empleadores-y-trabajadores-1536x1092.jpeg 1536w, https:\/\/diariodominicano.com\/wp-content\/uploads\/2025\/08\/Comision-Especial-de-Senadores-que-estudia-Codigo-de-Trabajo-escucha-empleadores-y-trabajadores-2048x1456.jpeg 2048w, https:\/\/diariodominicano.com\/wp-content\/uploads\/2025\/08\/Comision-Especial-de-Senadores-que-estudia-Codigo-de-Trabajo-escucha-empleadores-y-trabajadores-816x580.jpeg 816w\" sizes=\"auto, (max-width: 1024px) 100vw, 1024px\" \/><\/figure>\n<\/figure>\n\n\n\n<p>Dargam indic\u00f3 que buscan la modernizaci\u00f3n de los procedimientos, la digitalizaci\u00f3n de algunos tr\u00e1mites contenidos en la legislaci\u00f3n actual, la revisi\u00f3n de elementos que han quedado atrasados en el tiempo y deben ser revisados, as\u00ed como incorporar normativas.<\/p>\n\n\n\n<p>El l\u00edder empresarial reconoci\u00f3 que el tema m\u00e1s controversial ha sido la cesant\u00eda y afirm\u00f3 no estar aferrados a una posici\u00f3n. \u201cEn ning\u00fan momento hemos solicitado aqu\u00ed que se elimine, sino que hemos presentado diferentes opciones que respetan los derechos adquiridos de los trabajadores, generan mayor certidumbre y pueden contribuir a la formalidad del mercado laboral en la Rep\u00fablica Dominicana\u201d.<\/p>\n\n\n\n<p>Participaron en la reuni\u00f3n tambi\u00e9n representantes de la Asociaci\u00f3n Nacional de J\u00f3venes Empresarios (ANJE), Asociaci\u00f3n Dominicana de Exportadores (ADOEXPO), la Organizaci\u00f3n Nacional de Empresas Comerciales (ONEC), la Confederaci\u00f3n Dominicana de la Peque\u00f1a y Mediana Empresa (CODOPYME), la Asociaci\u00f3n Dominicana de Zonas Francas (ADOZONA), la Asociaci\u00f3n de Industrias de la Rep\u00fablica Dominicana (AIRD), la Asociaci\u00f3n de Hoteles y Turismo (ASONAHORES) y la Asociaci\u00f3n Dominicana de Constructores y Promotores de Viviendas (ACOPROVI).<\/p>\n\n\n\n<p>Sector trabajador<br>El l\u00edder de la Central Nacional de Unidad Sindical (CNUS), Rafael -Pepe- Abreu, reconoci\u00f3 el trabajo de la Comisi\u00f3n Especial y resalt\u00f3 que el hecho de que la iniciativa se haya reintroducido a trav\u00e9s de la comisi\u00f3n indica que en el pa\u00eds habr\u00e1 un C\u00f3digo Laboral que no ser\u00e1 una victoria sindical, sino de toda la naci\u00f3n.<\/p>\n\n\n\n<p>Abreu valor\u00f3 positivamente el liderazgo de la comisi\u00f3n, afirmando que ha sabido sortear todas las contradicciones que se debaten alrededor de la pieza y dijo confiar que llevar\u00e1n la iniciativa a feliz t\u00e9rmino.<\/p>\n\n\n\n<p>\u201cDamos la gracias a la comisi\u00f3n y reiteramos nuestra confianza\u201d, sostuvo.\u200b<\/p>\n\n\n\n<p>Junto a Pepe Abreu participaron representantes de la Confederaci\u00f3n Aut\u00f3noma Sindical Clasista (CASC), de la Central Nacional de Transportistas Unificados (CNTU) y la Confederaci\u00f3n Nacional de Trabajadores Dominicanos (CNTD).<\/p>\n\n\n\n<p>Estuvieron tambi\u00e9n los senadores Pedro Catrain, Mar\u00eda Mercedes Ortiz, Eduard Espiritusanto y Crist\u00f3bal Venerado Castillo.<\/p>\n","protected":false},"excerpt":{"rendered":"<p>SANTO DOMINGO. \u2013 La Comisi\u00f3n Especial del Senado de la Rep\u00fablica que estudia el C\u00f3digo de Trabajo se reuni\u00f3 este martes, por separado, con una nutrida representaci\u00f3n del sector sindical y con representantes del sector empleador. La pieza fue reintroducida y los encuentros se desarrollan para dar cumplimiento con los reglamentos de la C\u00e1mara Alta, [&hellip;]<\/p>\n","protected":false},"author":7,"featured_media":634600,"comment_status":"closed","ping_status":"closed","sticky":false,"template":"","format":"standard","meta":{"footnotes":""},"categories":[36],"tags":[2359],"class_list":["post-634561","post","type-post","status-publish","format-standard","has-post-thumbnail","hentry","category-hombresmujeresycosas","tag-senado"],"_links":{"self":[{"href":"https:\/\/diariodominicano.com\/index.php?rest_route=\/wp\/v2\/posts\/634561","targetHints":{"allow":["GET"]}}],"collection":[{"href":"https:\/\/diariodominicano.com\/index.php?rest_route=\/wp\/v2\/posts"}],"about":[{"href":"https:\/\/diariodominicano.com\/index.php?rest_route=\/wp\/v2\/types\/post"}],"author":[{"embeddable":true,"href":"https:\/\/diariodominicano.com\/index.php?rest_route=\/wp\/v2\/users\/7"}],"replies":[{"embeddable":true,"href":"https:\/\/diariodominicano.com\/index.php?rest_route=%2Fwp%2Fv2%2Fcomments&post=634561"}],"version-history":[{"count":1,"href":"https:\/\/diariodominicano.com\/index.php?rest_route=\/wp\/v2\/posts\/634561\/revisions"}],"predecessor-version":[{"id":634614,"href":"https:\/\/diariodominicano.com\/index.php?rest_route=\/wp\/v2\/posts\/634561\/revisions\/634614"}],"wp:featuredmedia":[{"embeddable":true,"href":"https:\/\/diariodominicano.com\/index.php?rest_route=\/wp\/v2\/media\/634600"}],"wp:attachment":[{"href":"https:\/\/diariodominicano.com\/index.php?rest_route=%2Fwp%2Fv2%2Fmedia&parent=634561"}],"wp:term":[{"taxonomy":"category","embeddable":true,"href":"https:\/\/diariodominicano.com\/index.php?rest_route=%2Fwp%2Fv2%2Fcategories&post=634561"},{"taxonomy":"post_tag","embeddable":true,"href":"https:\/\/diariodominicano.com\/index.php?rest_route=%2Fwp%2Fv2%2Ftags&post=634561"}],"curies":[{"name":"wp","href":"https:\/\/api.w.org\/{rel}","templated":true}]}}