{"id":634560,"date":"2025-08-27T20:08:13","date_gmt":"2025-08-28T00:08:13","guid":{"rendered":"https:\/\/diariodominicano.com\/?p=634560"},"modified":"2025-08-27T20:08:16","modified_gmt":"2025-08-28T00:08:16","slug":"senador-aneudy-ortiz-se-reunio-con-presidente-luis-abinader-para-impulsar-terminacion-de-obras-en-san-jose-de-ocoa","status":"publish","type":"post","link":"https:\/\/diariodominicano.com\/?p=634560","title":{"rendered":"Senador Aneudy Ortiz se reuni\u00f3 con presidente Luis Abinader para Impulsar terminaci\u00f3n de obras en San Jos\u00e9 de Ocoa."},"content":{"rendered":"\n<p>San Jos\u00e9 de Ocoa. \u2013 Tras una reuni\u00f3n sostenida con el presidente de la Rep\u00fablica, Luis Abinader, el senador Aneudy Ortiz Sajiun anunci\u00f3 importantes avances en proyectos clave para el desarrollo de la provincia, destacando obras viales y el inicio de pruebas del Acueducto Dual Ocoa\u2013Sabana Larga, que tambi\u00e9n beneficiar\u00e1 al Distrito Municipal de Nizao.<\/p>\n\n\n\n<p>Proyectos viales priorizados<\/p>\n\n\n\n<p>En el encuentro, el senador Ortiz Sajiun gestion\u00f3 la reactivaci\u00f3n y avance de varias obras fundamentales para la conectividad y el desarrollo econ\u00f3mico de la provincia:<\/p>\n\n\n\n<figure class=\"wp-block-image\"><img decoding=\"async\" src=\"https:\/\/diariodominicano.com\/wp-content\/uploads\/2025\/08\/Senador-Aneudy-Ortiz-se-reunio-con-Presidente-Luis-Abinader-para-Impulsar-terminacion-obras-en-San-Jose-de-Ocoa-899x1024.jpg\" alt=\"\"\/><\/figure>\n\n\n\n<p>&nbsp;&nbsp;&nbsp;&nbsp;&nbsp;&nbsp;&nbsp;&nbsp;&nbsp;&nbsp;&nbsp;&nbsp;&nbsp;&nbsp;&nbsp; \u2022&nbsp;&nbsp;&nbsp;&nbsp;&nbsp;&nbsp;&nbsp;&nbsp;&nbsp;&nbsp;&nbsp;&nbsp; Tramo Carretero Corredor Ecol\u00f3gico Padre Luis Quinn, vital para el turismo ecol\u00f3gico y la comunicaci\u00f3n interprovincial.<\/p>\n\n\n\n<p>&nbsp;&nbsp;&nbsp;&nbsp;&nbsp;&nbsp;&nbsp;&nbsp;&nbsp;&nbsp;&nbsp;&nbsp;&nbsp;&nbsp;&nbsp; \u2022&nbsp;&nbsp;&nbsp;&nbsp;&nbsp;&nbsp;&nbsp;&nbsp;&nbsp;&nbsp;&nbsp;&nbsp; Tramo Carretero El Lim\u00f3n\u2013Ocoa, que mejorar\u00e1 la movilidad de comunidades y el transporte de productos agr\u00edcolas.<\/p>\n\n\n\n<p>&nbsp;&nbsp;&nbsp;&nbsp;&nbsp;&nbsp;&nbsp;&nbsp;&nbsp;&nbsp;&nbsp;&nbsp;&nbsp;&nbsp;&nbsp; \u2022&nbsp;&nbsp;&nbsp;&nbsp;&nbsp;&nbsp;&nbsp;&nbsp;&nbsp;&nbsp;&nbsp;&nbsp; Tramo Carretero El Pinar y su zona alta, esencial para fortalecer la producci\u00f3n agr\u00edcola de la zona monta\u00f1osa.<\/p>\n\n\n\n<p>Avances en el acueducto<\/p>\n\n\n\n<p>Uno de los puntos m\u00e1s trascendentales de la reuni\u00f3n fue la confirmaci\u00f3n de que en las pr\u00f3ximas semanas iniciar\u00e1n las pruebas finales del Acueducto Dual Ocoa\u2013Sabana Larga, un proyecto largamente esperado que beneficiar\u00e1 a m\u00e1s del 70 % de la poblaci\u00f3n de la provincia, ofreciendo una soluci\u00f3n definitiva al problema hist\u00f3rico de la escasez de agua.<\/p>\n\n\n\n<p>Compromiso con Ocoa<\/p>\n\n\n\n<p>El presidente Abinader reiter\u00f3 su respaldo a estas iniciativas, en coordinaci\u00f3n con el senador Ortiz Sajiun y las autoridades locales, con el objetivo de garantizar el bienestar y el progreso de los ocoe\u00f1os.<\/p>\n\n\n\n<p>Declaraciones del senador<\/p>\n\n\n\n<p>\u201cEsta reuni\u00f3n con el presidente Luis Abinader representa un paso decisivo para asegurar que nuestras demandas hist\u00f3ricas se conviertan en realidades. Tanto las carreteras como el acueducto son proyectos fundamentales que impactar\u00e1n de manera directa en la calidad de vida de nuestra gente\u201d, expres\u00f3 el senador Aneudy Ortiz Sajiun.<\/p>\n","protected":false},"excerpt":{"rendered":"<p>San Jos\u00e9 de Ocoa. \u2013 Tras una reuni\u00f3n sostenida con el presidente de la Rep\u00fablica, Luis Abinader, el senador Aneudy Ortiz Sajiun anunci\u00f3 importantes avances en proyectos clave para el desarrollo de la provincia, destacando obras viales y el inicio de pruebas del Acueducto Dual Ocoa\u2013Sabana Larga, que tambi\u00e9n beneficiar\u00e1 al Distrito Municipal de Nizao. [&hellip;]<\/p>\n","protected":false},"author":7,"featured_media":634581,"comment_status":"closed","ping_status":"closed","sticky":false,"template":"","format":"standard","meta":{"footnotes":""},"categories":[36],"tags":[2359],"class_list":["post-634560","post","type-post","status-publish","format-standard","has-post-thumbnail","hentry","category-hombresmujeresycosas","tag-senado"],"_links":{"self":[{"href":"https:\/\/diariodominicano.com\/index.php?rest_route=\/wp\/v2\/posts\/634560","targetHints":{"allow":["GET"]}}],"collection":[{"href":"https:\/\/diariodominicano.com\/index.php?rest_route=\/wp\/v2\/posts"}],"about":[{"href":"https:\/\/diariodominicano.com\/index.php?rest_route=\/wp\/v2\/types\/post"}],"author":[{"embeddable":true,"href":"https:\/\/diariodominicano.com\/index.php?rest_route=\/wp\/v2\/users\/7"}],"replies":[{"embeddable":true,"href":"https:\/\/diariodominicano.com\/index.php?rest_route=%2Fwp%2Fv2%2Fcomments&post=634560"}],"version-history":[{"count":1,"href":"https:\/\/diariodominicano.com\/index.php?rest_route=\/wp\/v2\/posts\/634560\/revisions"}],"predecessor-version":[{"id":634593,"href":"https:\/\/diariodominicano.com\/index.php?rest_route=\/wp\/v2\/posts\/634560\/revisions\/634593"}],"wp:featuredmedia":[{"embeddable":true,"href":"https:\/\/diariodominicano.com\/index.php?rest_route=\/wp\/v2\/media\/634581"}],"wp:attachment":[{"href":"https:\/\/diariodominicano.com\/index.php?rest_route=%2Fwp%2Fv2%2Fmedia&parent=634560"}],"wp:term":[{"taxonomy":"category","embeddable":true,"href":"https:\/\/diariodominicano.com\/index.php?rest_route=%2Fwp%2Fv2%2Fcategories&post=634560"},{"taxonomy":"post_tag","embeddable":true,"href":"https:\/\/diariodominicano.com\/index.php?rest_route=%2Fwp%2Fv2%2Ftags&post=634560"}],"curies":[{"name":"wp","href":"https:\/\/api.w.org\/{rel}","templated":true}]}}