{"id":634441,"date":"2025-08-27T14:35:24","date_gmt":"2025-08-27T18:35:24","guid":{"rendered":"https:\/\/diariodominicano.com\/?p=634441"},"modified":"2025-08-27T14:35:26","modified_gmt":"2025-08-27T18:35:26","slug":"rd-anuncia-lista-de-convocados-para-enfrentar-a-jordania-en-septiembre-2","status":"publish","type":"post","link":"https:\/\/diariodominicano.com\/?p=634441","title":{"rendered":"RD anuncia lista de convocados para enfrentar a Jordania en septiembre"},"content":{"rendered":"\n<p>La Selecci\u00f3n Dominicana Absoluta dio a conocer la lista de convocados para disputar el partido de preparaci\u00f3n ante Jordania el pr\u00f3ximo 9 de septiembre a partir de las 8:00 PM (Hora de Jordania), en el International Amman&nbsp;Stadium&nbsp;de la capital jordana.<\/p>\n\n\n\n<p>El elenco nacional se entrenar\u00e1 desde el 6 de septiembre en territorio jordano para afrontar este compromiso que servir\u00e1 al cuerpo t\u00e9cnico que encabeza el profesor Marcelo Neveleff para observar nuevas caras en el entorno de la selecci\u00f3n.<\/p>\n\n\n\n<p>Jordania ya est\u00e1 clasificado a la Copa Mundial FIFA 2026, la que ser\u00e1 su primera participaci\u00f3n mundialista.<\/p>\n\n\n\n<p>La convocatoria de la Selecci\u00f3n Dominicana est\u00e1 compuesta por:<\/p>\n\n\n\n<p><strong>Porteros:<\/strong><\/p>\n\n\n\n<p>Xavier Vald\u00e9z (Nashville SC \u2013 USA)<\/p>\n\n\n\n<p>Miguel Lloyd (Cibao FC \u2013 RD)<\/p>\n\n\n\n<p>Anthony N\u00fa\u00f1ez (Mansfield Town FC \u2013 Inglaterra)<\/p>\n\n\n\n<p><strong>Defensores:<\/strong><\/p>\n\n\n\n<p>Joao Urb\u00e1ez (FC&nbsp;Flamurtari&nbsp;Vlor\u00eb&nbsp;\u2013 Albania)<\/p>\n\n\n\n<p>Marlon Mena (Parma Calcio 1913 \u2013 Italia)<\/p>\n\n\n\n<p>Miguel&nbsp;Beltr\u00e9&nbsp;(CD Azuqueca \u2013 Espa\u00f1a)<\/p>\n\n\n\n<p>Jos\u00e9 J\u00fanior Francisco (Moca FC \u2013 RD)<\/p>\n\n\n\n<p>Jos\u00e9 Carlos Abreu (Delfines del Este \u2013 RD)<\/p>\n\n\n\n<p>Michael&nbsp;Sambataro&nbsp;(CSD Liniers \u2013 Argentina)<\/p>\n\n\n\n<p>J\u00fanior Firpo (Real Betis \u2013 Espa\u00f1a)<\/p>\n\n\n\n<p>Juan Familia Castillo (RKC&nbsp;Waalwuk&nbsp;\u2013 Holanda)<\/p>\n\n\n\n<p><strong>Mediocampistas:<\/strong><\/p>\n\n\n\n<p>Jean Carlos L\u00f3pez (Cibao FC \u2013 RD)<\/p>\n\n\n\n<p>Lucas Bret\u00f3n (M\u00e1laga CF \u2013 Espa\u00f1a)<\/p>\n\n\n\n<p>Pablo Rosario (OGC&nbsp;Nice&nbsp;\u2013 Francia)<\/p>\n\n\n\n<p>Jimmy Kaparos (Rot-Weiss Essen&nbsp;\u2013 Alemania)<\/p>\n\n\n\n<p>Omar De La Cruz (Cibao FC \u2013 RD)<\/p>\n\n\n\n<p>Fabi\u00e1n Messina (Arenas Club de Getxo \u2013 Espa\u00f1a)<\/p>\n\n\n\n<p>Ronaldo V\u00e1squez (Sumqayit&nbsp;PFK \u2013 Azerbaiy\u00e1n)<\/p>\n\n\n\n<p><strong>Delanteros:<\/strong><\/p>\n\n\n\n<p>Javier Roces (Cibao FC \u2013 RD)<\/p>\n\n\n\n<p>Juan Carlos Pineda (PFC&nbsp;Beroe&nbsp;\u2013 Bulgaria)<\/p>\n\n\n\n<p>Peter Gonz\u00e1lez (Getafe CF \u2013 Espa\u00f1a)<\/p>\n\n\n\n<p>Dorny&nbsp;Romero (Club Bol\u00edvar \u2013 Bolivia)<\/p>\n\n\n\n<p>Erick&nbsp;Japa&nbsp;(Umecit&nbsp;FC \u2013 Panam\u00e1)<\/p>\n\n\n\n<p>Fedofutbol Prensa <a href=\"mailto:fedofutbolprensa2019@gmail.com\">fedofutbolprensa2019@gmail.com<\/a><\/p>\n","protected":false},"excerpt":{"rendered":"<p>La Selecci\u00f3n Dominicana Absoluta dio a conocer la lista de convocados para disputar el partido de preparaci\u00f3n ante Jordania el pr\u00f3ximo 9 de septiembre a partir de las 8:00 PM (Hora de Jordania), en el International Amman&nbsp;Stadium&nbsp;de la capital jordana. El elenco nacional se entrenar\u00e1 desde el 6 de septiembre en territorio jordano para afrontar [&hellip;]<\/p>\n","protected":false},"author":7,"featured_media":634476,"comment_status":"closed","ping_status":"closed","sticky":false,"template":"","format":"standard","meta":{"footnotes":""},"categories":[17],"tags":[1532],"class_list":["post-634441","post","type-post","status-publish","format-standard","has-post-thumbnail","hentry","category-deportes","tag-fedofutbol"],"_links":{"self":[{"href":"https:\/\/diariodominicano.com\/index.php?rest_route=\/wp\/v2\/posts\/634441","targetHints":{"allow":["GET"]}}],"collection":[{"href":"https:\/\/diariodominicano.com\/index.php?rest_route=\/wp\/v2\/posts"}],"about":[{"href":"https:\/\/diariodominicano.com\/index.php?rest_route=\/wp\/v2\/types\/post"}],"author":[{"embeddable":true,"href":"https:\/\/diariodominicano.com\/index.php?rest_route=\/wp\/v2\/users\/7"}],"replies":[{"embeddable":true,"href":"https:\/\/diariodominicano.com\/index.php?rest_route=%2Fwp%2Fv2%2Fcomments&post=634441"}],"version-history":[{"count":1,"href":"https:\/\/diariodominicano.com\/index.php?rest_route=\/wp\/v2\/posts\/634441\/revisions"}],"predecessor-version":[{"id":634477,"href":"https:\/\/diariodominicano.com\/index.php?rest_route=\/wp\/v2\/posts\/634441\/revisions\/634477"}],"wp:featuredmedia":[{"embeddable":true,"href":"https:\/\/diariodominicano.com\/index.php?rest_route=\/wp\/v2\/media\/634476"}],"wp:attachment":[{"href":"https:\/\/diariodominicano.com\/index.php?rest_route=%2Fwp%2Fv2%2Fmedia&parent=634441"}],"wp:term":[{"taxonomy":"category","embeddable":true,"href":"https:\/\/diariodominicano.com\/index.php?rest_route=%2Fwp%2Fv2%2Fcategories&post=634441"},{"taxonomy":"post_tag","embeddable":true,"href":"https:\/\/diariodominicano.com\/index.php?rest_route=%2Fwp%2Fv2%2Ftags&post=634441"}],"curies":[{"name":"wp","href":"https:\/\/api.w.org\/{rel}","templated":true}]}}