{"id":634408,"date":"2025-08-27T09:50:10","date_gmt":"2025-08-27T13:50:10","guid":{"rendered":"https:\/\/diariodominicano.com\/?p=634408"},"modified":"2025-08-27T09:50:14","modified_gmt":"2025-08-27T13:50:14","slug":"vision-global-un-criminal-anda-suelto","status":"publish","type":"post","link":"https:\/\/diariodominicano.com\/?p=634408","title":{"rendered":"VISI\u00d3N GLOBAL: Un criminal anda suelto"},"content":{"rendered":"\n<p>Nelson Encarnaci\u00f3n<\/p>\n\n\n\n<p>Un criminal anda suelto<\/p>\n\n\n\n<p>El 7 de octubre del pasado a\u00f1o, tras los ataques realizados por el grupo Hamas en territorio israel\u00ed, fue pr\u00e1cticamente un\u00e1nime la condena mundial contra ese hecho absolutamente injustificado desde la \u00f3ptica temporal del acontecimiento.<\/p>\n\n\n\n<p>Se entendi\u00f3 que la resistencia palestina hab\u00eda cometido un hecho atroz, cuyos beneficios en t\u00e9rminos de la lucha por su supervivencia y su derecho a un Estado soberano, eran cuestionables y hab\u00eda rebasado unos linderos altamente peligrosos.<\/p>\n\n\n\n<p>Incluso, las primeras reacciones de las fuerzas israel\u00edes ganaron respaldo en muchos pa\u00edses, en el entendido de que la naci\u00f3n hebrea ten\u00eda derecho a defenderse, aun por encima de que la respuesta apuntaba ya a una desproporcionalidad.<\/p>\n\n\n\n<p>Sin embargo, lo que por meses fue considerado un acto de leg\u00edtima supervivencia, con el tiempo se transform\u00f3 en un exterminio brutal, cuyo parang\u00f3n es solo equiparable a las acciones del Tercer Reich precisamente contra los jud\u00edos durante la Segunda Guerra Mundial.<\/p>\n\n\n\n<p>A la fecha de hoy, solo Estados Unidos y algunos de sus aliados son capaces de mirar hacia otro lado frente a la barbarie del gobierno de Benjam\u00edn Netanyahu contra la poblaci\u00f3n en la Franja de Gaza.<\/p>\n\n\n\n<p>No es humanamente decente ni \u00e9ticamente correcto ni militarmente justificable ni moralmente aceptable que una represalia haya llegado a los niveles de crueldad a los que este criminal sediento de sangre ha escalado el conflicto en Gaza.<\/p>\n\n\n\n<p>Netanyahu es un criminal a quien poco le import\u00f3\u2014y le sigue importando\u2014la vida de tantos hombres, mujeres y ni\u00f1os que han ca\u00eddo bajo el fuego incesante de sus bombardeos, al punto que ya ning\u00fan organismo internacional se halla en capacidad de establecer con certeza cu\u00e1ntas personas han ca\u00eddo bajo el fuego de las Fuerzas de \u201cDefensa\u201d de Israel.<\/p>\n\n\n\n<p>La m\u00e1s reciente acci\u00f3n de sangre de las fuerzas dirigidas por el nuevo Hitler ha sido el asesinato de cinco periodistas que cubr\u00edan los hechos en Gaza, quienes fueron abatidos por fuego israel\u00ed sin ser beligerantes.<\/p>\n\n\n\n<p>Por lo menos este hecho ha merecido una amplia condena global, lo cual importa en la pr\u00e1ctica a un asesino que tiene en cada ca\u00f1\u00f3n, en cada bomba y en cada incursi\u00f3n a\u00e9rea que bombardea Gaza, un seguro de vida para su propia existencia, lo cual lo justifica todo. Y es que Netanyahu, una vez finalice el conflicto, ir\u00e1 a la c\u00e1rcel.<\/p>\n\n\n\n<p><a href=\"mailto:Nelsonencar10@gmail.com\" target=\"_blank\" rel=\"noreferrer noopener\">Nelsonencar10@gmail.com<\/a><\/p>\n","protected":false},"excerpt":{"rendered":"<p>Nelson Encarnaci\u00f3n Un criminal anda suelto El 7 de octubre del pasado a\u00f1o, tras los ataques realizados por el grupo Hamas en territorio israel\u00ed, fue pr\u00e1cticamente un\u00e1nime la condena mundial contra ese hecho absolutamente injustificado desde la \u00f3ptica temporal del acontecimiento. Se entendi\u00f3 que la resistencia palestina hab\u00eda cometido un hecho atroz, cuyos beneficios en [&hellip;]<\/p>\n","protected":false},"author":2,"featured_media":514569,"comment_status":"closed","ping_status":"closed","sticky":false,"template":"","format":"standard","meta":{"footnotes":""},"categories":[36,19,16],"tags":[],"class_list":["post-634408","post","type-post","status-publish","format-standard","has-post-thumbnail","hentry","category-hombresmujeresycosas","category-mi-voz","category-opiniones"],"_links":{"self":[{"href":"https:\/\/diariodominicano.com\/index.php?rest_route=\/wp\/v2\/posts\/634408","targetHints":{"allow":["GET"]}}],"collection":[{"href":"https:\/\/diariodominicano.com\/index.php?rest_route=\/wp\/v2\/posts"}],"about":[{"href":"https:\/\/diariodominicano.com\/index.php?rest_route=\/wp\/v2\/types\/post"}],"author":[{"embeddable":true,"href":"https:\/\/diariodominicano.com\/index.php?rest_route=\/wp\/v2\/users\/2"}],"replies":[{"embeddable":true,"href":"https:\/\/diariodominicano.com\/index.php?rest_route=%2Fwp%2Fv2%2Fcomments&post=634408"}],"version-history":[{"count":1,"href":"https:\/\/diariodominicano.com\/index.php?rest_route=\/wp\/v2\/posts\/634408\/revisions"}],"predecessor-version":[{"id":634409,"href":"https:\/\/diariodominicano.com\/index.php?rest_route=\/wp\/v2\/posts\/634408\/revisions\/634409"}],"wp:featuredmedia":[{"embeddable":true,"href":"https:\/\/diariodominicano.com\/index.php?rest_route=\/wp\/v2\/media\/514569"}],"wp:attachment":[{"href":"https:\/\/diariodominicano.com\/index.php?rest_route=%2Fwp%2Fv2%2Fmedia&parent=634408"}],"wp:term":[{"taxonomy":"category","embeddable":true,"href":"https:\/\/diariodominicano.com\/index.php?rest_route=%2Fwp%2Fv2%2Fcategories&post=634408"},{"taxonomy":"post_tag","embeddable":true,"href":"https:\/\/diariodominicano.com\/index.php?rest_route=%2Fwp%2Fv2%2Ftags&post=634408"}],"curies":[{"name":"wp","href":"https:\/\/api.w.org\/{rel}","templated":true}]}}