{"id":634333,"date":"2025-08-27T01:21:03","date_gmt":"2025-08-27T05:21:03","guid":{"rendered":"https:\/\/diariodominicano.com\/?p=634333"},"modified":"2025-08-27T03:06:36","modified_gmt":"2025-08-27T07:06:36","slug":"fondo-marena-y-medio-ambiente-presentan-avances-de-planes-de-manejo-en-areas-marinas-protegidas-del-proyecto-30x30","status":"publish","type":"post","link":"https:\/\/diariodominicano.com\/?p=634333","title":{"rendered":"Fondo MARENA y Medio Ambiente presentan avances de planes de manejo en \u00e1reas marinas protegidas del proyecto 30\u00d730"},"content":{"rendered":"\n<p>Ing. Judith Valdez<\/p>\n\n\n\n<p>DSanto Domingo, RD. \u2013 En el marco del compromiso nacional con la iniciativa global 30\u00d730, el Fondo Nacional para el Medio Ambiente y Recursos Naturales (Fondo MARENA) organiz\u00f3 una jornada de presentaci\u00f3n de los avances en los planes de manejo de \u00e1reas marinas protegidas, desarrollados en estrecha coordinaci\u00f3n con el Ministerio de Medio Ambiente y Recursos Naturales.<\/p>\n\n\n\n<figure class=\"wp-block-gallery has-nested-images columns-default is-cropped wp-block-gallery-1 is-layout-flex wp-block-gallery-is-layout-flex\">\n<figure class=\"wp-block-image size-large\"><img loading=\"lazy\" decoding=\"async\" width=\"1024\" height=\"683\" data-id=\"634383\" src=\"https:\/\/diariodominicano.com\/wp-content\/uploads\/2025\/08\/Fondo-MARENA-y-el-Ministerio-de-Medio-Ambiente-presentan-avances-de-planes-manejo-en-areas-marinas-protegidas-del-proyecto-30\u00d730-1024x683.jpg\" alt=\"\" class=\"wp-image-634383\" srcset=\"https:\/\/diariodominicano.com\/wp-content\/uploads\/2025\/08\/Fondo-MARENA-y-el-Ministerio-de-Medio-Ambiente-presentan-avances-de-planes-manejo-en-areas-marinas-protegidas-del-proyecto-30\u00d730-1024x683.jpg 1024w, https:\/\/diariodominicano.com\/wp-content\/uploads\/2025\/08\/Fondo-MARENA-y-el-Ministerio-de-Medio-Ambiente-presentan-avances-de-planes-manejo-en-areas-marinas-protegidas-del-proyecto-30\u00d730-300x200.jpg 300w, https:\/\/diariodominicano.com\/wp-content\/uploads\/2025\/08\/Fondo-MARENA-y-el-Ministerio-de-Medio-Ambiente-presentan-avances-de-planes-manejo-en-areas-marinas-protegidas-del-proyecto-30\u00d730-768x512.jpg 768w, https:\/\/diariodominicano.com\/wp-content\/uploads\/2025\/08\/Fondo-MARENA-y-el-Ministerio-de-Medio-Ambiente-presentan-avances-de-planes-manejo-en-areas-marinas-protegidas-del-proyecto-30\u00d730-816x544.jpg 816w, https:\/\/diariodominicano.com\/wp-content\/uploads\/2025\/08\/Fondo-MARENA-y-el-Ministerio-de-Medio-Ambiente-presentan-avances-de-planes-manejo-en-areas-marinas-protegidas-del-proyecto-30\u00d730.jpg 1290w\" sizes=\"auto, (max-width: 1024px) 100vw, 1024px\" \/><\/figure>\n<\/figure>\n\n\n\n<p>El encuentro tuvo como prop\u00f3sito compartir los resultados del proceso de planificaci\u00f3n impulsado por el Fondo MARENA como gestor de los recursos t\u00e9cnicos y financieros del proyecto Caribbean Engagement Dominican Republic Intervention, patrocinado por Blue Nature Alliance (BNA) e implementado por el Ministerio de Medio Ambiente, en cumplimiento del compromiso nacional de garantizar una gesti\u00f3n efectiva de las zonas marinas recientemente protegidas.<\/p>\n\n\n\n<p>La jornada inici\u00f3 con las palabras de la directora ejecutiva del Fondo MARENA, Ing. Judith Valdez, quien destac\u00f3 la importancia de avanzar hacia una gesti\u00f3n basada en datos cient\u00edficos, planificaci\u00f3n t\u00e9cnica y coordinaci\u00f3n interinstitucional, como elementos clave para garantizar la efectividad de las \u00e1reas marinas protegidas recientemente declaradas.<\/p>\n\n\n\n<figure class=\"wp-block-gallery has-nested-images columns-default is-cropped wp-block-gallery-2 is-layout-flex wp-block-gallery-is-layout-flex\">\n<figure class=\"wp-block-image size-large\"><img loading=\"lazy\" decoding=\"async\" width=\"860\" height=\"955\" data-id=\"634385\" src=\"https:\/\/diariodominicano.com\/wp-content\/uploads\/2025\/08\/Fondo-MARENA-y-el-Ministerio-de-Medio-Ambiente-presentan-avances-de-planes-de-manejo-en-areas-marinas-protegidas-del-proyecto-30\u00d730-1.jpg\" alt=\"\" class=\"wp-image-634385\" srcset=\"https:\/\/diariodominicano.com\/wp-content\/uploads\/2025\/08\/Fondo-MARENA-y-el-Ministerio-de-Medio-Ambiente-presentan-avances-de-planes-de-manejo-en-areas-marinas-protegidas-del-proyecto-30\u00d730-1.jpg 860w, https:\/\/diariodominicano.com\/wp-content\/uploads\/2025\/08\/Fondo-MARENA-y-el-Ministerio-de-Medio-Ambiente-presentan-avances-de-planes-de-manejo-en-areas-marinas-protegidas-del-proyecto-30\u00d730-1-270x300.jpg 270w, https:\/\/diariodominicano.com\/wp-content\/uploads\/2025\/08\/Fondo-MARENA-y-el-Ministerio-de-Medio-Ambiente-presentan-avances-de-planes-de-manejo-en-areas-marinas-protegidas-del-proyecto-30\u00d730-1-768x853.jpg 768w, https:\/\/diariodominicano.com\/wp-content\/uploads\/2025\/08\/Fondo-MARENA-y-el-Ministerio-de-Medio-Ambiente-presentan-avances-de-planes-de-manejo-en-areas-marinas-protegidas-del-proyecto-30\u00d730-1-816x906.jpg 816w\" sizes=\"auto, (max-width: 860px) 100vw, 860px\" \/><\/figure>\n<\/figure>\n\n\n\n<p>A seguidas, el viceministro de Recursos Costeros y Marinos, Jos\u00e9 Ram\u00f3n Reyes L\u00f3pez, reafirm\u00f3 el compromiso del Ministerio de Medio Ambiente con el fortalecimiento de los planes de manejo como herramientas fundamentales para consolidar la gobernanza marina, subrayando la necesidad de integrar enfoques participativos y sostenibles en su implementaci\u00f3n.<\/p>\n\n\n\n<p>Cabe recordar que la Rep\u00fablica Dominicana se convirti\u00f3 en el primer pa\u00eds del Caribe en alcanzar el 30.8\u202f% de sus aguas marinas protegidas, mediante decretos emitidos por el honorable presidente Luis Abinader en abril de 2024.<\/p>\n\n\n\n<figure class=\"wp-block-gallery has-nested-images columns-default is-cropped wp-block-gallery-3 is-layout-flex wp-block-gallery-is-layout-flex\">\n<figure class=\"wp-block-image size-large\"><img loading=\"lazy\" decoding=\"async\" width=\"771\" height=\"1024\" data-id=\"634382\" src=\"https:\/\/diariodominicano.com\/wp-content\/uploads\/2025\/08\/Fondo-MARENA-y-el-Ministerio-de-Medio-Ambiente-presentan-avances-de-planes-de-manejo-en-areas-marinas-protegidas-del-proyecto-30\u00d730--771x1024.jpg\" alt=\"\" class=\"wp-image-634382\" srcset=\"https:\/\/diariodominicano.com\/wp-content\/uploads\/2025\/08\/Fondo-MARENA-y-el-Ministerio-de-Medio-Ambiente-presentan-avances-de-planes-de-manejo-en-areas-marinas-protegidas-del-proyecto-30\u00d730--771x1024.jpg 771w, https:\/\/diariodominicano.com\/wp-content\/uploads\/2025\/08\/Fondo-MARENA-y-el-Ministerio-de-Medio-Ambiente-presentan-avances-de-planes-de-manejo-en-areas-marinas-protegidas-del-proyecto-30\u00d730--226x300.jpg 226w, https:\/\/diariodominicano.com\/wp-content\/uploads\/2025\/08\/Fondo-MARENA-y-el-Ministerio-de-Medio-Ambiente-presentan-avances-de-planes-de-manejo-en-areas-marinas-protegidas-del-proyecto-30\u00d730--768x1020.jpg 768w, https:\/\/diariodominicano.com\/wp-content\/uploads\/2025\/08\/Fondo-MARENA-y-el-Ministerio-de-Medio-Ambiente-presentan-avances-de-planes-de-manejo-en-areas-marinas-protegidas-del-proyecto-30\u00d730--816x1083.jpg 816w, https:\/\/diariodominicano.com\/wp-content\/uploads\/2025\/08\/Fondo-MARENA-y-el-Ministerio-de-Medio-Ambiente-presentan-avances-de-planes-de-manejo-en-areas-marinas-protegidas-del-proyecto-30\u00d730-.jpg 931w\" sizes=\"auto, (max-width: 771px) 100vw, 771px\" \/><\/figure>\n<\/figure>\n\n\n\n<p>Durante el acto, el director t\u00e9cnico del Fondo MARENA, Manuel Matos, y la coordinadora del proyecto, Carolina de Hostos, presentaron la ruta t\u00e9cnica que ha guiado este proceso de planificaci\u00f3n, destacando el rol articulador del Fondo y el trabajo conjunto con los actores clave, as\u00ed como los resultados de las expediciones cient\u00edficas realizadas en las \u00c1reas Marinas Protegidas (AMPs).<\/p>\n\n\n\n<p>Asimismo, las organizaciones aliadas FUNDEMAR y Fundaci\u00f3n Propagas, contratadas por el Fondo MARENA, presentaron los productos t\u00e9cnicos desarrollados para el dise\u00f1o de los planes de manejo, que incluyen diagn\u00f3sticos, mapas, lineamientos operativos y estrategias participativas orientadas a su futura implementaci\u00f3n.<\/p>\n\n\n\n<p>Este esfuerzo refleja la capacidad de la Rep\u00fablica Dominicana de traducir compromisos internacionales en acciones concretas, y reafirma el liderazgo conjunto del Ministerio de Medio Ambiente y Recursos Naturales y del Fondo MARENA en la protecci\u00f3n de los recursos marinos&nbsp;del&nbsp;pa\u00eds.&#8211;<\/p>\n\n\n\n<p><strong>Nicol\u00e1s E. Grull\u00f3n<\/strong><br><strong>Comunicador&nbsp;<\/strong><\/p>\n\n\n\n<p>#Ing. Judith Valdez\u2003\u2003\u2002#Fondo MARENA\u2003\u2003\u2002#FUDEMAR<\/p>\n","protected":false},"excerpt":{"rendered":"<p>Ing. Judith Valdez DSanto Domingo, RD. \u2013 En el marco del compromiso nacional con la iniciativa global 30\u00d730, el Fondo Nacional para el Medio Ambiente y Recursos Naturales (Fondo MARENA) organiz\u00f3 una jornada de presentaci\u00f3n de los avances en los planes de manejo de \u00e1reas marinas protegidas, desarrollados en estrecha coordinaci\u00f3n con el Ministerio de [&hellip;]<\/p>\n","protected":false},"author":2,"featured_media":634384,"comment_status":"closed","ping_status":"closed","sticky":false,"template":"","format":"standard","meta":{"footnotes":""},"categories":[20],"tags":[3041,2923],"class_list":["post-634333","post","type-post","status-publish","format-standard","has-post-thumbnail","hentry","category-dominicana-hoy","tag-fondo-marena","tag-ministerio-de-medio-ambiente"],"_links":{"self":[{"href":"https:\/\/diariodominicano.com\/index.php?rest_route=\/wp\/v2\/posts\/634333","targetHints":{"allow":["GET"]}}],"collection":[{"href":"https:\/\/diariodominicano.com\/index.php?rest_route=\/wp\/v2\/posts"}],"about":[{"href":"https:\/\/diariodominicano.com\/index.php?rest_route=\/wp\/v2\/types\/post"}],"author":[{"embeddable":true,"href":"https:\/\/diariodominicano.com\/index.php?rest_route=\/wp\/v2\/users\/2"}],"replies":[{"embeddable":true,"href":"https:\/\/diariodominicano.com\/index.php?rest_route=%2Fwp%2Fv2%2Fcomments&post=634333"}],"version-history":[{"count":4,"href":"https:\/\/diariodominicano.com\/index.php?rest_route=\/wp\/v2\/posts\/634333\/revisions"}],"predecessor-version":[{"id":634388,"href":"https:\/\/diariodominicano.com\/index.php?rest_route=\/wp\/v2\/posts\/634333\/revisions\/634388"}],"wp:featuredmedia":[{"embeddable":true,"href":"https:\/\/diariodominicano.com\/index.php?rest_route=\/wp\/v2\/media\/634384"}],"wp:attachment":[{"href":"https:\/\/diariodominicano.com\/index.php?rest_route=%2Fwp%2Fv2%2Fmedia&parent=634333"}],"wp:term":[{"taxonomy":"category","embeddable":true,"href":"https:\/\/diariodominicano.com\/index.php?rest_route=%2Fwp%2Fv2%2Fcategories&post=634333"},{"taxonomy":"post_tag","embeddable":true,"href":"https:\/\/diariodominicano.com\/index.php?rest_route=%2Fwp%2Fv2%2Ftags&post=634333"}],"curies":[{"name":"wp","href":"https:\/\/api.w.org\/{rel}","templated":true}]}}