{"id":634215,"date":"2025-08-26T17:07:32","date_gmt":"2025-08-26T21:07:32","guid":{"rendered":"https:\/\/diariodominicano.com\/?p=634215"},"modified":"2025-08-26T23:26:09","modified_gmt":"2025-08-27T03:26:09","slug":"tres-meses-de-prision-preventiva-para-imputado-de-ultimar-a-hijo-de-un-ano-y-ocho-meses","status":"publish","type":"post","link":"https:\/\/diariodominicano.com\/?p=634215","title":{"rendered":"Oficina Judicial de Servicios de Atenci\u00f3n Permanente del Distrito Nacional impone 3 meses de prisi\u00f3n preventiva a imputado de ultimar a hijo de un a\u00f1o y 8 meses"},"content":{"rendered":"\n<p><strong>SANTO DOMINGO (Rep\u00fablica Dominicana).-<\/strong>&nbsp;A solicitud del Ministerio P\u00fablico, un tribunal impuso tres meses de prisi\u00f3n preventiva contra Dionys Anderson Zabala Reyes, imputado de causar la muerte a su hijo de un a\u00f1o y ocho meses de edad, en un hecho ocurrido la madrugada del 24 de agosto de 2025, en el sector Los Guandules, del Distrito Nacional.<\/p>\n\n\n\n<p>De acuerdo con la solicitud de medida de coerci\u00f3n, el imputado se encontraba junto al infante en la residencia ubicada en la calle Ricardo Carty, cuando lo asfixi\u00f3 mientras dorm\u00eda.<\/p>\n\n\n\n<p>La investigaci\u00f3n se\u00f1ala, que cerca de las 4:00 de la ma\u00f1ana, la madre del imputado escuch\u00f3 a su hijo exclamar que durmi\u00f3 a su primog\u00e9nito. Al percatarse de que su nieto no hab\u00eda despertado como acostumbraba, pidi\u00f3 ayuda a otros familiares para abrir la habitaci\u00f3n, donde encontraron al imputado abrazando al ni\u00f1o que no presentaba signos vitales.<\/p>\n\n\n\n<p>Tras un forcejeo, los parientes confirmaron que el ni\u00f1o no reaccionaba ni respiraba, por lo que contactaron al Sistema Nacional de Atenci\u00f3n a Emergencias y Seguridad 9-1-1. Agentes de la Polic\u00eda Nacional acudieron al lugar y arrestaron en flagrante delito al imputado, a quien le fueron le\u00eddos sus derechos constitucionales.<\/p>\n\n\n\n<p>De acuerdo con el acta de levantamiento No. 0100969, la causa de muerte del ni\u00f1o fue asfixia mec\u00e1nica.<\/p>\n\n\n\n<p>El Ministerio P\u00fablico otorg\u00f3 a este hecho la calificaci\u00f3n jur\u00eddica de homicidio voluntario, en violaci\u00f3n a los art\u00edculos 295 y 304 del C\u00f3digo Penal Dominicano, as\u00ed como de los art\u00edculos 396, literal a, y 397 de la Ley 136-03, C\u00f3digo para la Protecci\u00f3n y los Derechos Fundamentales de los Ni\u00f1os, Ni\u00f1as y Adolescentes.<\/p>\n\n\n\n<p>El juez Rigoberto Sena, de la Oficina Judicial de Servicios de Atenci\u00f3n Permanente del Distrito Nacional, impuso la prisi\u00f3n preventiva al imputado y dispuso su cumplimiento en el Centro de Correcci\u00f3n y Rehabilitaci\u00f3n de San Pedro de Macor\u00eds (CCR-11). La audiencia para la revisi\u00f3n de la medida fue fijada para el pr\u00f3ximo 26 de noviembre.<\/p>\n\n\n\n<p><strong>Direcci\u00f3n General de Comunicaci\u00f3n, Prensa y RRPP<\/strong><\/p>\n\n\n\n<p><strong>Ministerio P\u00fablico RD<\/strong><\/p>\n\n\n\n<p>Comunicaciones PGR <a href=\"mailto:comunicaciones@pgr.gob.do\">comunicaciones@pgr.gob.do<\/a><\/p>\n\n\n\n<p>#Dionys Anderson Zabala <\/p>\n","protected":false},"excerpt":{"rendered":"<p>SANTO DOMINGO (Rep\u00fablica Dominicana).-&nbsp;A solicitud del Ministerio P\u00fablico, un tribunal impuso tres meses de prisi\u00f3n preventiva contra Dionys Anderson Zabala Reyes, imputado de causar la muerte a su hijo de un a\u00f1o y ocho meses de edad, en un hecho ocurrido la madrugada del 24 de agosto de 2025, en el sector Los Guandules, del [&hellip;]<\/p>\n","protected":false},"author":7,"featured_media":446634,"comment_status":"closed","ping_status":"closed","sticky":false,"template":"","format":"standard","meta":{"footnotes":""},"categories":[24],"tags":[171],"class_list":["post-634215","post","type-post","status-publish","format-standard","has-post-thumbnail","hentry","category-justicia-y-derecho","tag-ministerio-publico"],"_links":{"self":[{"href":"https:\/\/diariodominicano.com\/index.php?rest_route=\/wp\/v2\/posts\/634215","targetHints":{"allow":["GET"]}}],"collection":[{"href":"https:\/\/diariodominicano.com\/index.php?rest_route=\/wp\/v2\/posts"}],"about":[{"href":"https:\/\/diariodominicano.com\/index.php?rest_route=\/wp\/v2\/types\/post"}],"author":[{"embeddable":true,"href":"https:\/\/diariodominicano.com\/index.php?rest_route=\/wp\/v2\/users\/7"}],"replies":[{"embeddable":true,"href":"https:\/\/diariodominicano.com\/index.php?rest_route=%2Fwp%2Fv2%2Fcomments&post=634215"}],"version-history":[{"count":2,"href":"https:\/\/diariodominicano.com\/index.php?rest_route=\/wp\/v2\/posts\/634215\/revisions"}],"predecessor-version":[{"id":634274,"href":"https:\/\/diariodominicano.com\/index.php?rest_route=\/wp\/v2\/posts\/634215\/revisions\/634274"}],"wp:featuredmedia":[{"embeddable":true,"href":"https:\/\/diariodominicano.com\/index.php?rest_route=\/wp\/v2\/media\/446634"}],"wp:attachment":[{"href":"https:\/\/diariodominicano.com\/index.php?rest_route=%2Fwp%2Fv2%2Fmedia&parent=634215"}],"wp:term":[{"taxonomy":"category","embeddable":true,"href":"https:\/\/diariodominicano.com\/index.php?rest_route=%2Fwp%2Fv2%2Fcategories&post=634215"},{"taxonomy":"post_tag","embeddable":true,"href":"https:\/\/diariodominicano.com\/index.php?rest_route=%2Fwp%2Fv2%2Ftags&post=634215"}],"curies":[{"name":"wp","href":"https:\/\/api.w.org\/{rel}","templated":true}]}}