{"id":634214,"date":"2025-08-26T16:58:43","date_gmt":"2025-08-26T20:58:43","guid":{"rendered":"https:\/\/diariodominicano.com\/?p=634214"},"modified":"2025-08-26T23:29:27","modified_gmt":"2025-08-27T03:29:27","slug":"diez-anos-de-prision-para-dos-agentes-policiales-por-robo-agravado","status":"publish","type":"post","link":"https:\/\/diariodominicano.com\/?p=634214","title":{"rendered":"Condenados a 10 a\u00f1os de prisi\u00f3n dos agentes policiales por robo agravado"},"content":{"rendered":"\n<p><strong>SANTO DOMINGO (Rep\u00fablica Dominicana).-<\/strong>&nbsp;Tras acoger la solicitud del Ministerio P\u00fablico, el Cuarto Tribunal Colegiado de Santo Domingo Oeste conden\u00f3 a 10 a\u00f1os de prisi\u00f3n a dos agentes policiales que asaltaron a punta de pistola a un conductor de transporte de mercanc\u00edas de una empresa privada, en un hecho ocurrido el 5 de febrero de 2022, en el municipio Pedro Brand.<\/p>\n\n\n\n<p>Los fiscales Francheska Alc\u00e1ntara y Nicasio Pulinario presentaron durante el juicio diversas pruebas contundentes, que resultaron determinantes para que el tribunal dictara la condena contra los procesados Jos\u00e9 Alberto Gil de Le\u00f3n y Dari\u00e9n Antonio Almonte Veras.<\/p>\n\n\n\n<p>El expediente, elaborado por el fiscal Jhony Alberto Germ\u00e1n Mateo, detalla que el d\u00eda de los hechos, la v\u00edctima se desplazaba en un cami\u00f3n cargado de mercanc\u00edas a la altura del kil\u00f3metro 30 de la autopista Duarte, con destino a San Francisco de Macor\u00eds.<\/p>\n\n\n\n<p>En su testimonio, la v\u00edctima explic\u00f3 que los acusados dispararon dos veces contra el veh\u00edculo, oblig\u00e1ndolo a \u00e9l y a su ayudante a detenerse y descender del cami\u00f3n, el cual fue sustra\u00eddo por los hoy condenados.<\/p>\n\n\n\n<p>Posteriormente, retiraron del interior del veh\u00edculo 218 cajas de aceite comestible marca Crisol, 15 cajas de whisky de diferentes marcas, tel\u00e9fonos celulares, herramientas y dinero en efectivo.<\/p>\n\n\n\n<p>Los jueces Julio de los Santos Morla, Clara Yoselin Rivera Franco y Leonarda Quezada Bel\u00e9n condenaron a los acusados por violar los art\u00edculos 265, 266, 379, 381, 382, 383 y 385 del C\u00f3digo Penal Dominicano, as\u00ed como los art\u00edculos 66 y 67 de la Ley 631-16 sobre Armas, Municiones y Materiales Relacionados.<\/p>\n\n\n\n<p>Los condenados deber\u00e1n cumplir la sentencia en la c\u00e1rcel p\u00fablica de la provincia La Vega, ubicada al norte del pa\u00eds.<\/p>\n\n\n\n<p><strong>Direcci\u00f3n General de Comunicaci\u00f3n, Prensa, y RRPP<\/strong><\/p>\n\n\n\n<p>Ministerio P\u00fablico.&nbsp;R.D.<\/p>\n\n\n\n<p>Comunicaciones PGR <a href=\"mailto:comunicaciones@pgr.gob.do\">comunicaciones@pgr.gob.do<\/a><\/p>\n\n\n\n<p>#Robo agravado\u2003\u2003\u2003\u2003\u2003\u2003\u2003\u2003\u2002#Pedro Brand<\/p>\n","protected":false},"excerpt":{"rendered":"<p>SANTO DOMINGO (Rep\u00fablica Dominicana).-&nbsp;Tras acoger la solicitud del Ministerio P\u00fablico, el Cuarto Tribunal Colegiado de Santo Domingo Oeste conden\u00f3 a 10 a\u00f1os de prisi\u00f3n a dos agentes policiales que asaltaron a punta de pistola a un conductor de transporte de mercanc\u00edas de una empresa privada, en un hecho ocurrido el 5 de febrero de 2022, [&hellip;]<\/p>\n","protected":false},"author":7,"featured_media":495896,"comment_status":"closed","ping_status":"closed","sticky":false,"template":"","format":"standard","meta":{"footnotes":""},"categories":[24],"tags":[171],"class_list":["post-634214","post","type-post","status-publish","format-standard","has-post-thumbnail","hentry","category-justicia-y-derecho","tag-ministerio-publico"],"_links":{"self":[{"href":"https:\/\/diariodominicano.com\/index.php?rest_route=\/wp\/v2\/posts\/634214","targetHints":{"allow":["GET"]}}],"collection":[{"href":"https:\/\/diariodominicano.com\/index.php?rest_route=\/wp\/v2\/posts"}],"about":[{"href":"https:\/\/diariodominicano.com\/index.php?rest_route=\/wp\/v2\/types\/post"}],"author":[{"embeddable":true,"href":"https:\/\/diariodominicano.com\/index.php?rest_route=\/wp\/v2\/users\/7"}],"replies":[{"embeddable":true,"href":"https:\/\/diariodominicano.com\/index.php?rest_route=%2Fwp%2Fv2%2Fcomments&post=634214"}],"version-history":[{"count":2,"href":"https:\/\/diariodominicano.com\/index.php?rest_route=\/wp\/v2\/posts\/634214\/revisions"}],"predecessor-version":[{"id":634276,"href":"https:\/\/diariodominicano.com\/index.php?rest_route=\/wp\/v2\/posts\/634214\/revisions\/634276"}],"wp:featuredmedia":[{"embeddable":true,"href":"https:\/\/diariodominicano.com\/index.php?rest_route=\/wp\/v2\/media\/495896"}],"wp:attachment":[{"href":"https:\/\/diariodominicano.com\/index.php?rest_route=%2Fwp%2Fv2%2Fmedia&parent=634214"}],"wp:term":[{"taxonomy":"category","embeddable":true,"href":"https:\/\/diariodominicano.com\/index.php?rest_route=%2Fwp%2Fv2%2Fcategories&post=634214"},{"taxonomy":"post_tag","embeddable":true,"href":"https:\/\/diariodominicano.com\/index.php?rest_route=%2Fwp%2Fv2%2Ftags&post=634214"}],"curies":[{"name":"wp","href":"https:\/\/api.w.org\/{rel}","templated":true}]}}