{"id":634197,"date":"2025-08-26T11:34:03","date_gmt":"2025-08-26T15:34:03","guid":{"rendered":"https:\/\/diariodominicano.com\/?p=634197"},"modified":"2025-08-26T11:53:12","modified_gmt":"2025-08-26T15:53:12","slug":"titular-de-la-onu-condena-asesinatos-en-gaza","status":"publish","type":"post","link":"https:\/\/diariodominicano.com\/?p=634197","title":{"rendered":"Titular de la ONU condena asesinatos en Gaza"},"content":{"rendered":"\n<p>Naciones Unidas, 26 ago (Prensa Latina) El secretario general de la ONU, Ant\u00f3nio Guterres, expres\u00f3 hoy su preocupaci\u00f3n por los riesgos extremos que enfrentan los periodistas y el personal m\u00e9dico en Gaza y conden\u00f3 los continuos ataques y asesinatos perpetrados por las fuerzas israel\u00edes.<\/p>\n\n\n\n<ul class=\"wp-block-list\">\n<li><a href=\"https:\/\/www.prensa-latina.cu\/2025\/08\/26\/\"><time>agosto 26, 2025 | 10:37<\/time><\/a><\/li>\n<\/ul>\n\n\n\n<ul class=\"wp-block-list\">\n<li><a href=\"https:\/\/www.prensa-latina.cu\/2025\/08\/26\/titular-de-la-onu-condena-asesinatos-en-gaza\/#\"><\/a><\/li>\n\n\n\n<li><a href=\"https:\/\/www.prensa-latina.cu\/2025\/08\/26\/titular-de-la-onu-condena-asesinatos-en-gaza\/#\"><\/a><\/li>\n\n\n\n<li><a href=\"https:\/\/www.prensa-latina.cu\/2025\/08\/26\/titular-de-la-onu-condena-asesinatos-en-gaza\/#\"><\/a><\/li>\n\n\n\n<li><a href=\"https:\/\/www.prensa-latina.cu\/2025\/08\/26\/titular-de-la-onu-condena-asesinatos-en-gaza\/#\"><\/a><\/li>\n<\/ul>\n\n\n\n<p>Al menos 29 palestinos murieron la v\u00edspera en agresiones del Ej\u00e9rcito israel\u00ed en la Franja de Gaza, incluidos 15 en un bombardeo contra el sure\u00f1o Complejo M\u00e9dico Nasser en Khan Yunis.<\/p>\n\n\n\n<p>Entre los fallecidos se encuentran cinco periodistas y miembros de los equipos de ambulancias y de la Defensa Civil que evacuaban a los lesionados.<\/p>\n\n\n\n<p>El titular de la Organizaci\u00f3n de las Naciones Unidas (ONU) expres\u00f3 su en\u00e9rgico rechazo a hechos de ese tipo, los cuales calific\u00f3 de terribles y brutales.<\/p>\n\n\n\n<p>Adem\u00e1s, record\u00f3 que los civiles deben ser respetados y protegidos en todo momento y exigi\u00f3 una investigaci\u00f3n inmediata e imparcial sobre lo ocurrido.<\/p>\n\n\n\n<p>Tambi\u00e9n indic\u00f3 que el personal m\u00e9dico y los periodistas deben poder desempe\u00f1ar sus funciones esenciales sin interferencias, intimidaci\u00f3n ni da\u00f1os, en plena conformidad con el derecho internacional humanitario.<\/p>\n\n\n\n<p>Reiter\u00f3 su llamado a un alto el fuego urgente y permanente, al acceso humanitario sin restricciones en toda Gaza y a la liberaci\u00f3n de todos los rehenes.<\/p>\n\n\n\n<p>Seg\u00fan cifras extraoficiales citadas por la ONU, casi 280 profesionales de la prensa fueron abatidos desde el inicio de la embestida de Israel en ese territorio palestino, el 7 de octubre de 2023.<\/p>\n\n\n\n<p>Por su parte, el comisionado general de la Agencia de la ONU para los Refugiados Palestinos, Philippe Lazzarini, afirm\u00f3 que se siguen silenciando \u201clas \u00faltimas voces que informan sobre ni\u00f1os que mueren en medio de la hambruna\u201d.<\/p>\n\n\n\n<p>\u201cM\u00e1s periodistas asesinados. La indiferencia e inacci\u00f3n del mundo son impactantes\u201d, escribi\u00f3 en su perfil en la red social X.<\/p>\n\n\n\n<p>rc\/gas<\/p>\n\n\n\n<ul class=\"wp-block-list\">\n<li>#<a href=\"https:\/\/www.prensa-latina.cu\/etiqueta\/asesinatos\/\">asesinatos<\/a>\u00a0#<a href=\"https:\/\/www.prensa-latina.cu\/etiqueta\/gaza\/\">gaza<\/a>\u00a0#<a href=\"https:\/\/www.prensa-latina.cu\/etiqueta\/israel\/\">Israel<\/a>\u00a0#<a href=\"https:\/\/www.prensa-latina.cu\/etiqueta\/onu\/\">ONU<\/a><\/li>\n<\/ul>\n","protected":false},"excerpt":{"rendered":"<p>Naciones Unidas, 26 ago (Prensa Latina) El secretario general de la ONU, Ant\u00f3nio Guterres, expres\u00f3 hoy su preocupaci\u00f3n por los riesgos extremos que enfrentan los periodistas y el personal m\u00e9dico en Gaza y conden\u00f3 los continuos ataques y asesinatos perpetrados por las fuerzas israel\u00edes. Al menos 29 palestinos murieron la v\u00edspera en agresiones del Ej\u00e9rcito [&hellip;]<\/p>\n","protected":false},"author":2,"featured_media":634198,"comment_status":"closed","ping_status":"closed","sticky":false,"template":"","format":"standard","meta":{"footnotes":""},"categories":[36,23,27],"tags":[],"class_list":["post-634197","post","type-post","status-publish","format-standard","has-post-thumbnail","hentry","category-hombresmujeresycosas","category-internacional","category-portada"],"_links":{"self":[{"href":"https:\/\/diariodominicano.com\/index.php?rest_route=\/wp\/v2\/posts\/634197","targetHints":{"allow":["GET"]}}],"collection":[{"href":"https:\/\/diariodominicano.com\/index.php?rest_route=\/wp\/v2\/posts"}],"about":[{"href":"https:\/\/diariodominicano.com\/index.php?rest_route=\/wp\/v2\/types\/post"}],"author":[{"embeddable":true,"href":"https:\/\/diariodominicano.com\/index.php?rest_route=\/wp\/v2\/users\/2"}],"replies":[{"embeddable":true,"href":"https:\/\/diariodominicano.com\/index.php?rest_route=%2Fwp%2Fv2%2Fcomments&post=634197"}],"version-history":[{"count":1,"href":"https:\/\/diariodominicano.com\/index.php?rest_route=\/wp\/v2\/posts\/634197\/revisions"}],"predecessor-version":[{"id":634199,"href":"https:\/\/diariodominicano.com\/index.php?rest_route=\/wp\/v2\/posts\/634197\/revisions\/634199"}],"wp:featuredmedia":[{"embeddable":true,"href":"https:\/\/diariodominicano.com\/index.php?rest_route=\/wp\/v2\/media\/634198"}],"wp:attachment":[{"href":"https:\/\/diariodominicano.com\/index.php?rest_route=%2Fwp%2Fv2%2Fmedia&parent=634197"}],"wp:term":[{"taxonomy":"category","embeddable":true,"href":"https:\/\/diariodominicano.com\/index.php?rest_route=%2Fwp%2Fv2%2Fcategories&post=634197"},{"taxonomy":"post_tag","embeddable":true,"href":"https:\/\/diariodominicano.com\/index.php?rest_route=%2Fwp%2Fv2%2Ftags&post=634197"}],"curies":[{"name":"wp","href":"https:\/\/api.w.org\/{rel}","templated":true}]}}