{"id":634161,"date":"2025-08-26T10:27:16","date_gmt":"2025-08-26T14:27:16","guid":{"rendered":"https:\/\/diariodominicano.com\/?p=634161"},"modified":"2025-08-26T10:27:19","modified_gmt":"2025-08-26T14:27:19","slug":"en-ny-agradecen-fundacion-pague-a-un-tercero-entrega-utiles-escolares-a-ninos-en-santo-domingo-oeste","status":"publish","type":"post","link":"https:\/\/diariodominicano.com\/?p=634161","title":{"rendered":"En NY agradecen \u00abFundaci\u00f3n Pague a un Tercero\u00bb entrega \u00fatiles escolares a ni\u00f1os en Santo Domingo Oeste"},"content":{"rendered":"\n<p><strong>Por Ram\u00f3n Mercedes<\/strong><\/p>\n\n\n\n<p><strong>NUEVA YORK.-<\/strong>&nbsp;Dominicanos residentes en esta ciudad procedentes de los sectores de Los Girasoles, Caballona, La Hondonada, Capotillo, Ensanche Luper\u00f3n y en el municipio de Palav\u00e9, en Santo Domingo Oeste, agradecieron la entrega de \u00fatiles escolares a m\u00e1s de 600 ni\u00f1os necesitados, de parte de&nbsp;la \u00abFundaci\u00f3n Pague a un Tercero Inc.\u00bb, que dirige el comunicador Manuel Cruz.<\/p>\n\n\n\n<p>La jornada, realizada el pasado fin de semana, y cont\u00f3 con \u00fatiles indispensables, como mochilas, cuadernos, kits de l\u00e1pices, uniformes, entre otros, fueron entregados a alumnos de esos lugares, teniendo as\u00ed una esperanza en medio de las dificultades que los condicionan de un inicio de a\u00f1o escolar digno.<\/p>\n\n\n\n<p>\u00abIniciamos como cada a\u00f1o por Los Girasoles, donando \u00fatiles escolares para ni\u00f1os de escasos recursos en varios barrios, una labor social que por m\u00e1s de 20 a\u00f1os viene realizando la Fundaci\u00f3n\u00bb, precis\u00f3 Cruz.<\/p>\n\n\n\n<p>Asimismo, expres\u00f3, \u201cgracias a Dios por permitirnos colaborar con los que menos tienen, y a los servidores que colaboraron durante la entrega\u201d.<\/p>\n\n\n\n<p>Entre los quisqueyanos que dijeron apoyar ese acto humanitario en auxilio de sus connacionales residentes en esos sectores, de donde ellos provienen, figuran Antonio Ruiz, Altagracia de Jes\u00fas, Juan Carlos Rodr\u00edguez y William Quezada.<\/p>\n\n\n\n<p>Adem\u00e1s, Pablo Contreras, Dar\u00edo Rojas, Emilio Adames, Miguelina de Jes\u00fas, Josefina del Orbe, Lourdes Mart\u00ednez, H\u00e9ctor Luna, Rodolfo Guzm\u00e1n, Andrea Liberato, Mildred Lluberes, Stalin Ulloa, Lina Rivera, Jes\u00fas Manuel Santos, Elvin Zapata, Leonardo L\u00f3pez, Milc\u00edades Reyes, Eduardo S\u00e1nchez, Aurelio Mata, S\u00f3crates Cabral, Eugenia de Torres, Miriam Liberato, Sandra Marmolejos y Alejandro Ram\u00edrez, entre otros.<\/p>\n","protected":false},"excerpt":{"rendered":"<p>Por Ram\u00f3n Mercedes NUEVA YORK.-&nbsp;Dominicanos residentes en esta ciudad procedentes de los sectores de Los Girasoles, Caballona, La Hondonada, Capotillo, Ensanche Luper\u00f3n y en el municipio de Palav\u00e9, en Santo Domingo Oeste, agradecieron la entrega de \u00fatiles escolares a m\u00e1s de 600 ni\u00f1os necesitados, de parte de&nbsp;la \u00abFundaci\u00f3n Pague a un Tercero Inc.\u00bb, que dirige [&hellip;]<\/p>\n","protected":false},"author":2,"featured_media":634162,"comment_status":"closed","ping_status":"closed","sticky":false,"template":"","format":"standard","meta":{"footnotes":""},"categories":[20],"tags":[],"class_list":["post-634161","post","type-post","status-publish","format-standard","has-post-thumbnail","hentry","category-dominicana-hoy"],"_links":{"self":[{"href":"https:\/\/diariodominicano.com\/index.php?rest_route=\/wp\/v2\/posts\/634161","targetHints":{"allow":["GET"]}}],"collection":[{"href":"https:\/\/diariodominicano.com\/index.php?rest_route=\/wp\/v2\/posts"}],"about":[{"href":"https:\/\/diariodominicano.com\/index.php?rest_route=\/wp\/v2\/types\/post"}],"author":[{"embeddable":true,"href":"https:\/\/diariodominicano.com\/index.php?rest_route=\/wp\/v2\/users\/2"}],"replies":[{"embeddable":true,"href":"https:\/\/diariodominicano.com\/index.php?rest_route=%2Fwp%2Fv2%2Fcomments&post=634161"}],"version-history":[{"count":1,"href":"https:\/\/diariodominicano.com\/index.php?rest_route=\/wp\/v2\/posts\/634161\/revisions"}],"predecessor-version":[{"id":634163,"href":"https:\/\/diariodominicano.com\/index.php?rest_route=\/wp\/v2\/posts\/634161\/revisions\/634163"}],"wp:featuredmedia":[{"embeddable":true,"href":"https:\/\/diariodominicano.com\/index.php?rest_route=\/wp\/v2\/media\/634162"}],"wp:attachment":[{"href":"https:\/\/diariodominicano.com\/index.php?rest_route=%2Fwp%2Fv2%2Fmedia&parent=634161"}],"wp:term":[{"taxonomy":"category","embeddable":true,"href":"https:\/\/diariodominicano.com\/index.php?rest_route=%2Fwp%2Fv2%2Fcategories&post=634161"},{"taxonomy":"post_tag","embeddable":true,"href":"https:\/\/diariodominicano.com\/index.php?rest_route=%2Fwp%2Fv2%2Ftags&post=634161"}],"curies":[{"name":"wp","href":"https:\/\/api.w.org\/{rel}","templated":true}]}}