{"id":634156,"date":"2025-08-26T05:16:35","date_gmt":"2025-08-26T09:16:35","guid":{"rendered":"https:\/\/diariodominicano.com\/?p=634156"},"modified":"2025-08-26T05:19:15","modified_gmt":"2025-08-26T09:19:15","slug":"el-presidente-abinader-informa-ano-escolar-se-inicia-con-una-matricula-de-2664028-estudiantes","status":"publish","type":"post","link":"https:\/\/diariodominicano.com\/?p=634156","title":{"rendered":"El Presidente Abinader informa a\u00f1o escolar se inicia con una matr\u00edcula de 2,664,028 estudiantes"},"content":{"rendered":"\n<p>77.5 % corresponde al sector p\u00fablico y 22.5 % al sector privado.<\/p>\n\n\n\n<h3 class=\"wp-block-heading\">Gobierno garantiza entrega de todos los kits escolares a estudiantes del pa\u00eds y resalta avances en la educaci\u00f3n<\/h3>\n\n\n\n<p>25 de Agosto 2025 | 19:43<\/p>\n\n\n\n<p>Santo Domingo, RD.\u2013\u00a0<strong>El presidente Luis Abinader<\/strong>\u00a0inform\u00f3 que el sistema educativo dominicano inicia el a\u00f1o escolar\u00a0<strong>2025-2026<\/strong>\u00a0con una matr\u00edcula total de\u00a0<strong>2,664,028 estudiantes<\/strong>, de los cuales el\u00a0<strong>77.5 %<\/strong>\u00a0corresponde al\u00a0<strong>sector p\u00fablico<\/strong>\u00a0y el\u00a0<strong>22.5 %<\/strong>\u00a0al sector\u00a0<strong>privado<\/strong>, distribuidos en\u00a0<strong>7,931<\/strong>\u00a0centros p\u00fablicos y\u00a0<strong>miles<\/strong>\u00a0de instituciones privadas.<\/p>\n\n\n\n<p>Durante la presentaci\u00f3n del panorama educativo, el presidente Abinader destac\u00f3 que&nbsp;<strong>m\u00e1s de 1.3 millones<\/strong>&nbsp;de alumnos (72.4 %) estudian en&nbsp;<strong>tanda extendida<\/strong>, lo que representa&nbsp;<strong>205,424 estudiantes adicionales<\/strong>&nbsp;respecto al a\u00f1o escolar 2019-2020.<\/p>\n\n\n\n<p>Estas informaciones las ofreci\u00f3 el mandatario durante&nbsp;<strong>LA Semanal con la Prensa,<\/strong>&nbsp;realizada en el<strong>&nbsp;Sal\u00f3n Las Cari\u00e1tides del Palacio Nacional<\/strong>&nbsp;y que llev\u00f3 por tema&nbsp;<strong>\u201cEducaci\u00f3n garantizada\u201d.<\/strong><\/p>\n\n\n\n<figure class=\"wp-block-image\"><img decoding=\"async\" src=\"https:\/\/www.presidencia.gob.do\/sites\/default\/files\/inline-images\/1000677120.jpg\" alt=\"\"\/><\/figure>\n\n\n\n<p>El jefe de Estado asegur\u00f3 que su gobierno trabaja en torno a cuatro ejes fundamentales:<\/p>\n\n\n\n<p>1.&nbsp;<strong>Educaci\u00f3n de calidad<\/strong>&nbsp;desde el aula, con programas de alfabetizaci\u00f3n temprana, mejora en los aprendizajes y uso de tecnolog\u00eda, incluyendo&nbsp;<strong>rob\u00f3tica<\/strong>&nbsp;y herramientas de&nbsp;<strong>inteligencia artificial<\/strong>&nbsp;para fortalecer las&nbsp;<strong>matem\u00e1ticas en secundaria.<\/strong><\/p>\n\n\n\n<p>2. Educaci\u00f3n que abra puertas a la&nbsp;<strong>empleabilidad<\/strong>, con la ampliaci\u00f3n de la educaci\u00f3n&nbsp;<strong>t\u00e9cnica-profesional<\/strong>, ense\u00f1anza&nbsp;<strong>de ingl\u00e9s<\/strong>&nbsp;y programas para j\u00f3venes y adultos.<\/p>\n\n\n\n<figure class=\"wp-block-image\"><img decoding=\"async\" src=\"https:\/\/www.presidencia.gob.do\/sites\/default\/files\/inline-images\/1000677117.jpg\" alt=\"\"\/><\/figure>\n\n\n\n<p>3. Educaci\u00f3n&nbsp;<strong>sin excusas ni exclusiones<\/strong>, mediante el&nbsp;<strong>transporte escolar nacional<\/strong>, que ya opera con&nbsp;<strong>1,871 autobuses en 660 rutas,<\/strong>&nbsp;incluyendo unidades accesibles para&nbsp;<strong>estudiantes con discapacidad<\/strong>. Asimismo, se garantiza la cobertura del&nbsp;<strong>Plan de Alimentaci\u00f3n Escolar<\/strong>&nbsp;(PAE) y la entrega de&nbsp;<strong>m\u00e1s de un mill\u00f3n<\/strong>&nbsp;de kits escolares en 69 distritos.<\/p>\n\n\n\n<p>4. Educaci\u00f3n con&nbsp;<strong>valores, identidad y ciudadan\u00eda activa<\/strong>, incorporando desde este a\u00f1o la ense\u00f1anza expl\u00edcita de&nbsp;<strong>moral, c\u00edvica y \u00e9tica ciudadana<\/strong>&nbsp;en todos los niveles, adem\u00e1s de programas de cultura de paz, liderazgo estudiantil y participaci\u00f3n juvenil.<\/p>\n\n\n\n<p>El presidente tambi\u00e9n resalt\u00f3 el impacto de programas sociales como&nbsp;<strong>\u201cBono a Mil\u201d,<\/strong>&nbsp;que beneficiar\u00e1 a&nbsp;<strong>m\u00e1s de un mill\u00f3n<\/strong>&nbsp;de estudiantes, y el plan de reinserci\u00f3n escolar \u201c<strong>Vuelta a la Escuela<\/strong>\u201d, dirigido a adolescentes y j\u00f3venes.<\/p>\n\n\n\n<p><em>\u201cNuestro compromiso es garantizar que cada ni\u00f1o y cada joven concluya su educaci\u00f3n con \u00e9xito y aprendizajes s\u00f3lidos\u201d,<\/em>&nbsp;afirm\u00f3 el presidente Abinader, al tiempo que subray\u00f3 que la educaci\u00f3n dominicana avanza hacia un modelo&nbsp;<strong>inclusivo, innovador y centrado en el futuro<\/strong>&nbsp;de las nuevas generaciones.<\/p>\n\n\n\n<p><strong>Director de INABIE<\/strong><\/p>\n\n\n\n<p>El director del INABIE,&nbsp;<strong>Adolfo P\u00e9rez,<\/strong>&nbsp;expres\u00f3 que en cuanto a la utiler\u00eda escolar, para el&nbsp;<strong>a\u00f1o 2019<\/strong>&nbsp;solo el&nbsp;<strong>17 %<\/strong>&nbsp;de los estudiantes la recib\u00eda, en el&nbsp;<strong>2021<\/strong>&nbsp;subi\u00f3 a un&nbsp;<strong>32 %<\/strong>, y para este&nbsp;<strong>2025<\/strong>&nbsp;lo recibir\u00e1 el&nbsp;<strong>100 % de los estudiantes<\/strong>.<em>&nbsp;\u201cEst\u00e1 garantizada la utiler\u00eda escolar, como son los zapatos, uniformes y mochilas del sistema p\u00fablico\u201d.<\/em><\/p>\n\n\n\n<p>Dijo que, hasta la fecha, se han entregado un\u00a0<strong>60 % de los kits,<\/strong>\u00a0y que, por d\u00eda, se entregan unos\u00a0<strong>25,000<\/strong>. Asegur\u00f3, que en unas\u00a0<strong>tres o cuatro<\/strong>\u00a0<strong>semanas<\/strong>\u00a0podr\u00edan entregarse en su totalidad.<\/p>\n\n\n\n<p>Con informaci\u00f3n de la Presidencia de la Rep\u00fablica.<\/p>\n\n\n\n<p>#Abinader\u2003 #INABIE\u2003\u2003\u2003\u2003<\/p>\n","protected":false},"excerpt":{"rendered":"<p>77.5 % corresponde al sector p\u00fablico y 22.5 % al sector privado. Gobierno garantiza entrega de todos los kits escolares a estudiantes del pa\u00eds y resalta avances en la educaci\u00f3n 25 de Agosto 2025 | 19:43 Santo Domingo, RD.\u2013\u00a0El presidente Luis Abinader\u00a0inform\u00f3 que el sistema educativo dominicano inicia el a\u00f1o escolar\u00a02025-2026\u00a0con una matr\u00edcula total de\u00a02,664,028 [&hellip;]<\/p>\n","protected":false},"author":2,"featured_media":634157,"comment_status":"closed","ping_status":"closed","sticky":false,"template":"","format":"standard","meta":{"footnotes":""},"categories":[21,20,27],"tags":[],"class_list":["post-634156","post","type-post","status-publish","format-standard","has-post-thumbnail","hentry","category-cultura","category-dominicana-hoy","category-portada"],"_links":{"self":[{"href":"https:\/\/diariodominicano.com\/index.php?rest_route=\/wp\/v2\/posts\/634156","targetHints":{"allow":["GET"]}}],"collection":[{"href":"https:\/\/diariodominicano.com\/index.php?rest_route=\/wp\/v2\/posts"}],"about":[{"href":"https:\/\/diariodominicano.com\/index.php?rest_route=\/wp\/v2\/types\/post"}],"author":[{"embeddable":true,"href":"https:\/\/diariodominicano.com\/index.php?rest_route=\/wp\/v2\/users\/2"}],"replies":[{"embeddable":true,"href":"https:\/\/diariodominicano.com\/index.php?rest_route=%2Fwp%2Fv2%2Fcomments&post=634156"}],"version-history":[{"count":2,"href":"https:\/\/diariodominicano.com\/index.php?rest_route=\/wp\/v2\/posts\/634156\/revisions"}],"predecessor-version":[{"id":634160,"href":"https:\/\/diariodominicano.com\/index.php?rest_route=\/wp\/v2\/posts\/634156\/revisions\/634160"}],"wp:featuredmedia":[{"embeddable":true,"href":"https:\/\/diariodominicano.com\/index.php?rest_route=\/wp\/v2\/media\/634157"}],"wp:attachment":[{"href":"https:\/\/diariodominicano.com\/index.php?rest_route=%2Fwp%2Fv2%2Fmedia&parent=634156"}],"wp:term":[{"taxonomy":"category","embeddable":true,"href":"https:\/\/diariodominicano.com\/index.php?rest_route=%2Fwp%2Fv2%2Fcategories&post=634156"},{"taxonomy":"post_tag","embeddable":true,"href":"https:\/\/diariodominicano.com\/index.php?rest_route=%2Fwp%2Fv2%2Ftags&post=634156"}],"curies":[{"name":"wp","href":"https:\/\/api.w.org\/{rel}","templated":true}]}}