{"id":634151,"date":"2025-08-26T05:06:48","date_gmt":"2025-08-26T09:06:48","guid":{"rendered":"https:\/\/diariodominicano.com\/?p=634151"},"modified":"2025-08-26T05:06:52","modified_gmt":"2025-08-26T09:06:52","slug":"trump-espera-reunirse-este-ano-con-kim-jong-un","status":"publish","type":"post","link":"https:\/\/diariodominicano.com\/?p=634151","title":{"rendered":"Trump espera reunirse este a\u00f1o con Kim Jong Un"},"content":{"rendered":"\n<p><em>spanish.news.cn<\/em>|<em>&nbsp;2025-08-26 04:40:00<\/em>|<\/p>\n\n\n\n<p>WASHINGTON, 25 ago (Xinhua) &#8212; El presidente de Estados Unidos, Donald Trump, dijo hoy lunes que espera reunirse este a\u00f1o con el m\u00e1ximo l\u00edder de Rep\u00fablica Popular Democr\u00e1tica de Corea (RPDC), Kim Jong Un.<\/p>\n\n\n\n<p>Al inicio de su encuentro con el presidente surcoreano de visita en el pa\u00eds Lee Jae-myung, Trump dijo a los reporteros en la Casa Blanca que tiene \u00abuna muy buena relaci\u00f3n\u00bb con Kim y que espera reunirse de nuevo con \u00e9l.<\/p>\n\n\n\n<p>\u00abRealmente me llevo muy bien con \u00e9l. Creo que tiene un pa\u00eds de gran potencial, de enorme potencial\u00bb, dijo Trump.<\/p>\n\n\n\n<p>Durante el primer periodo presidencial de Trump, \u00e9l y Kim se reunieron por primera ocasi\u00f3n en Singapur en 2018, lo que constituy\u00f3 la primera cumbre EEUU-RPDC jam\u00e1s realizada. Despu\u00e9s se reunieron de nuevo en Hanoi, Vietnam, en febrero de 2019, y m\u00e1s tarde, en junio de ese a\u00f1o, en la localidad fronteriza intercoreana de Panmunjom.<\/p>\n\n\n\n<p><a href=\"https:\/\/www.facebook.com\/sharer\/sharer.php?u=https:\/\/spanish.news.cn\/20250826\/3db015290e5b4c2db2ec1ddedfeeb250\/c.html\" target=\"_blank\" rel=\"noreferrer noopener\"><\/a>&nbsp;<a href=\"https:\/\/twitter.com\/intent\/tweet?text=Trump%20espera%20reunirse%20este%20a%C3%B1o%20con%20Kim%20Jong%20Un&amp;url=https:\/\/spanish.news.cn\/20250826\/3db015290e5b4c2db2ec1ddedfeeb250\/c.html\" target=\"_blank\" rel=\"noreferrer noopener\"><\/a>&nbsp;<a target=\"_blank\" href=\"https:\/\/service.weibo.com\/share\/share.php?title=Trump%20espera%20reunirse%20este%20a%C3%B1o%20con%20Kim%20Jong%20Un&amp;url=https:\/\/spanish.news.cn\/20250826\/3db015290e5b4c2db2ec1ddedfeeb250\/c.html\" rel=\"noreferrer noopener\"><\/a>&nbsp;<a><\/a><\/p>\n\n\n\n<figure class=\"wp-block-image\"><img decoding=\"async\" src=\"https:\/\/imgs.news.cn\/res\/xhwimg\/spanish\/20170522\/img\/jc-xfa.png\" alt=\"\"\/><\/figure>\n\n\n\n<figure class=\"wp-block-table\"><table><tbody><tr><td><\/td><\/tr><\/tbody><\/table><\/figure>\n","protected":false},"excerpt":{"rendered":"<p>spanish.news.cn|&nbsp;2025-08-26 04:40:00| WASHINGTON, 25 ago (Xinhua) &#8212; El presidente de Estados Unidos, Donald Trump, dijo hoy lunes que espera reunirse este a\u00f1o con el m\u00e1ximo l\u00edder de Rep\u00fablica Popular Democr\u00e1tica de Corea (RPDC), Kim Jong Un. Al inicio de su encuentro con el presidente surcoreano de visita en el pa\u00eds Lee Jae-myung, Trump dijo a [&hellip;]<\/p>\n","protected":false},"author":2,"featured_media":0,"comment_status":"closed","ping_status":"closed","sticky":false,"template":"","format":"standard","meta":{"footnotes":""},"categories":[23],"tags":[],"class_list":["post-634151","post","type-post","status-publish","format-standard","hentry","category-internacional"],"_links":{"self":[{"href":"https:\/\/diariodominicano.com\/index.php?rest_route=\/wp\/v2\/posts\/634151","targetHints":{"allow":["GET"]}}],"collection":[{"href":"https:\/\/diariodominicano.com\/index.php?rest_route=\/wp\/v2\/posts"}],"about":[{"href":"https:\/\/diariodominicano.com\/index.php?rest_route=\/wp\/v2\/types\/post"}],"author":[{"embeddable":true,"href":"https:\/\/diariodominicano.com\/index.php?rest_route=\/wp\/v2\/users\/2"}],"replies":[{"embeddable":true,"href":"https:\/\/diariodominicano.com\/index.php?rest_route=%2Fwp%2Fv2%2Fcomments&post=634151"}],"version-history":[{"count":1,"href":"https:\/\/diariodominicano.com\/index.php?rest_route=\/wp\/v2\/posts\/634151\/revisions"}],"predecessor-version":[{"id":634152,"href":"https:\/\/diariodominicano.com\/index.php?rest_route=\/wp\/v2\/posts\/634151\/revisions\/634152"}],"wp:attachment":[{"href":"https:\/\/diariodominicano.com\/index.php?rest_route=%2Fwp%2Fv2%2Fmedia&parent=634151"}],"wp:term":[{"taxonomy":"category","embeddable":true,"href":"https:\/\/diariodominicano.com\/index.php?rest_route=%2Fwp%2Fv2%2Fcategories&post=634151"},{"taxonomy":"post_tag","embeddable":true,"href":"https:\/\/diariodominicano.com\/index.php?rest_route=%2Fwp%2Fv2%2Ftags&post=634151"}],"curies":[{"name":"wp","href":"https:\/\/api.w.org\/{rel}","templated":true}]}}