{"id":634140,"date":"2025-08-26T04:57:34","date_gmt":"2025-08-26T08:57:34","guid":{"rendered":"https:\/\/diariodominicano.com\/?p=634140"},"modified":"2025-08-26T04:59:33","modified_gmt":"2025-08-26T08:59:33","slug":"presidente-luis-abinader-encabeza-reunion-de-seguimiento-al-plan-de-seguridad-ciudadana","status":"publish","type":"post","link":"https:\/\/diariodominicano.com\/?p=634140","title":{"rendered":"Presidente Luis Abinader encabeza reuni\u00f3n de seguimiento al Plan de Seguridad Ciudadana"},"content":{"rendered":"\n<h3 class=\"wp-block-heading\"><\/h3>\n\n\n\n<p>25 de Agosto 2025<\/p>\n\n\n\n<p>Santo Domingo, RD.-\u00a0<strong>El presidente Luis Abinader<\/strong>\u00a0encabez\u00f3 el lunes  la reuni\u00f3n de seguimiento al\u00a0<strong>Plan de Seguridad Ciudadana,<\/strong>\u00a0para continuar\u00a0<strong>fortaleciendo la seguridad<\/strong>\u00a0en Rep\u00fablica Dominicana.<\/p>\n\n\n\n<p>En esta ocasi\u00f3n, particip\u00f3 en el\u00a0 encuentro la\u00a0<strong>Delegaci\u00f3n de Uni\u00f3n Internacional de Deporte Policial<\/strong>\u00a0(USIP, en ingl\u00e9s).<\/p>\n\n\n\n<p>La sesi\u00f3n de trabajo se realiza en el&nbsp;<strong>Sal\u00f3n del Club de Oficiales del Palacio de la Polic\u00eda Nacional<\/strong>, donde se contin\u00faan evaluando las&nbsp;<strong>tareas asignadas, logros obtenidos y las medidas<\/strong>&nbsp;para seguir garantizando el bienestar de los dominicanos.<\/p>\n\n\n\n<p>En compa\u00f1\u00eda del mandatario se encuentran los ministros, de Interior y Polic\u00eda,&nbsp;<strong>Faride Raful<\/strong>; de Defensa,&nbsp;<strong>teniente general Carlos Antonio Fern\u00e1ndez Onofre<\/strong>; de Salud,&nbsp;<strong>V\u00edctor Atallah<\/strong>; la procuradora general de la Rep\u00fablica,&nbsp;<strong>Yeni Berenice Reynoso<\/strong>; el director de la Polic\u00eda Nacional,&nbsp;<strong>mayor general Ram\u00f3n Antonio Guzm\u00e1n Peralta,<\/strong>&nbsp;y el comandante de la Fuerza A\u00e9rea,&nbsp;<strong>mayor general piloto Floreal T. Su\u00e1rez Mart\u00ednez.<\/strong><\/p>\n\n\n\n<p>Tambi\u00e9n, los presidentes del Consejo Nacional de Drogas (CND),&nbsp;<strong>Alejandro de Jes\u00fas Abreu;<\/strong>&nbsp;los directores de Migraci\u00f3n&nbsp;<strong>vicealmirante Luis Rafael Lee Ballester<\/strong>; de la Comisi\u00f3n Militar y Policial (Comipol),&nbsp;<strong>coronel Luis Rafael Herrera Almonte<\/strong>; de la Direcci\u00f3n General de Seguridad de Tr\u00e1nsito y Transporte Terrestre (Digesett),&nbsp;<strong>general Pascual Cruz M\u00e9ndez<\/strong>; de la Polic\u00eda de Turismo (Politur),&nbsp;<strong>general Minoru Matsunaga<\/strong>; la directora de Gabinete del Servicio Nacional de Salud (SNS),&nbsp;<strong>Wilsy L\u00f3pez<\/strong>; de Asuntos Internos de la Polic\u00eda Nacional,&nbsp;<strong>general Werner N\u00fa\u00f1ez Quezada;<\/strong>&nbsp;de la Polic\u00eda Escolar,&nbsp;<strong>coronel Mart\u00edn Miguel Tapia S\u00e1nchez,<\/strong>&nbsp;y de Prisiones, Roberto Hern\u00e1ndez Basilio.<\/p>\n\n\n\n<p>En la reuni\u00f3n participan una comisi\u00f3n de fiscales integrada por la del Distrito Nacional,&nbsp;<strong>Rosalba Ramos<\/strong>; de San Crist\u00f3bal,&nbsp;<strong>Ramona Santana<\/strong>; de La Vega,&nbsp;<strong>Aura Luz Garc\u00eda<\/strong>; de Mar\u00eda Trinidad S\u00e1nchez,&nbsp;<strong>Juan Antonio Mateo Cipri\u00e1n<\/strong>; de La Altagracia,&nbsp;<strong>Claudia Garrido<\/strong>; de San Pedro de Macor\u00eds,&nbsp;<strong>Suleyka Mateo<\/strong>, y de Duarte,&nbsp;<strong>Smaily Yamel Rodr\u00edguez.<\/strong><\/p>\n\n\n\n<p>Al igual que los fiscales titulares de Santo Domingo Este,\u00a0<strong>Milc\u00edades Guzm\u00e1n<\/strong>; de Santo Domingo Oeste,\u00a0<strong>Eduard L\u00f3pez<\/strong>; de Valverde,\u00a0<strong>V\u00edctor Mej\u00eda<\/strong>; de Hermanas Mirabal,\u00a0<strong>Zoila Agustina Rodr\u00edguez Ynfante<\/strong>; de Barahona,\u00a0<strong>Wellington Matos Espinal;<\/strong>\u00a0de Peravia,\u00a0<strong>\u00c1ngel Dar\u00edo Tejeda Fabal;<\/strong>\u00a0de Dajab\u00f3n,\u00a0<strong>Yeisin Alc\u00e1ntara<\/strong>; de Espaillat,\u00a0<strong>Yorelbin Rivas<\/strong>, y de La Romana,\u00a0<strong>Kevin Santana.<\/strong><\/p>\n\n\n\n<p>Con informaci\u00f3n de la Presidencia de la Rep\u00fablica.<\/p>\n\n\n\n<p>#Abinader\u2003\u2003\u2003\u2002#Seguridad Ciudadana<\/p>\n","protected":false},"excerpt":{"rendered":"<p>25 de Agosto 2025 Santo Domingo, RD.-\u00a0El presidente Luis Abinader\u00a0encabez\u00f3 el lunes la reuni\u00f3n de seguimiento al\u00a0Plan de Seguridad Ciudadana,\u00a0para continuar\u00a0fortaleciendo la seguridad\u00a0en Rep\u00fablica Dominicana. En esta ocasi\u00f3n, particip\u00f3 en el\u00a0 encuentro la\u00a0Delegaci\u00f3n de Uni\u00f3n Internacional de Deporte Policial\u00a0(USIP, en ingl\u00e9s). La sesi\u00f3n de trabajo se realiza en el&nbsp;Sal\u00f3n del Club de Oficiales del Palacio [&hellip;]<\/p>\n","protected":false},"author":2,"featured_media":634141,"comment_status":"closed","ping_status":"closed","sticky":false,"template":"","format":"standard","meta":{"footnotes":""},"categories":[20,29],"tags":[],"class_list":["post-634140","post","type-post","status-publish","format-standard","has-post-thumbnail","hentry","category-dominicana-hoy","category-policiasucesos"],"_links":{"self":[{"href":"https:\/\/diariodominicano.com\/index.php?rest_route=\/wp\/v2\/posts\/634140","targetHints":{"allow":["GET"]}}],"collection":[{"href":"https:\/\/diariodominicano.com\/index.php?rest_route=\/wp\/v2\/posts"}],"about":[{"href":"https:\/\/diariodominicano.com\/index.php?rest_route=\/wp\/v2\/types\/post"}],"author":[{"embeddable":true,"href":"https:\/\/diariodominicano.com\/index.php?rest_route=\/wp\/v2\/users\/2"}],"replies":[{"embeddable":true,"href":"https:\/\/diariodominicano.com\/index.php?rest_route=%2Fwp%2Fv2%2Fcomments&post=634140"}],"version-history":[{"count":3,"href":"https:\/\/diariodominicano.com\/index.php?rest_route=\/wp\/v2\/posts\/634140\/revisions"}],"predecessor-version":[{"id":634145,"href":"https:\/\/diariodominicano.com\/index.php?rest_route=\/wp\/v2\/posts\/634140\/revisions\/634145"}],"wp:featuredmedia":[{"embeddable":true,"href":"https:\/\/diariodominicano.com\/index.php?rest_route=\/wp\/v2\/media\/634141"}],"wp:attachment":[{"href":"https:\/\/diariodominicano.com\/index.php?rest_route=%2Fwp%2Fv2%2Fmedia&parent=634140"}],"wp:term":[{"taxonomy":"category","embeddable":true,"href":"https:\/\/diariodominicano.com\/index.php?rest_route=%2Fwp%2Fv2%2Fcategories&post=634140"},{"taxonomy":"post_tag","embeddable":true,"href":"https:\/\/diariodominicano.com\/index.php?rest_route=%2Fwp%2Fv2%2Ftags&post=634140"}],"curies":[{"name":"wp","href":"https:\/\/api.w.org\/{rel}","templated":true}]}}