{"id":634070,"date":"2025-08-25T19:22:08","date_gmt":"2025-08-25T23:22:08","guid":{"rendered":"https:\/\/diariodominicano.com\/?p=634070"},"modified":"2025-08-25T19:22:18","modified_gmt":"2025-08-25T23:22:18","slug":"petro-cartel-de-los-soles-es-excusa-ficticia-para-derribar-gobiernos","status":"publish","type":"post","link":"https:\/\/diariodominicano.com\/?p=634070","title":{"rendered":"Petro: Cartel de los Soles es excusa ficticia para derribar gobiernos"},"content":{"rendered":"\n<p>Bogot\u00e1, 25 ago (Prensa Latina) El Cartel de los Soles no existe, es la excusa ficticia de la extrema derecha para derribar gobiernos que no les obedecen, insisti\u00f3 hoy el presidente de Colombia, Gustavo Petro, en torno a la presunta organizaci\u00f3n criminal.<\/p>\n\n\n\n<ul class=\"wp-block-list\">\n<li><a href=\"https:\/\/www.prensa-latina.cu\/2025\/08\/25\/\"><time>agosto 25, 2025 | 17:36<\/time><\/a><\/li>\n<\/ul>\n\n\n\n<ul class=\"wp-block-list\">\n<li><a href=\"https:\/\/www.prensa-latina.cu\/2025\/08\/25\/petro-cartel-de-los-soles-es-excusa-ficticia-para-derribar-gobiernos\/#\"><\/a><\/li>\n\n\n\n<li><a href=\"https:\/\/www.prensa-latina.cu\/2025\/08\/25\/petro-cartel-de-los-soles-es-excusa-ficticia-para-derribar-gobiernos\/#\"><\/a><\/li>\n\n\n\n<li><a href=\"https:\/\/www.prensa-latina.cu\/2025\/08\/25\/petro-cartel-de-los-soles-es-excusa-ficticia-para-derribar-gobiernos\/#\"><\/a><\/li>\n\n\n\n<li><a href=\"https:\/\/www.prensa-latina.cu\/2025\/08\/25\/petro-cartel-de-los-soles-es-excusa-ficticia-para-derribar-gobiernos\/#\"><\/a><\/li>\n<\/ul>\n\n\n\n<p>El mandatario remarc\u00f3 en su cuenta de la red social X que el paso de coca\u00edna colombiana por Venezuela es controlado por la denominada Junta del Narcotr\u00e1fico, cuyos capos, seg\u00fan manifest\u00f3, residir\u00edan en Europa y Medio Oriente.<\/p>\n\n\n\n<p>Petro revel\u00f3 en su comentario que le propuso a Estados Unidos y a Venezuela unir fuerzas para destruir al referido grupo delincuencial y que estas acciones demandan coordinaci\u00f3n y no sometimiento.<\/p>\n\n\n\n<p>Tambi\u00e9n refiri\u00f3 que los asuntos de Venezuela se resuelven con el concurso de su propia ciudadan\u00eda y que la lucha por la descarbonizaci\u00f3n debe ser el prop\u00f3sito.<\/p>\n\n\n\n<p>\u201cLa gran Colombia potencia mundial de la vida y pilar esencial de la unidad latinoamericana y de la paz\u201d, escribi\u00f3 Petro.<\/p>\n\n\n\n<p>El presidente neogranadino ya calific\u00f3 antes como una falacia la existencia del Cartel de los Soles, que Estados Unidos emplea como excusa para amedrentar a la Rep\u00fablica Bolivariana.<\/p>\n\n\n\n<p>\u201cQuien maneja el tr\u00e1fico de coca\u00edna por Venezuela no es el Cartel de los Soles, esa es una mentira como las armas de destrucci\u00f3n masiva de Irak, y solo sirve para invadir pa\u00edses\u201d, sentenci\u00f3 la semana pasada.<\/p>\n\n\n\n<p>Consider\u00f3 entonces que los cabecillas de tales redes delictivas \u201cson los mismos que manejan el tr\u00e1fico de coca\u00edna del Catatumbo (en el noreste de Colombia) los llanos y la Sabana de Bogot\u00e1. Se llaman la Junta del Narcotr\u00e1fico y el gobierno de los Estados Unidos y las inteligencias de Europa tienen desde hace tiempo la informaci\u00f3n\u201d, abund\u00f3 el mandatario.<\/p>\n\n\n\n<p>rgh\/ifs<\/p>\n\n\n\n<ul class=\"wp-block-list\">\n<li>#<a href=\"https:\/\/www.prensa-latina.cu\/etiqueta\/colombia\/\">colombia<\/a>\u00a0#<a href=\"https:\/\/www.prensa-latina.cu\/etiqueta\/eeuu\/\">eeuu<\/a>\u00a0#<a href=\"https:\/\/www.prensa-latina.cu\/etiqueta\/venezuela\/\">Venezuela<\/a><\/li>\n<\/ul>\n","protected":false},"excerpt":{"rendered":"<p>Bogot\u00e1, 25 ago (Prensa Latina) El Cartel de los Soles no existe, es la excusa ficticia de la extrema derecha para derribar gobiernos que no les obedecen, insisti\u00f3 hoy el presidente de Colombia, Gustavo Petro, en torno a la presunta organizaci\u00f3n criminal. El mandatario remarc\u00f3 en su cuenta de la red social X que el [&hellip;]<\/p>\n","protected":false},"author":2,"featured_media":634071,"comment_status":"closed","ping_status":"closed","sticky":false,"template":"","format":"standard","meta":{"footnotes":""},"categories":[23,27],"tags":[],"class_list":["post-634070","post","type-post","status-publish","format-standard","has-post-thumbnail","hentry","category-internacional","category-portada"],"_links":{"self":[{"href":"https:\/\/diariodominicano.com\/index.php?rest_route=\/wp\/v2\/posts\/634070","targetHints":{"allow":["GET"]}}],"collection":[{"href":"https:\/\/diariodominicano.com\/index.php?rest_route=\/wp\/v2\/posts"}],"about":[{"href":"https:\/\/diariodominicano.com\/index.php?rest_route=\/wp\/v2\/types\/post"}],"author":[{"embeddable":true,"href":"https:\/\/diariodominicano.com\/index.php?rest_route=\/wp\/v2\/users\/2"}],"replies":[{"embeddable":true,"href":"https:\/\/diariodominicano.com\/index.php?rest_route=%2Fwp%2Fv2%2Fcomments&post=634070"}],"version-history":[{"count":1,"href":"https:\/\/diariodominicano.com\/index.php?rest_route=\/wp\/v2\/posts\/634070\/revisions"}],"predecessor-version":[{"id":634072,"href":"https:\/\/diariodominicano.com\/index.php?rest_route=\/wp\/v2\/posts\/634070\/revisions\/634072"}],"wp:featuredmedia":[{"embeddable":true,"href":"https:\/\/diariodominicano.com\/index.php?rest_route=\/wp\/v2\/media\/634071"}],"wp:attachment":[{"href":"https:\/\/diariodominicano.com\/index.php?rest_route=%2Fwp%2Fv2%2Fmedia&parent=634070"}],"wp:term":[{"taxonomy":"category","embeddable":true,"href":"https:\/\/diariodominicano.com\/index.php?rest_route=%2Fwp%2Fv2%2Fcategories&post=634070"},{"taxonomy":"post_tag","embeddable":true,"href":"https:\/\/diariodominicano.com\/index.php?rest_route=%2Fwp%2Fv2%2Ftags&post=634070"}],"curies":[{"name":"wp","href":"https:\/\/api.w.org\/{rel}","templated":true}]}}