{"id":634067,"date":"2025-08-25T19:20:07","date_gmt":"2025-08-25T23:20:07","guid":{"rendered":"https:\/\/diariodominicano.com\/?p=634067"},"modified":"2025-08-25T19:20:12","modified_gmt":"2025-08-25T23:20:12","slug":"revolucion-ciudadana-rechaza-injerencia-de-eeuu-en-america-latina-post","status":"publish","type":"post","link":"https:\/\/diariodominicano.com\/?p=634067","title":{"rendered":"Revoluci\u00f3n Ciudadana rechaza injerencia de EEUU en Am\u00e9rica Latina (+Post)"},"content":{"rendered":"\n<p>Quito, 25 ago (Prensa Latina) El movimiento Revoluci\u00f3n Ciudadana (RC), de Ecuador, rechaz\u00f3 hoy la injerencia de Estados Unidos en Am\u00e9rica Latina y cuestion\u00f3 la doble moral de Washington en la lucha contra el narcotr\u00e1fico.<\/p>\n\n\n\n<ul class=\"wp-block-list\">\n<li><a href=\"https:\/\/www.prensa-latina.cu\/2025\/08\/25\/\"><time>agosto 25, 2025 | 13:27<\/time><\/a><\/li>\n<\/ul>\n\n\n\n<ul class=\"wp-block-list\">\n<li><a href=\"https:\/\/www.prensa-latina.cu\/2025\/08\/25\/revolucion-ciudadana-rechaza-injerencia-de-eeuu-en-america-latina\/#\"><\/a><\/li>\n\n\n\n<li><a href=\"https:\/\/www.prensa-latina.cu\/2025\/08\/25\/revolucion-ciudadana-rechaza-injerencia-de-eeuu-en-america-latina\/#\"><\/a><\/li>\n\n\n\n<li><a href=\"https:\/\/www.prensa-latina.cu\/2025\/08\/25\/revolucion-ciudadana-rechaza-injerencia-de-eeuu-en-america-latina\/#\"><\/a><\/li>\n\n\n\n<li><a href=\"https:\/\/www.prensa-latina.cu\/2025\/08\/25\/revolucion-ciudadana-rechaza-injerencia-de-eeuu-en-america-latina\/#\"><\/a><\/li>\n<\/ul>\n\n\n\n<p>https:\/\/platform.twitter.com\/embed\/Tweet.html?creatorScreenName=PrensaLatina_cu&#038;dnt=false&#038;embedId=twitter-widget-0&#038;features=eyJ0ZndfdGltZWxpbmVfbGlzdCI6eyJidWNrZXQiOltdLCJ2ZXJzaW9uIjpudWxsfSwidGZ3X2ZvbGxvd2VyX2NvdW50X3N1bnNldCI6eyJidWNrZXQiOnRydWUsInZlcnNpb24iOm51bGx9LCJ0ZndfdHdlZXRfZWRpdF9iYWNrZW5kIjp7ImJ1Y2tldCI6Im9uIiwidmVyc2lvbiI6bnVsbH0sInRmd19yZWZzcmNfc2Vzc2lvbiI6eyJidWNrZXQiOiJvbiIsInZlcnNpb24iOm51bGx9LCJ0ZndfZm9zbnJfc29mdF9pbnRlcnZlbnRpb25zX2VuYWJsZWQiOnsiYnVja2V0Ijoib24iLCJ2ZXJzaW9uIjpudWxsfSwidGZ3X21peGVkX21lZGlhXzE1ODk3Ijp7ImJ1Y2tldCI6InRyZWF0bWVudCIsInZlcnNpb24iOm51bGx9LCJ0ZndfZXhwZXJpbWVudHNfY29va2llX2V4cGlyYXRpb24iOnsiYnVja2V0IjoxMjA5NjAwLCJ2ZXJzaW9uIjpudWxsfSwidGZ3X3Nob3dfYmlyZHdhdGNoX3Bpdm90c19lbmFibGVkIjp7ImJ1Y2tldCI6Im9uIiwidmVyc2lvbiI6bnVsbH0sInRmd19kdXBsaWNhdGVfc2NyaWJlc190b19zZXR0aW5ncyI6eyJidWNrZXQiOiJvbiIsInZlcnNpb24iOm51bGx9LCJ0ZndfdXNlX3Byb2ZpbGVfaW1hZ2Vfc2hhcGVfZW5hYmxlZCI6eyJidWNrZXQiOiJvbiIsInZlcnNpb24iOm51bGx9LCJ0ZndfdmlkZW9faGxzX2R5bmFtaWNfbWFuaWZlc3RzXzE1MDgyIjp7ImJ1Y2tldCI6InRydWVfYml0cmF0ZSIsInZlcnNpb24iOm51bGx9LCJ0ZndfbGVnYWN5X3RpbWVsaW5lX3N1bnNldCI6eyJidWNrZXQiOnRydWUsInZlcnNpb24iOm51bGx9LCJ0ZndfdHdlZXRfZWRpdF9mcm9udGVuZCI6eyJidWNrZXQiOiJvbiIsInZlcnNpb24iOm51bGx9fQ%3D%3D&#038;frame=false&#038;hideCard=false&#038;hideThread=false&#038;id=1960005322581459290&#038;lang=es&#038;origin=https%3A%2F%2Fwww.prensa-latina.cu%2F2025%2F08%2F25%2Frevolucion-ciudadana-rechaza-injerencia-de-eeuu-en-america-latina%2F&#038;sessionId=61453ba78b748456f7cd7c5f256a73895d5d99bc&#038;siteScreenName=PrensaLatina_cu&#038;theme=light&#038;widgetsVersion=2615f7e52b7e0%3A1702314776716&#038;width=550px<\/p>\n\n\n\n<p>Mediante un comunicado, la organizaci\u00f3n fundada por el expresidente Rafael Correa se\u00f1al\u00f3 que la evidencia muestra que, contradictoriamente, la droga se produce mayoritariamente en Colombia, pa\u00eds que alberga siete bases militares estadounidenses supuestamente destinadas a frenar este flagelo.<\/p>\n\n\n\n<p>\u201cLa contradicci\u00f3n es a\u00fan mayor si miramos hacia los Estados Unidos. Con todo su poder\u00edo tecnol\u00f3gico, con sus radares, sat\u00e9lites y sistemas de vigilancia global, no logran \u2014o no quieren\u2014 controlar sus propias fronteras, sus puertos y sus territorios, que siguen siendo el principal destino del narcotr\u00e1fico mundial\u201d, apunt\u00f3 la RC.<\/p>\n\n\n\n<p>El movimiento pol\u00edtico se cuestiona c\u00f3mo el pa\u00eds norte\u00f1o pretende dar lecciones a otros si ni siquiera resuelve lo que ocurre \u201cen su propia casa\u201d mientras \u201cinventan farsas medi\u00e1ticas como la del llamado Cartel de los Soles\u201d.<\/p>\n\n\n\n<p>De acuerdo con el pronunciamiento, el \u00fanico prop\u00f3sito es atacar a gobiernos soberanos y justificar sanciones e intervenciones.<\/p>\n\n\n\n<p>\u201cEn Ecuador, en cambio, se ha guardado silencio frente a la presencia de la mafia albanesa, directamente relacionada con el expresidente Guillermo Lasso. Una doble moral evidente\u201d, subray\u00f3 el partido, cuya presidenta actual es Luisa Gonz\u00e1lez, excandidata a la jefatura del Ejecutivo.<\/p>\n\n\n\n<p>La RC asegura que no buscan combatir las drogas, sino controlar recursos estrat\u00e9gicos y eso lo demuestran con Venezuela, donde \u201cdetr\u00e1s de las acusaciones y montajes, lo que realmente quieren es apropiarse del petr\u00f3leo venezolano\u201d.<\/p>\n\n\n\n<p>\u201c\u00a1Basta de injerencias! \u00a1Basta de hipocres\u00eda! Am\u00e9rica Latina merece respeto y autodeterminaci\u00f3n. \u00a1Estados Unidos, saque sus manos de nuestra regi\u00f3n, saque las manos de Venezuela!\u201d, sentenci\u00f3 el comunicado.<\/p>\n\n\n\n<p>El pronunciamiento llega en medio de tensiones debido al env\u00edo por Estados Unidos de fuerzas militares al Caribe Oriental de manera amenazante contra Venezuela.<\/p>\n\n\n\n<p>Por otro lado, ante militantes de su partido en Europa, Gonz\u00e1lez rechaz\u00f3 los rumores en Ecuador de que su campa\u00f1a para las pasadas elecciones presidenciales, en las que gan\u00f3 Daniel Noboa, \u201cla financi\u00f3 (Nicol\u00e1s) Maduro\u201d.<\/p>\n\n\n\n<p>\u201cPero, \u00bfCu\u00e1l es la historia ah\u00ed? Querernos vincular a nosotros para podernos perseguir y encarcelar. Y probablemente quieran sentenciar a Rafael Correa, quieran procesarlo, y quieran encarcelarme a m\u00ed\u201d, advirti\u00f3 la titular de la RC.<\/p>\n\n\n\n<p>rc\/avr<\/p>\n\n\n\n<ul class=\"wp-block-list\">\n<li>#<a href=\"https:\/\/www.prensa-latina.cu\/etiqueta\/ecuador\/\">Ecuador<\/a>\u00a0#<a href=\"https:\/\/www.prensa-latina.cu\/etiqueta\/venezuela\/\">Venezuela<\/a><\/li>\n<\/ul>\n","protected":false},"excerpt":{"rendered":"<p>Quito, 25 ago (Prensa Latina) El movimiento Revoluci\u00f3n Ciudadana (RC), de Ecuador, rechaz\u00f3 hoy la injerencia de Estados Unidos en Am\u00e9rica Latina y cuestion\u00f3 la doble moral de Washington en la lucha contra el narcotr\u00e1fico. https:\/\/platform.twitter.com\/embed\/Tweet.html?creatorScreenName=PrensaLatina_cu&#038;dnt=false&#038;embedId=twitter-widget-0&#038;features=eyJ0ZndfdGltZWxpbmVfbGlzdCI6eyJidWNrZXQiOltdLCJ2ZXJzaW9uIjpudWxsfSwidGZ3X2ZvbGxvd2VyX2NvdW50X3N1bnNldCI6eyJidWNrZXQiOnRydWUsInZlcnNpb24iOm51bGx9LCJ0ZndfdHdlZXRfZWRpdF9iYWNrZW5kIjp7ImJ1Y2tldCI6Im9uIiwidmVyc2lvbiI6bnVsbH0sInRmd19yZWZzcmNfc2Vzc2lvbiI6eyJidWNrZXQiOiJvbiIsInZlcnNpb24iOm51bGx9LCJ0ZndfZm9zbnJfc29mdF9pbnRlcnZlbnRpb25zX2VuYWJsZWQiOnsiYnVja2V0Ijoib24iLCJ2ZXJzaW9uIjpudWxsfSwidGZ3X21peGVkX21lZGlhXzE1ODk3Ijp7ImJ1Y2tldCI6InRyZWF0bWVudCIsInZlcnNpb24iOm51bGx9LCJ0ZndfZXhwZXJpbWVudHNfY29va2llX2V4cGlyYXRpb24iOnsiYnVja2V0IjoxMjA5NjAwLCJ2ZXJzaW9uIjpudWxsfSwidGZ3X3Nob3dfYmlyZHdhdGNoX3Bpdm90c19lbmFibGVkIjp7ImJ1Y2tldCI6Im9uIiwidmVyc2lvbiI6bnVsbH0sInRmd19kdXBsaWNhdGVfc2NyaWJlc190b19zZXR0aW5ncyI6eyJidWNrZXQiOiJvbiIsInZlcnNpb24iOm51bGx9LCJ0ZndfdXNlX3Byb2ZpbGVfaW1hZ2Vfc2hhcGVfZW5hYmxlZCI6eyJidWNrZXQiOiJvbiIsInZlcnNpb24iOm51bGx9LCJ0ZndfdmlkZW9faGxzX2R5bmFtaWNfbWFuaWZlc3RzXzE1MDgyIjp7ImJ1Y2tldCI6InRydWVfYml0cmF0ZSIsInZlcnNpb24iOm51bGx9LCJ0ZndfbGVnYWN5X3RpbWVsaW5lX3N1bnNldCI6eyJidWNrZXQiOnRydWUsInZlcnNpb24iOm51bGx9LCJ0ZndfdHdlZXRfZWRpdF9mcm9udGVuZCI6eyJidWNrZXQiOiJvbiIsInZlcnNpb24iOm51bGx9fQ%3D%3D&#038;frame=false&#038;hideCard=false&#038;hideThread=false&#038;id=1960005322581459290&#038;lang=es&#038;origin=https%3A%2F%2Fwww.prensa-latina.cu%2F2025%2F08%2F25%2Frevolucion-ciudadana-rechaza-injerencia-de-eeuu-en-america-latina%2F&#038;sessionId=61453ba78b748456f7cd7c5f256a73895d5d99bc&#038;siteScreenName=PrensaLatina_cu&#038;theme=light&#038;widgetsVersion=2615f7e52b7e0%3A1702314776716&#038;width=550px Mediante un comunicado, la organizaci\u00f3n fundada por el expresidente Rafael Correa se\u00f1al\u00f3 que la evidencia muestra que, contradictoriamente, la [&hellip;]<\/p>\n","protected":false},"author":2,"featured_media":634068,"comment_status":"closed","ping_status":"closed","sticky":false,"template":"","format":"standard","meta":{"footnotes":""},"categories":[23],"tags":[],"class_list":["post-634067","post","type-post","status-publish","format-standard","has-post-thumbnail","hentry","category-internacional"],"_links":{"self":[{"href":"https:\/\/diariodominicano.com\/index.php?rest_route=\/wp\/v2\/posts\/634067","targetHints":{"allow":["GET"]}}],"collection":[{"href":"https:\/\/diariodominicano.com\/index.php?rest_route=\/wp\/v2\/posts"}],"about":[{"href":"https:\/\/diariodominicano.com\/index.php?rest_route=\/wp\/v2\/types\/post"}],"author":[{"embeddable":true,"href":"https:\/\/diariodominicano.com\/index.php?rest_route=\/wp\/v2\/users\/2"}],"replies":[{"embeddable":true,"href":"https:\/\/diariodominicano.com\/index.php?rest_route=%2Fwp%2Fv2%2Fcomments&post=634067"}],"version-history":[{"count":1,"href":"https:\/\/diariodominicano.com\/index.php?rest_route=\/wp\/v2\/posts\/634067\/revisions"}],"predecessor-version":[{"id":634069,"href":"https:\/\/diariodominicano.com\/index.php?rest_route=\/wp\/v2\/posts\/634067\/revisions\/634069"}],"wp:featuredmedia":[{"embeddable":true,"href":"https:\/\/diariodominicano.com\/index.php?rest_route=\/wp\/v2\/media\/634068"}],"wp:attachment":[{"href":"https:\/\/diariodominicano.com\/index.php?rest_route=%2Fwp%2Fv2%2Fmedia&parent=634067"}],"wp:term":[{"taxonomy":"category","embeddable":true,"href":"https:\/\/diariodominicano.com\/index.php?rest_route=%2Fwp%2Fv2%2Fcategories&post=634067"},{"taxonomy":"post_tag","embeddable":true,"href":"https:\/\/diariodominicano.com\/index.php?rest_route=%2Fwp%2Fv2%2Ftags&post=634067"}],"curies":[{"name":"wp","href":"https:\/\/api.w.org\/{rel}","templated":true}]}}