{"id":633999,"date":"2025-08-26T02:31:58","date_gmt":"2025-08-26T06:31:58","guid":{"rendered":"https:\/\/diariodominicano.com\/?p=633999"},"modified":"2025-08-26T02:32:31","modified_gmt":"2025-08-26T06:32:31","slug":"el-presidente-del-senado-ricardo-de-los-santos-encabeza-acto-de-apertura-del-ano-escolar-2025-2026-en-sanchez-ramirez","status":"publish","type":"post","link":"https:\/\/diariodominicano.com\/?p=633999","title":{"rendered":"El presidente del Senado, Ricardo de los Santos, encabeza acto de apertura del a\u00f1o escolar 2025-2026 en S\u00e1nchez Ram\u00edrez \u00a0"},"content":{"rendered":"\n<p><strong>El presidente del Senado, Ricardo de los Santos, encabez\u00f3 este lunes el acto oficial de apertura del a\u00f1o escolar 2025-2026 en la Regional 16 de la provincia S\u00e1nchez Ram\u00edrez, en representaci\u00f3n del presidente de la Rep\u00fablica, Luis Abinader, y del ministro de Educaci\u00f3n, Luis Miguel De Camps, como muestra del compromiso del Gobierno con una educaci\u00f3n de calidad.<\/strong><\/p>\n\n\n\n<p><strong>El acto se desarroll\u00f3 en el Centro Educativo Francisco Henr\u00edquez y Carvajal del municipio Cotu\u00ed, donde se dieron cita autoridades locales, representantes de la comunidad educativa, docentes, estudiantes y padres.<\/strong><\/p>\n\n\n\n<figure class=\"wp-block-gallery has-nested-images columns-default is-cropped wp-block-gallery-1 is-layout-flex wp-block-gallery-is-layout-flex\">\n<figure class=\"wp-block-image size-large\"><img loading=\"lazy\" decoding=\"async\" width=\"1024\" height=\"681\" data-id=\"634017\" src=\"https:\/\/diariodominicano.com\/wp-content\/uploads\/2025\/08\/El-presidente-del-Senado-Ricardo-de-los-Santos-encabeza-acto-de-apertura-del-ano-escolar-2025-2026-en-Sanchez-Ramirez-1-1024x681.jpeg\" alt=\"\" class=\"wp-image-634017\" srcset=\"https:\/\/diariodominicano.com\/wp-content\/uploads\/2025\/08\/El-presidente-del-Senado-Ricardo-de-los-Santos-encabeza-acto-de-apertura-del-ano-escolar-2025-2026-en-Sanchez-Ramirez-1-1024x681.jpeg 1024w, https:\/\/diariodominicano.com\/wp-content\/uploads\/2025\/08\/El-presidente-del-Senado-Ricardo-de-los-Santos-encabeza-acto-de-apertura-del-ano-escolar-2025-2026-en-Sanchez-Ramirez-1-300x200.jpeg 300w, https:\/\/diariodominicano.com\/wp-content\/uploads\/2025\/08\/El-presidente-del-Senado-Ricardo-de-los-Santos-encabeza-acto-de-apertura-del-ano-escolar-2025-2026-en-Sanchez-Ramirez-1-768x511.jpeg 768w, https:\/\/diariodominicano.com\/wp-content\/uploads\/2025\/08\/El-presidente-del-Senado-Ricardo-de-los-Santos-encabeza-acto-de-apertura-del-ano-escolar-2025-2026-en-Sanchez-Ramirez-1-1536x1022.jpeg 1536w, https:\/\/diariodominicano.com\/wp-content\/uploads\/2025\/08\/El-presidente-del-Senado-Ricardo-de-los-Santos-encabeza-acto-de-apertura-del-ano-escolar-2025-2026-en-Sanchez-Ramirez-1-2048x1363.jpeg 2048w, https:\/\/diariodominicano.com\/wp-content\/uploads\/2025\/08\/El-presidente-del-Senado-Ricardo-de-los-Santos-encabeza-acto-de-apertura-del-ano-escolar-2025-2026-en-Sanchez-Ramirez-1-816x543.jpeg 816w\" sizes=\"auto, (max-width: 1024px) 100vw, 1024px\" \/><\/figure>\n<\/figure>\n\n\n\n<p><strong>Durante su intervenci\u00f3n, el presidente del Senado de la Rep\u00fablica destac\u00f3 que el inicio del a\u00f1o escolar representa una oportunidad para seguir fortaleciendo la formaci\u00f3n de los estudiantes, con el respaldo de pol\u00edticas p\u00fablicas que colocan a la educaci\u00f3n como eje central del desarrollo del pa\u00eds.<\/strong><\/p>\n\n\n\n<figure class=\"wp-block-gallery has-nested-images columns-default is-cropped wp-block-gallery-2 is-layout-flex wp-block-gallery-is-layout-flex\">\n<figure class=\"wp-block-image size-large\"><img loading=\"lazy\" decoding=\"async\" width=\"1024\" height=\"681\" data-id=\"634014\" src=\"https:\/\/diariodominicano.com\/wp-content\/uploads\/2025\/08\/El-presidente-del-Senado-Ricardo-de-los-Santos-encabeza-acto-de-apertura-del-ano-escolar-2025-2026-en-Sanchez-Ramirez-1024x681.jpeg\" alt=\"\" class=\"wp-image-634014\" srcset=\"https:\/\/diariodominicano.com\/wp-content\/uploads\/2025\/08\/El-presidente-del-Senado-Ricardo-de-los-Santos-encabeza-acto-de-apertura-del-ano-escolar-2025-2026-en-Sanchez-Ramirez-1024x681.jpeg 1024w, https:\/\/diariodominicano.com\/wp-content\/uploads\/2025\/08\/El-presidente-del-Senado-Ricardo-de-los-Santos-encabeza-acto-de-apertura-del-ano-escolar-2025-2026-en-Sanchez-Ramirez-300x200.jpeg 300w, https:\/\/diariodominicano.com\/wp-content\/uploads\/2025\/08\/El-presidente-del-Senado-Ricardo-de-los-Santos-encabeza-acto-de-apertura-del-ano-escolar-2025-2026-en-Sanchez-Ramirez-768x511.jpeg 768w, https:\/\/diariodominicano.com\/wp-content\/uploads\/2025\/08\/El-presidente-del-Senado-Ricardo-de-los-Santos-encabeza-acto-de-apertura-del-ano-escolar-2025-2026-en-Sanchez-Ramirez-1536x1022.jpeg 1536w, https:\/\/diariodominicano.com\/wp-content\/uploads\/2025\/08\/El-presidente-del-Senado-Ricardo-de-los-Santos-encabeza-acto-de-apertura-del-ano-escolar-2025-2026-en-Sanchez-Ramirez-2048x1363.jpeg 2048w, https:\/\/diariodominicano.com\/wp-content\/uploads\/2025\/08\/El-presidente-del-Senado-Ricardo-de-los-Santos-encabeza-acto-de-apertura-del-ano-escolar-2025-2026-en-Sanchez-Ramirez-816x543.jpeg 816w\" sizes=\"auto, (max-width: 1024px) 100vw, 1024px\" \/><\/figure>\n<\/figure>\n\n\n\n<p><strong>El legislador tambi\u00e9n resalt\u00f3 que el sistema educativo dominicano ha experimentado grandes avances que facilitan a los docentes y alumnos, ofrecer y recibir ense\u00f1anzas m\u00e1s efectivas, debido a la incorporaci\u00f3n en los centros educativos de recursos tecnol\u00f3gicos, transporte, alimentaci\u00f3n y capacitaci\u00f3n constante en diversas \u00e1reas.<\/strong><\/p>\n\n\n\n<figure class=\"wp-block-gallery has-nested-images columns-default is-cropped wp-block-gallery-3 is-layout-flex wp-block-gallery-is-layout-flex\">\n<figure class=\"wp-block-image size-large\"><img loading=\"lazy\" decoding=\"async\" width=\"1024\" height=\"681\" data-id=\"634014\" src=\"https:\/\/diariodominicano.com\/wp-content\/uploads\/2025\/08\/El-presidente-del-Senado-Ricardo-de-los-Santos-encabeza-acto-de-apertura-del-ano-escolar-2025-2026-en-Sanchez-Ramirez-1024x681.jpeg\" alt=\"\" class=\"wp-image-634014\" srcset=\"https:\/\/diariodominicano.com\/wp-content\/uploads\/2025\/08\/El-presidente-del-Senado-Ricardo-de-los-Santos-encabeza-acto-de-apertura-del-ano-escolar-2025-2026-en-Sanchez-Ramirez-1024x681.jpeg 1024w, https:\/\/diariodominicano.com\/wp-content\/uploads\/2025\/08\/El-presidente-del-Senado-Ricardo-de-los-Santos-encabeza-acto-de-apertura-del-ano-escolar-2025-2026-en-Sanchez-Ramirez-300x200.jpeg 300w, https:\/\/diariodominicano.com\/wp-content\/uploads\/2025\/08\/El-presidente-del-Senado-Ricardo-de-los-Santos-encabeza-acto-de-apertura-del-ano-escolar-2025-2026-en-Sanchez-Ramirez-768x511.jpeg 768w, https:\/\/diariodominicano.com\/wp-content\/uploads\/2025\/08\/El-presidente-del-Senado-Ricardo-de-los-Santos-encabeza-acto-de-apertura-del-ano-escolar-2025-2026-en-Sanchez-Ramirez-1536x1022.jpeg 1536w, https:\/\/diariodominicano.com\/wp-content\/uploads\/2025\/08\/El-presidente-del-Senado-Ricardo-de-los-Santos-encabeza-acto-de-apertura-del-ano-escolar-2025-2026-en-Sanchez-Ramirez-2048x1363.jpeg 2048w, https:\/\/diariodominicano.com\/wp-content\/uploads\/2025\/08\/El-presidente-del-Senado-Ricardo-de-los-Santos-encabeza-acto-de-apertura-del-ano-escolar-2025-2026-en-Sanchez-Ramirez-816x543.jpeg 816w\" sizes=\"auto, (max-width: 1024px) 100vw, 1024px\" \/><\/figure>\n<\/figure>\n\n\n\n<p><strong>\u201cEste a\u00f1o escolar ser\u00e1 exitoso, sobre todo, porque en esta Regional 16 de Educaci\u00f3n, ni un estudiante ha quedado fuera de las aulas. Todos los ni\u00f1os y j\u00f3venes tendr\u00e1n la oportunidad de alcanzar la mayor riqueza que es el conocimiento\u201d, expres\u00f3 Ricardo de los Santos.<\/strong><\/p>\n\n\n\n<p><strong>Asimismo, Pedro Santana Reyes, director del Centro Educativo Francisco Henr\u00edquez y Carvajal dirigi\u00f3 unas palabras a la comunidad educativa, en las que resalt\u00f3 la importancia de la colaboraci\u00f3n entre familias, docentes y autoridades para el \u00e9xito acad\u00e9mico de los estudiantes.<\/strong><\/p>\n\n\n\n<p><strong>Agradeci\u00f3 al senador Ricardo de los Santos por ser un gran aliado firme de la educaci\u00f3n de la provincia S\u00e1nchez Ram\u00edrez y trabajar incansablemente para que los docentes, los estudiantes y sus familiares se beneficien de las novedosas pol\u00edticas sociales ofrecidas por el gobierno del presidente Luis Abinader.<\/strong><\/p>\n\n\n\n<p><strong>Su liderazgo ha dejado huellas en nuestra provincia, canalizando proyectos que fortalecen la educaci\u00f3n de nuestra Regional 16, estamos agradecidos de usted, dijo el director del Centro Educativo.<\/strong><\/p>\n\n\n\n<p><strong>De igual forma, Cristina Rodr\u00edguez, gobernadora de S\u00e1nchez Ram\u00edrez, explic\u00f3 que recientemente, en esta Regional, el gobierno dominicano ha hecho grandes aportes como son, el remozamiento de la estructura de 37 centros educativos, el nombramiento de m\u00e1s de 250 docentes y la incorporaci\u00f3n de m\u00e1s autobuses escolares al sistema de transporte escolar, TRAE.<\/strong><\/p>\n\n\n\n<p><strong>Estudiantes, aprovechen cada clase que es la v\u00eda para forjar un futuro brillante. Gracias a todos los maestros por ser gu\u00edas y sembradores de la educaci\u00f3n, exhort\u00f3 la funcionaria.<\/strong><\/p>\n\n\n\n<p><strong>En representaci\u00f3n de la comunidad estudiantil, Anal\u00edz Gonz\u00e1lez, estudiante de sexto grado de secundaria, manifest\u00f3 sus expectativas y agradecimiento por las iniciativas del Gobierno en favor de la educaci\u00f3n. El apoyo de nuestras autoridades nos compromete a poner entusiasmo y responsabilidad en nuestros estudios, porque queremos aprender con pasi\u00f3n, crecer con valores y demostrar que la juventud dominicana est\u00e1 preparada para construir el futuro, sostuvo la joven.<\/strong><\/p>\n\n\n\n<p><strong>La Regional 16 de Educaci\u00f3n en la provincia S\u00e1nchez Ram\u00edrez est\u00e1 conformada por 7 distritos escolares, y el Centro Educativo Francisco Henr\u00edquez y Carvajal pertenece al distrito 16-01.<\/strong><\/p>\n\n\n\n<p><strong>El evento fue amenizado por el Ballet Folkl\u00f3rico de la escuela anfitriona y por la banda de m\u00fasica municipal, dirigida por el maestro Alex Guerrero. Adem\u00e1s, cont\u00f3 con la presencia de docentes, t\u00e9cnicos distritales y autoridades civiles y militares.<\/strong><\/p>\n\n\n\n<p><strong>La asistencia de los funcionarios del Gobierno en diferentes actos de apertura del a\u00f1o escolar en todo el territorio nacional forma parte del esfuerzo de acompa\u00f1ar a las comunidades educativas y asegurar que cada provincia reciba el respaldo del Estado en este inicio de clases.<\/strong><\/p>\n\n\n\n<p><strong>El a\u00f1o escolar 2025-2026 lleva por lema \u201cUnidos por la educaci\u00f3n, innovamos, aprendemos y crecemos\u201d.<\/strong><\/p>\n\n\n\n<p><strong>Senado<\/strong><\/p>\n","protected":false},"excerpt":{"rendered":"<p>El presidente del Senado, Ricardo de los Santos, encabez\u00f3 este lunes el acto oficial de apertura del a\u00f1o escolar 2025-2026 en la Regional 16 de la provincia S\u00e1nchez Ram\u00edrez, en representaci\u00f3n del presidente de la Rep\u00fablica, Luis Abinader, y del ministro de Educaci\u00f3n, Luis Miguel De Camps, como muestra del compromiso del Gobierno con una [&hellip;]<\/p>\n","protected":false},"author":7,"featured_media":0,"comment_status":"closed","ping_status":"closed","sticky":false,"template":"","format":"standard","meta":{"footnotes":""},"categories":[36],"tags":[2359],"class_list":["post-633999","post","type-post","status-publish","format-standard","hentry","category-hombresmujeresycosas","tag-senado"],"_links":{"self":[{"href":"https:\/\/diariodominicano.com\/index.php?rest_route=\/wp\/v2\/posts\/633999","targetHints":{"allow":["GET"]}}],"collection":[{"href":"https:\/\/diariodominicano.com\/index.php?rest_route=\/wp\/v2\/posts"}],"about":[{"href":"https:\/\/diariodominicano.com\/index.php?rest_route=\/wp\/v2\/types\/post"}],"author":[{"embeddable":true,"href":"https:\/\/diariodominicano.com\/index.php?rest_route=\/wp\/v2\/users\/7"}],"replies":[{"embeddable":true,"href":"https:\/\/diariodominicano.com\/index.php?rest_route=%2Fwp%2Fv2%2Fcomments&post=633999"}],"version-history":[{"count":1,"href":"https:\/\/diariodominicano.com\/index.php?rest_route=\/wp\/v2\/posts\/633999\/revisions"}],"predecessor-version":[{"id":634134,"href":"https:\/\/diariodominicano.com\/index.php?rest_route=\/wp\/v2\/posts\/633999\/revisions\/634134"}],"wp:attachment":[{"href":"https:\/\/diariodominicano.com\/index.php?rest_route=%2Fwp%2Fv2%2Fmedia&parent=633999"}],"wp:term":[{"taxonomy":"category","embeddable":true,"href":"https:\/\/diariodominicano.com\/index.php?rest_route=%2Fwp%2Fv2%2Fcategories&post=633999"},{"taxonomy":"post_tag","embeddable":true,"href":"https:\/\/diariodominicano.com\/index.php?rest_route=%2Fwp%2Fv2%2Ftags&post=633999"}],"curies":[{"name":"wp","href":"https:\/\/api.w.org\/{rel}","templated":true}]}}