{"id":633882,"date":"2025-08-25T11:01:12","date_gmt":"2025-08-25T15:01:12","guid":{"rendered":"https:\/\/diariodominicano.com\/?p=633882"},"modified":"2025-08-25T11:01:14","modified_gmt":"2025-08-25T15:01:14","slug":"ministerio-publico-solicita-prision-preventiva-contra-nueve-integrantes-de-red-de-microtrafico-y-lavado-de-activos","status":"publish","type":"post","link":"https:\/\/diariodominicano.com\/?p=633882","title":{"rendered":"Ministerio P\u00fablico solicita prisi\u00f3n preventiva contra nueve integrantes de red de microtr\u00e1fico y lavado de activos"},"content":{"rendered":"\n<p><em><u>Pide a un tribunal de Mar\u00eda Trinidad S\u00e1nchez que declare el caso como complejo<\/u><\/em><\/p>\n\n\n\n<p><strong>SANTO DOMINGO (Rep\u00fablica Dominicana).-<\/strong>&nbsp;El Ministerio P\u00fablico solicit\u00f3 ante el juez de la instrucci\u00f3n de Mar\u00eda Trinidad S\u00e1nchez la imposici\u00f3n de un a\u00f1o de prisi\u00f3n preventiva, como medida de coerci\u00f3n, contra nueve integrantes de la red de microtr\u00e1fico y lavado de activos desmantelada el fin de semana.<\/p>\n\n\n\n<p>Los fiscales solicitan, adem\u00e1s, que se declare complejo el caso contra Soleny Amparo Rond\u00f3n (la Diva, la Do\u00f1a o Soleny), Edwin Alfredo Santos Mapello (Mapello o el Conejo), Esmailyn Marte Gonz\u00e1lez (Esmailyn o Gaviota), Jandrier Carolina Antonia Wazar De Mazerolle (Antonia), Roberto Amparo Paredes (Chipon), Rhonny Alvarado Mart\u00ednez (Ronny), Ludenys Batista Javier, Kelvin Manuel L\u00f3pez Bruno y Yan Carlos Almonte Reyes (Sorry).<\/p>\n\n\n\n<p>La solicitud de medida de coerci\u00f3n, depositada por los fiscales Juan Antonio Mateo Cipri\u00e1n (titular de&nbsp; Mar\u00eda Trinidad S\u00e1nchez), Odalis Ramona Mercado Morris y Ana Carina P\u00e9rez Hilario, establece que los imputados forman parte de una estructura criminal compleja, jerarquizada y con car\u00e1cter transnacional, dedicada al narcotr\u00e1fico, posesi\u00f3n y comercializaci\u00f3n il\u00edcita de armas de fuego de alto calibre, as\u00ed como al lavado de activos.<\/p>\n\n\n\n<p>Indica que la estructura se dedicaba, asimismo, a la intimidaci\u00f3n sistem\u00e1tica de terceros. \u201cLa base operativa principal de dicha organizaci\u00f3n se ubica en el municipio de Cabrera, provincia Mar\u00eda Trinidad S\u00e1nchez, con ramificaciones en zonas aleda\u00f1as y conexiones en gran parte del \u00e1mbito nacional\u201d, indica.<\/p>\n\n\n\n<p>Seg\u00fan la solicitud de medida de coerci\u00f3n, la imputada Soleny Amparo Rond\u00f3n tiene residencia en Nagua y San Juan de la Maguana, mientras que Ludenys Batista Javier y Kelvin Manuel L\u00f3pez Bruno viven en el municipio de Nagua y los dem\u00e1s imputados en Cabrera.<\/p>\n\n\n\n<p>Los imputados fueron arrestados durante un operativo realizado por la Direcci\u00f3n General de Persecuci\u00f3n del Ministerio P\u00fablico, la Fiscal\u00eda de la provincia Mar\u00eda Trinidad S\u00e1nchez y la Procuradur\u00eda Especializada contra el Lavado de Activos y Financiamiento del Terrorismo, conjuntamente con la Direcci\u00f3n de \u00c1rea de Investigaci\u00f3n de Crimen Organizado de la Polic\u00eda Nacional (Daico), y con el apoyo de la Direcci\u00f3n Nacional de Control de Drogas (DNCD).<\/p>\n\n\n\n<p>En el operativo participaron 47 fiscales que se movilizaron para realizar 37 allanamientos en los que actuaron unos 395 agentes de los organismos de seguridad del Estado.<\/p>\n\n\n\n<p>El Ministerio P\u00fablico establece que en su investigaci\u00f3n pudo determinar la capacidad de control sobre la red que ten\u00eda Soleny Amparo Rond\u00f3n (la Diva, la Do\u00f1a o Soleny), quien actuaba en connivencia con autoridades y hab\u00eda enfrentado procesos por violaci\u00f3n a las leyes n\u00fameros 50-88 sobre Drogas y Sustancias Controladas y 631-16 para el Control y Regulaci\u00f3n de Armas, Municiones y Materiales Relacionados.<\/p>\n\n\n\n<p>Tambi\u00e9n, Edwin Alfredo Santos Mapello (Mapello o el Conejo), Esmailyn Marte Gonz\u00e1lez, Roberto Amparo Paredes (Chip\u00f3n), Rhonny Alvarado Mart\u00ednez (Rony) y Yan Carlos Almonte Reyes tienen abiertos procesos o fueron perseguidos por delitos relacionados al tr\u00e1fico de drogas con anterioridad a este proceso.<\/p>\n\n\n\n<p><strong>Direcci\u00f3n General de Comunicaci\u00f3n, Prensa y RRPP<\/strong><\/p>\n\n\n\n<p><strong>Ministerio P\u00fablico RD<\/strong><\/p>\n\n\n\n<p>Comunicaciones PGR <a href=\"mailto:comunicaciones@pgr.gob.do\">comunicaciones@pgr.gob.do<\/a> &nbsp;<\/p>\n","protected":false},"excerpt":{"rendered":"<p>Pide a un tribunal de Mar\u00eda Trinidad S\u00e1nchez que declare el caso como complejo SANTO DOMINGO (Rep\u00fablica Dominicana).-&nbsp;El Ministerio P\u00fablico solicit\u00f3 ante el juez de la instrucci\u00f3n de Mar\u00eda Trinidad S\u00e1nchez la imposici\u00f3n de un a\u00f1o de prisi\u00f3n preventiva, como medida de coerci\u00f3n, contra nueve integrantes de la red de microtr\u00e1fico y lavado de activos [&hellip;]<\/p>\n","protected":false},"author":7,"featured_media":495896,"comment_status":"closed","ping_status":"closed","sticky":false,"template":"","format":"standard","meta":{"footnotes":""},"categories":[24],"tags":[171],"class_list":["post-633882","post","type-post","status-publish","format-standard","has-post-thumbnail","hentry","category-justicia-y-derecho","tag-ministerio-publico"],"_links":{"self":[{"href":"https:\/\/diariodominicano.com\/index.php?rest_route=\/wp\/v2\/posts\/633882","targetHints":{"allow":["GET"]}}],"collection":[{"href":"https:\/\/diariodominicano.com\/index.php?rest_route=\/wp\/v2\/posts"}],"about":[{"href":"https:\/\/diariodominicano.com\/index.php?rest_route=\/wp\/v2\/types\/post"}],"author":[{"embeddable":true,"href":"https:\/\/diariodominicano.com\/index.php?rest_route=\/wp\/v2\/users\/7"}],"replies":[{"embeddable":true,"href":"https:\/\/diariodominicano.com\/index.php?rest_route=%2Fwp%2Fv2%2Fcomments&post=633882"}],"version-history":[{"count":1,"href":"https:\/\/diariodominicano.com\/index.php?rest_route=\/wp\/v2\/posts\/633882\/revisions"}],"predecessor-version":[{"id":633914,"href":"https:\/\/diariodominicano.com\/index.php?rest_route=\/wp\/v2\/posts\/633882\/revisions\/633914"}],"wp:featuredmedia":[{"embeddable":true,"href":"https:\/\/diariodominicano.com\/index.php?rest_route=\/wp\/v2\/media\/495896"}],"wp:attachment":[{"href":"https:\/\/diariodominicano.com\/index.php?rest_route=%2Fwp%2Fv2%2Fmedia&parent=633882"}],"wp:term":[{"taxonomy":"category","embeddable":true,"href":"https:\/\/diariodominicano.com\/index.php?rest_route=%2Fwp%2Fv2%2Fcategories&post=633882"},{"taxonomy":"post_tag","embeddable":true,"href":"https:\/\/diariodominicano.com\/index.php?rest_route=%2Fwp%2Fv2%2Ftags&post=633882"}],"curies":[{"name":"wp","href":"https:\/\/api.w.org\/{rel}","templated":true}]}}