{"id":633873,"date":"2025-08-25T09:52:05","date_gmt":"2025-08-25T13:52:05","guid":{"rendered":"https:\/\/diariodominicano.com\/?p=633873"},"modified":"2025-08-25T09:52:09","modified_gmt":"2025-08-25T13:52:09","slug":"depresion-los-detonantes-invisibles-que-afectan-la-vida-diaria","status":"publish","type":"post","link":"https:\/\/diariodominicano.com\/?p=633873","title":{"rendered":"Depresi\u00f3n: los detonantes invisibles que afectan la vida diaria"},"content":{"rendered":"\n<p><strong>Por Doctor Ram\u00f3n Ceballo<\/strong><\/p>\n\n\n\n<p>La depresi\u00f3n es uno de los trastornos de salud mental m\u00e1s extendidos en el mundo y, sin embargo, contin\u00faa siendo malinterpretada. Muchas veces se confunde con simple tristeza o des\u00e1nimo pasajero, pero en realidad se trata de una condici\u00f3n compleja que impacta tanto al cuerpo como a la mente, y que puede convertirse en una carga incapacitante si no se atiende a tiempo.<\/p>\n\n\n\n<p>Seg\u00fan la Organizaci\u00f3n Mundial de la Salud (OMS, 2023), afecta a m\u00e1s de 280 millones de individuos en el planeta y constituye una de las principales causas de discapacidad.<\/p>\n\n\n\n<p>No siempre aparece como consecuencia de un \u00fanico hecho, sino como el resultado de una combinaci\u00f3n de factores biol\u00f3gicos, emocionales y sociales. Sin embargo, existen circunstancias espec\u00edficas que suelen convertirse en detonantes silenciosos y que, al no ser atendidas, pueden llevar a un deterioro significativo de la calidad de vida (Verywell Health, 2024).<\/p>\n\n\n\n<p>El duelo por la muerte de un ser querido, un divorcio o incluso la p\u00e9rdida del empleo representan golpes emocionales que pueden hundir a una persona en un estado an\u00edmico debilitante. Estos episodios, adem\u00e1s de remover sentimientos de vac\u00edo, suelen generar incertidumbre y p\u00e9rdida de rumbo (OMS, 2023).<\/p>\n\n\n\n<p>Los conflictos constantes en el hogar, la violencia intrafamiliar o la falta de una red de apoyo s\u00f3lido son detonantes frecuentes. La soledad y el aislamiento act\u00faan como caldo de cultivo para el padecimiento depresivo, especialmente en sociedades cada vez m\u00e1s individualistas (Wikipedia, 2025).<\/p>\n\n\n\n<p>La presi\u00f3n laboral, las deudas, la inestabilidad econ\u00f3mica o la sobrecarga de responsabilidades son condiciones que, sostenidas en el tiempo, desgastan emocionalmente y abren la puerta a episodios de malestar psicol\u00f3gico (Verywell Health, 2024).<\/p>\n\n\n\n<p>Padecimientos cr\u00f3nicos como el c\u00e1ncer, la diabetes o los problemas cardiovasculares no solo afectan al cuerpo: tambi\u00e9n debilitan la mente. El dolor constante y las limitaciones f\u00edsicas suelen generar sentimientos de frustraci\u00f3n, impotencia y profunda tristeza (OMS, 2023).<\/p>\n\n\n\n<p>La verdad es que hay etapas de la vida marcadas por transformaciones biol\u00f3gicas que pueden incrementar la vulnerabilidad y estar acompa\u00f1adas de alteraciones emocionales, tales como,<\/p>\n\n\n\n<ul class=\"wp-block-list\">\n<li><strong>Embarazo y posparto<\/strong>: las variaciones hormonales, sumadas a la ansiedad por la maternidad y la presi\u00f3n social, hacen que muchas mujeres experimenten depresi\u00f3n posparto (Verywell Health, 2024).<\/li>\n\n\n\n<li><strong>Menopausia<\/strong>: la disminuci\u00f3n de estr\u00f3genos puede alterar el equilibrio emocional, provocando irritabilidad, insomnio y abatimiento en una etapa donde tambi\u00e9n se enfrentan cambios en la identidad y el rol social (Wikipedia, 2025).<\/li>\n\n\n\n<li><strong>Andropausia<\/strong>: en los hombres, la reducci\u00f3n de testosterona puede traducirse en cansancio, p\u00e9rdida de inter\u00e9s sexual y s\u00edntomas depresivos, aunque rara vez se aborda con la misma apertura (OMS, 2023).<\/li>\n<\/ul>\n\n\n\n<p>Debemos reconocer que el historial de abusos f\u00edsicos, sexuales o emocionales, as\u00ed como traumas no resueltos, incrementa de manera significativa la vulnerabilidad a este trastorno en la adultez (Verywell Health, 2024).<\/p>\n\n\n\n<p>La pobreza, la inseguridad, la falta de acceso a servicios b\u00e1sicos o vivir en zonas marcadas por la violencia son realidades que no solo limitan el desarrollo humano, sino que tambi\u00e9n deterioran la salud mental de comunidades enteras.<\/p>\n\n\n\n<p>En Rep\u00fablica Dominicana, estudios recientes se\u00f1alan que casi un 20 % de la poblaci\u00f3n sufre alg\u00fan tipo de trastorno mental y que m\u00e1s de la mitad de los suicidios est\u00e1n relacionados con cuadros depresivos (List\u00edn Diario, 2024; Acento, 2023; El Dinero, 2023).<\/p>\n\n\n\n<p>Lo cierto es que el trastorno depresivo no distingue edad, g\u00e9nero ni condici\u00f3n social. Puede afectar a cualquiera, en cualquier momento de su vida. La clave est\u00e1 en reconocer las se\u00f1ales, dejar de estigmatizar el tema y promover una atenci\u00f3n integral que combine apoyo m\u00e9dico, psicol\u00f3gico y social (OMS, 2023).<\/p>\n\n\n\n<p>Hablar de depresi\u00f3n no es hablar de debilidad, sino de humanidad. Asumirla como un problema de salud p\u00fablica es el primer paso para evitar que siga cobrando silenciosamente vidas y esperanzas.<\/p>\n","protected":false},"excerpt":{"rendered":"<p>Por Doctor Ram\u00f3n Ceballo La depresi\u00f3n es uno de los trastornos de salud mental m\u00e1s extendidos en el mundo y, sin embargo, contin\u00faa siendo malinterpretada. Muchas veces se confunde con simple tristeza o des\u00e1nimo pasajero, pero en realidad se trata de una condici\u00f3n compleja que impacta tanto al cuerpo como a la mente, y que [&hellip;]<\/p>\n","protected":false},"author":2,"featured_media":406991,"comment_status":"closed","ping_status":"closed","sticky":false,"template":"","format":"standard","meta":{"footnotes":""},"categories":[36,19,16],"tags":[],"class_list":["post-633873","post","type-post","status-publish","format-standard","has-post-thumbnail","hentry","category-hombresmujeresycosas","category-mi-voz","category-opiniones"],"_links":{"self":[{"href":"https:\/\/diariodominicano.com\/index.php?rest_route=\/wp\/v2\/posts\/633873","targetHints":{"allow":["GET"]}}],"collection":[{"href":"https:\/\/diariodominicano.com\/index.php?rest_route=\/wp\/v2\/posts"}],"about":[{"href":"https:\/\/diariodominicano.com\/index.php?rest_route=\/wp\/v2\/types\/post"}],"author":[{"embeddable":true,"href":"https:\/\/diariodominicano.com\/index.php?rest_route=\/wp\/v2\/users\/2"}],"replies":[{"embeddable":true,"href":"https:\/\/diariodominicano.com\/index.php?rest_route=%2Fwp%2Fv2%2Fcomments&post=633873"}],"version-history":[{"count":1,"href":"https:\/\/diariodominicano.com\/index.php?rest_route=\/wp\/v2\/posts\/633873\/revisions"}],"predecessor-version":[{"id":633874,"href":"https:\/\/diariodominicano.com\/index.php?rest_route=\/wp\/v2\/posts\/633873\/revisions\/633874"}],"wp:featuredmedia":[{"embeddable":true,"href":"https:\/\/diariodominicano.com\/index.php?rest_route=\/wp\/v2\/media\/406991"}],"wp:attachment":[{"href":"https:\/\/diariodominicano.com\/index.php?rest_route=%2Fwp%2Fv2%2Fmedia&parent=633873"}],"wp:term":[{"taxonomy":"category","embeddable":true,"href":"https:\/\/diariodominicano.com\/index.php?rest_route=%2Fwp%2Fv2%2Fcategories&post=633873"},{"taxonomy":"post_tag","embeddable":true,"href":"https:\/\/diariodominicano.com\/index.php?rest_route=%2Fwp%2Fv2%2Ftags&post=633873"}],"curies":[{"name":"wp","href":"https:\/\/api.w.org\/{rel}","templated":true}]}}