{"id":63375,"date":"2013-07-01T22:42:11","date_gmt":"2013-07-01T22:42:11","guid":{"rendered":"http:\/\/diariodominicano.ddns.net\/?p=63375"},"modified":"2025-03-31T22:08:04","modified_gmt":"2025-04-01T02:08:04","slug":"diputado-rafael-mendez-pide-a-educacion-exhonerar-el-pago-de-matriculacion-a-estudiantes-de-prepara","status":"publish","type":"post","link":"https:\/\/diariodominicano.com\/?p=63375","title":{"rendered":"Diputado Rafael M\u00e9ndez pide a educaci\u00f3n exhonerar el  pago de matriculaci\u00f3n a estudiantes de Prepara"},"content":{"rendered":"<p><body><\/p>\n<p><span class=\"text1noticias\">TEUDDY A. SANCHEZ<\/span><\/p>\n<p><span class=\"text1noticias\">       <\/span><\/p>\n<p><span class=\"text1noticias\">Neiba, Bahoruco, RD, 1 de Julio.-El Ministerio de Educaci\u00f3n tiene que exonerar del pago de los 800 pesos, a los estudiantes del Programa de Educaci\u00f3n Media para J\u00f3venes y Adultos (Prepara).<\/span><\/p>\n<p><span class=\"text1noticias\"> <\/span><\/p>\n<p><span class=\"text1noticias\">        El reclamo fue realizado por el diputado por el Partido de la Liberaci\u00f3n Dominicana (PLD), Rafael M\u00e9ndez, al Presidente Danilo Medina, para que ordene a Educaci\u00f3n la exoneraci\u00f3n de dicho dinero.<\/span><\/p>\n<p><span class=\"text1noticias\">         Precis\u00f3 el legislador,  que esos escolares pasan muchas vicisitudes para hacer efectivo ese dinero, \u00aby son personas de escasos recursos econ\u00f3micos, y quieren superarse\u00bb.<\/span><\/p>\n<\/p>\n<p><span class=\"text1noticias\">          \u00abRespetuosamente, acudo a usted a los fines de proponerle  valorar la posibilidad de que el Ministerio de Educaci\u00f3n exonere del pago de RD$800.00 anual que por concepto de matriculaci\u00f3n deben cubrir los estudiantes del Programa de Educaci\u00f3n Media para J\u00f3venes y Adultos\u00bb, subray\u00f3<\/span><\/p>\n<\/p>\n<p><span class=\"text1noticias\">Resalt\u00f3 el vigor de superaci\u00f3n que tienen esas personas, se\u00f1alando que son muchachos y muchachas que han formado familias, y que a base de muchos sacrificios han retomado sus estudios.<\/span><\/p>\n<\/p>\n<p><span class=\"text1noticias\">Manifest\u00f3 que una gran parte de los alumnos se han visto obligados a dejar los estudios, por no disponer de los recursos econ\u00f3micos para pagar la matriculaci\u00f3n en el programa PREPARA.<\/span><\/p>\n<\/p>\n<p><span class=\"text1noticias\">\u00abAl parecer, estos 800 pesos resultan insignificantes para la evaluable oportunidad que se les brinda, pero para gran parte ellos ha significado una suma imposible de honrar, en tanto que otros cubren ese compromiso a costa de un gran sacrificio\u00bb, puntualiz\u00f3.(HG)<\/span>.<\/p>\n<h6> 2013-07-01 22:42:11 <\/h6>\n<p><!--\n<link rel=\"stylesheet\" href=\"css\/bootstrap.min.css\">\n\n\n<ul class=\"pagination\">\n\t    \n\t\n\n<li >\n\t<a href='?page_no=15052'>Previous<\/a>\n\t<\/li>\n\n\n       \n    \n\n<li><a href='?page_no=1'>1<\/a><\/li>\n\n\n\n<li><a href='?page_no=2'>2<\/a><\/li>\n\n\n\n<li><a>...<\/a><\/li>\n\n\n\n<li><a href='?page_no=15051'>15051<\/a><\/li>\n\n\n\n<li><a href='?page_no=15052'>15052<\/a><\/li>\n\n\n\n<li class='active'><a>15053<\/a><\/li>\n\n\n\n<li><a href='?page_no=15054'>15054<\/a><\/li>\n\n\n\n<li><a href='?page_no=15055'>15055<\/a><\/li>\n\n\n\n<li><a>...<\/a><\/li>\n\n\n\n<li><a href='?page_no=22911'>22911<\/a><\/li>\n\n\n\n<li><a href='?page_no=22912'>22912<\/a><\/li>\n\n    \n\t\n\n<li >\n\t<a href='?page_no=15054'>Next<\/a>\n\t<\/li>\n\n\n    \n\n<li><a href='?page_no=22912'>Last &rsaquo;&rsaquo;<\/a><\/li>\n\n<\/ul>\n\n\n--><br \/>\n<\/body><\/p>\n","protected":false},"excerpt":{"rendered":"<p>TEUDDY A. SANCHEZ Neiba, Bahoruco, RD, 1 de Julio.-El Ministerio de Educaci\u00f3n tiene que exonerar del pago de los 800 pesos, a los estudiantes del Programa de Educaci\u00f3n Media para J\u00f3venes y Adultos (Prepara). El reclamo fue realizado por el diputado por el Partido de la Liberaci\u00f3n Dominicana (PLD), Rafael M\u00e9ndez, al Presidente Danilo Medina, [&hellip;]<\/p>\n","protected":false},"author":3,"featured_media":585841,"comment_status":"open","ping_status":"open","sticky":false,"template":"","format":"standard","meta":{"footnotes":""},"categories":[21],"tags":[178],"class_list":["post-63375","post","type-post","status-publish","format-standard","has-post-thumbnail","hentry","category-cultura","tag-rafael-mendez"],"_links":{"self":[{"href":"https:\/\/diariodominicano.com\/index.php?rest_route=\/wp\/v2\/posts\/63375","targetHints":{"allow":["GET"]}}],"collection":[{"href":"https:\/\/diariodominicano.com\/index.php?rest_route=\/wp\/v2\/posts"}],"about":[{"href":"https:\/\/diariodominicano.com\/index.php?rest_route=\/wp\/v2\/types\/post"}],"author":[{"embeddable":true,"href":"https:\/\/diariodominicano.com\/index.php?rest_route=\/wp\/v2\/users\/3"}],"replies":[{"embeddable":true,"href":"https:\/\/diariodominicano.com\/index.php?rest_route=%2Fwp%2Fv2%2Fcomments&post=63375"}],"version-history":[{"count":1,"href":"https:\/\/diariodominicano.com\/index.php?rest_route=\/wp\/v2\/posts\/63375\/revisions"}],"predecessor-version":[{"id":606933,"href":"https:\/\/diariodominicano.com\/index.php?rest_route=\/wp\/v2\/posts\/63375\/revisions\/606933"}],"wp:featuredmedia":[{"embeddable":true,"href":"https:\/\/diariodominicano.com\/index.php?rest_route=\/wp\/v2\/media\/585841"}],"wp:attachment":[{"href":"https:\/\/diariodominicano.com\/index.php?rest_route=%2Fwp%2Fv2%2Fmedia&parent=63375"}],"wp:term":[{"taxonomy":"category","embeddable":true,"href":"https:\/\/diariodominicano.com\/index.php?rest_route=%2Fwp%2Fv2%2Fcategories&post=63375"},{"taxonomy":"post_tag","embeddable":true,"href":"https:\/\/diariodominicano.com\/index.php?rest_route=%2Fwp%2Fv2%2Ftags&post=63375"}],"curies":[{"name":"wp","href":"https:\/\/api.w.org\/{rel}","templated":true}]}}