{"id":633672,"date":"2025-08-24T16:19:09","date_gmt":"2025-08-24T20:19:09","guid":{"rendered":"https:\/\/diariodominicano.com\/?p=633672"},"modified":"2025-08-24T16:19:11","modified_gmt":"2025-08-24T20:19:11","slug":"las-fortunas-de-fidel-y-maduro-arma-mediatica-que-la-realidad-contable-diluira-con-el-tiempo","status":"publish","type":"post","link":"https:\/\/diariodominicano.com\/?p=633672","title":{"rendered":"Las \u00abfortunas\u00bb de Fidel y Maduro: Arma medi\u00e1tica que la realidad contable diluir\u00e1 con el tiempo"},"content":{"rendered":"\n<p>Por Rafael M\u00e9ndez<\/p>\n\n\n\n<p>La figura de los l\u00edderes revolucionarios, progresistas y de izquierda, a menudo viene acompa\u00f1ada de acusaciones de riqueza oculta, un recurso medi\u00e1tico que busca cuestionar su legitimidad por sus pol\u00edticas orientadas a reivindicar a los sectores tradicionalmente excluidos, que constituyen la mayor\u00eda de la poblaci\u00f3n de sus pa\u00edses. Fidel Castro, el hist\u00f3rico l\u00edder de la Revoluci\u00f3n Cubana, fue durante a\u00f1os objeto de reportajes que lo ubicaban entre los hombres m\u00e1s ricos del mundo.<\/p>\n\n\n\n<figure class=\"wp-block-image size-full is-resized\"><img loading=\"lazy\" decoding=\"async\" width=\"267\" height=\"188\" src=\"https:\/\/diariodominicano.com\/wp-content\/uploads\/2025\/08\/Las-fortunas-de-Fidel-y-Maduro-Arma-mediatica-que-la-realidad-contable-diluira-con-el-tiempo.webp\" alt=\"\" class=\"wp-image-633682\" style=\"width:616px;height:auto\"\/><\/figure>\n\n\n\n<p>Los medios especializados en publicar listas de millonarios globales, como la revista Forbes, llegaron a asignar al l\u00edder cubano una fortuna de 900 millones de d\u00f3lares. El propio Castro desminti\u00f3 con firmeza estas cifras y desafi\u00f3 a la publicaci\u00f3n a que presentara pruebas de su supuesto enriquecimiento personal. A pesar de la falta de evidencias, la acusaci\u00f3n persisti\u00f3, creando un mito de opulencia que contrastaba con su discurso de austeridad y sacrificio.<\/p>\n\n\n\n<p>D\u00e9cadas despu\u00e9s, la historia se repite con el presidente de la Rep\u00fablica Bolivariana de Venezuela, Nicol\u00e1s Maduro. A \u00e9l y a dirigentes chavistas destacados se les atribuyen cuentas multimillonarias, que supuestamente habr\u00edan sido desviadas del Estado. Al mismo tiempo, Estados Unidos y sus aliados han incautado activos y bienes de Venezuela en el extranjero, present\u00e1ndolos como propiedad personal del presidente, mientras que el gobierno venezolano sostiene que pertenecen al Estado y que su confiscaci\u00f3n constituye un acto de expolio.<\/p>\n\n\n\n<p>Este paralelismo revela una estrategia recurrente: presentar a los l\u00edderes de izquierda como millonarios encubiertos para deslegitimar los proyectos pol\u00edticos que encabezan, sin que la realidad contable haya demostrado hasta ahora los supuestos enriquecimientos personales. \u201cNos persiguen, no por las cosas malas que habremos hecho, sin por las tantas cosas buenas que hemos hecho en favor de nuestros pueblos\u201d. Rafael Correa. Ex presidente de Ecuador.<\/p>\n\n\n\n<p>Kissinger y el miedo al \u00ab\u00e9xito\u00bb socialista en Am\u00e9rica Latina<\/p>\n\n\n\n<p>La acusaci\u00f3n de riqueza contra los l\u00edderes progresistas no es un fin en s\u00ed misma, sino parte de un tablero geopol\u00edtico mucho m\u00e1s amplio. La pol\u00edtica exterior de Estados Unidos hacia Am\u00e9rica Latina se ha basado en un principio que el exsecretario de Estado Henry Kissinger formul\u00f3 con crudeza para justificar el derrocamiento de Salvador Allende en Chile: \u201cNuestro temor no es que fracasen, es que tengan \u00e9xito\u201d.<\/p>\n\n\n\n<p>Esa frase se convirti\u00f3 en gu\u00eda silenciosa de la intervenci\u00f3n estadounidense en la regi\u00f3n. El verdadero miedo de Washington no ha sido el fracaso de los gobiernos socialistas, sino que logren demostrar que un modelo alternativo al capitalismo occidental es viable.<\/p>\n\n\n\n<p>Un ejemplo claro fue el derrocamiento de Juan Bosch en Rep\u00fablica Dominicana. Electo democr\u00e1ticamente en 1962, Bosch impuls\u00f3 reformas progresistas y un discurso de redenci\u00f3n de los pobres que incomod\u00f3 a la \u00e9lite local y a la potencia del norte. Siete meses despu\u00e9s, un golpe de Estado apoyado por la CIA y sostenido por la derecha dominicana y sectores religiosos lo desaloj\u00f3 del poder.<\/p>\n\n\n\n<p>Aunque en su caso no se utiliz\u00f3 el mito de la riqueza personal, la l\u00f3gica fue la misma: impedir que un proyecto alternativo echara ra\u00edces en el \u201cpatio trasero\u201d de Estados Unidos. Hoy, esa estrategia se repite con las etiquetas de corrupci\u00f3n, autoritarismo y fortunas ficticias, amplificadas por una maquinaria medi\u00e1tica de alcance global.<\/p>\n\n\n\n<p>Fidel Castro: Forbes y el control del Estado<\/p>\n\n\n\n<p>La inclusi\u00f3n de Fidel Castro en las listas de Forbes no se bas\u00f3 en cuentas bancarias personales, sino en la estimaci\u00f3n de su control sobre las empresas estatales cubanas. La revista argument\u00f3 que, como hombre fuerte de la isla, Castro pod\u00eda disponer de los ingresos generados por sectores estrat\u00e9gicos como el ron, el tabaco, la biotecnolog\u00eda y el turismo. A partir de esos c\u00e1lculos, lo situaron en el ranking de los grandes millonarios del planeta.<\/p>\n\n\n\n<p>El m\u00e9todo era cuestionable y Castro lo denunci\u00f3 como una \u201cburda mentira\u201d. Aclar\u00f3 que, pese a dirigir un Estado con control sobre la econom\u00eda, \u00e9l viv\u00eda con un salario modesto y no pose\u00eda propiedades ni cuentas personales en el extranjero. Con el tiempo, la ausencia de pruebas convirti\u00f3 aquel relato en poco m\u00e1s que una leyenda medi\u00e1tica, incapaz de resistir la comprobaci\u00f3n documental<\/p>\n\n\n\n<p>Nicol\u00e1s Maduro: La misma historia<\/p>\n\n\n\n<p>En el caso de Nicol\u00e1s Maduro, las acusaciones se han revestido de mayor formalidad, con procesos judiciales en tribunales estadounidenses por corrupci\u00f3n, narcotr\u00e1fico y blanqueo de capitales. El Departamento de Justicia incluso ha ofrecido recompensas por su captura. Paralelamente, Washington ha incautado activos venezolanos \u2014que Caracas denuncia como propiedad estatal y no personal\u2014, mientras flexibiliza sanciones a corporaciones como Chevron para explotar el petr\u00f3leo venezolano.<\/p>\n\n\n\n<p>Esta doble jugada revela que m\u00e1s all\u00e1 del relato de la corrupci\u00f3n, lo que est\u00e1 en juego son intereses estrat\u00e9gicos. Al igual que con Fidel, el mito de la fortuna personal de Maduro sirve como herramienta de propaganda, pero carece de sustento contable verificable. Con el paso de los a\u00f1os, esa narrativa quedar\u00e1 desmentida, dejando en evidencia que el verdadero motivo de las sanciones y acusaciones no es el supuesto enriquecimiento il\u00edcito, sino la obstinada voluntad de impedir que los proyectos socialistas o progresistas se consoliden y prosperen en la regi\u00f3n.<\/p>\n","protected":false},"excerpt":{"rendered":"<p>Por Rafael M\u00e9ndez La figura de los l\u00edderes revolucionarios, progresistas y de izquierda, a menudo viene acompa\u00f1ada de acusaciones de riqueza oculta, un recurso medi\u00e1tico que busca cuestionar su legitimidad por sus pol\u00edticas orientadas a reivindicar a los sectores tradicionalmente excluidos, que constituyen la mayor\u00eda de la poblaci\u00f3n de sus pa\u00edses. Fidel Castro, el hist\u00f3rico [&hellip;]<\/p>\n","protected":false},"author":7,"featured_media":607953,"comment_status":"closed","ping_status":"closed","sticky":false,"template":"","format":"standard","meta":{"footnotes":""},"categories":[16],"tags":[178],"class_list":["post-633672","post","type-post","status-publish","format-standard","has-post-thumbnail","hentry","category-opiniones","tag-rafael-mendez"],"_links":{"self":[{"href":"https:\/\/diariodominicano.com\/index.php?rest_route=\/wp\/v2\/posts\/633672","targetHints":{"allow":["GET"]}}],"collection":[{"href":"https:\/\/diariodominicano.com\/index.php?rest_route=\/wp\/v2\/posts"}],"about":[{"href":"https:\/\/diariodominicano.com\/index.php?rest_route=\/wp\/v2\/types\/post"}],"author":[{"embeddable":true,"href":"https:\/\/diariodominicano.com\/index.php?rest_route=\/wp\/v2\/users\/7"}],"replies":[{"embeddable":true,"href":"https:\/\/diariodominicano.com\/index.php?rest_route=%2Fwp%2Fv2%2Fcomments&post=633672"}],"version-history":[{"count":1,"href":"https:\/\/diariodominicano.com\/index.php?rest_route=\/wp\/v2\/posts\/633672\/revisions"}],"predecessor-version":[{"id":633683,"href":"https:\/\/diariodominicano.com\/index.php?rest_route=\/wp\/v2\/posts\/633672\/revisions\/633683"}],"wp:featuredmedia":[{"embeddable":true,"href":"https:\/\/diariodominicano.com\/index.php?rest_route=\/wp\/v2\/media\/607953"}],"wp:attachment":[{"href":"https:\/\/diariodominicano.com\/index.php?rest_route=%2Fwp%2Fv2%2Fmedia&parent=633672"}],"wp:term":[{"taxonomy":"category","embeddable":true,"href":"https:\/\/diariodominicano.com\/index.php?rest_route=%2Fwp%2Fv2%2Fcategories&post=633672"},{"taxonomy":"post_tag","embeddable":true,"href":"https:\/\/diariodominicano.com\/index.php?rest_route=%2Fwp%2Fv2%2Ftags&post=633672"}],"curies":[{"name":"wp","href":"https:\/\/api.w.org\/{rel}","templated":true}]}}