{"id":633604,"date":"2025-08-24T00:13:20","date_gmt":"2025-08-24T04:13:20","guid":{"rendered":"https:\/\/diariodominicano.com\/?p=633604"},"modified":"2025-08-24T00:13:26","modified_gmt":"2025-08-24T04:13:26","slug":"fuerzas-conjuntas-costarricenses-capturan-15-toneladas-de-drogas","status":"publish","type":"post","link":"https:\/\/diariodominicano.com\/?p=633604","title":{"rendered":"Fuerzas conjuntas costarricenses capturan 1,5 toneladas de drogas"},"content":{"rendered":"\n<p>San Jos\u00e9, 23 ago (Prensa Latina) Una operaci\u00f3n costarricense captur\u00f3 hoy en aguas del Pac\u00edfico sur una lancha en la que viajaban dos nacionales y dos colombianos con 1,5 toneladas de distintos tipos de drogas, inform\u00f3 el peri\u00f3dico AM Prensa.<\/p>\n\n\n\n<ul class=\"wp-block-list\">\n<li><a href=\"https:\/\/www.prensa-latina.cu\/2025\/08\/23\/\"><time>agosto 23, 2025 | 22:04<\/time><\/a><\/li>\n<\/ul>\n\n\n\n<ul class=\"wp-block-list\">\n<li><a href=\"https:\/\/www.prensa-latina.cu\/2025\/08\/23\/fuerzas-conjuntas-costarricenses-capturan-15-toneladas-de-drogas\/#\"><\/a><\/li>\n\n\n\n<li><a href=\"https:\/\/www.prensa-latina.cu\/2025\/08\/23\/fuerzas-conjuntas-costarricenses-capturan-15-toneladas-de-drogas\/#\"><\/a><\/li>\n\n\n\n<li><a href=\"https:\/\/www.prensa-latina.cu\/2025\/08\/23\/fuerzas-conjuntas-costarricenses-capturan-15-toneladas-de-drogas\/#\"><\/a><\/li>\n\n\n\n<li><a href=\"https:\/\/www.prensa-latina.cu\/2025\/08\/23\/fuerzas-conjuntas-costarricenses-capturan-15-toneladas-de-drogas\/#\"><\/a><\/li>\n<\/ul>\n\n\n\n<p>El operativo fue ejecutado entre la Polic\u00eda de Control de Drogas, la Direcci\u00f3n de Inteligencia y An\u00e1lisis Criminal, la Unidad Especial de Apoyo y la Administraci\u00f3n de Control de estupefacientes, con apoyo del Servicio Nacional de Guardacostas, a\u00f1adi\u00f3 la fuente.<\/p>\n\n\n\n<p>La embarcaci\u00f3n intervenida, del tipo r\u00e1pida y sin matr\u00edcula visible, fue detectada cuando navegaba a gran velocidad cerca de la costa de Puerto Jim\u00e9nez, provincia suroriental de Puntarenas, en un aparente intento por evadir la vigilancia policial, apunt\u00f3 AM Prensa.<\/p>\n\n\n\n<p>lam\/apb<\/p>\n\n\n\n<ul class=\"wp-block-list\">\n<li>#<a href=\"https:\/\/www.prensa-latina.cu\/etiqueta\/5-toneladas-distintos-tipos-drogas\/\">5 toneladas distintos tipos drogas<\/a>\u00a0#<a href=\"https:\/\/www.prensa-latina.cu\/etiqueta\/capturan-1\/\">capturan 1<\/a>\u00a0#<a href=\"https:\/\/www.prensa-latina.cu\/etiqueta\/fuerzas-conjuntas-costarricenses\/\">Fuerzas conjuntas costarricenses<\/a>\u00a0#<a href=\"https:\/\/www.prensa-latina.cu\/etiqueta\/lancha-dos-nacionales\/\">lancha dos nacionales<\/a>\u00a0#<a href=\"https:\/\/www.prensa-latina.cu\/etiqueta\/y-dos-colombianos\/\">y dos colombianos<\/a><\/li>\n<\/ul>\n","protected":false},"excerpt":{"rendered":"<p>San Jos\u00e9, 23 ago (Prensa Latina) Una operaci\u00f3n costarricense captur\u00f3 hoy en aguas del Pac\u00edfico sur una lancha en la que viajaban dos nacionales y dos colombianos con 1,5 toneladas de distintos tipos de drogas, inform\u00f3 el peri\u00f3dico AM Prensa. El operativo fue ejecutado entre la Polic\u00eda de Control de Drogas, la Direcci\u00f3n de Inteligencia [&hellip;]<\/p>\n","protected":false},"author":2,"featured_media":633605,"comment_status":"closed","ping_status":"closed","sticky":false,"template":"","format":"standard","meta":{"footnotes":""},"categories":[23,29],"tags":[],"class_list":["post-633604","post","type-post","status-publish","format-standard","has-post-thumbnail","hentry","category-internacional","category-policiasucesos"],"_links":{"self":[{"href":"https:\/\/diariodominicano.com\/index.php?rest_route=\/wp\/v2\/posts\/633604","targetHints":{"allow":["GET"]}}],"collection":[{"href":"https:\/\/diariodominicano.com\/index.php?rest_route=\/wp\/v2\/posts"}],"about":[{"href":"https:\/\/diariodominicano.com\/index.php?rest_route=\/wp\/v2\/types\/post"}],"author":[{"embeddable":true,"href":"https:\/\/diariodominicano.com\/index.php?rest_route=\/wp\/v2\/users\/2"}],"replies":[{"embeddable":true,"href":"https:\/\/diariodominicano.com\/index.php?rest_route=%2Fwp%2Fv2%2Fcomments&post=633604"}],"version-history":[{"count":1,"href":"https:\/\/diariodominicano.com\/index.php?rest_route=\/wp\/v2\/posts\/633604\/revisions"}],"predecessor-version":[{"id":633606,"href":"https:\/\/diariodominicano.com\/index.php?rest_route=\/wp\/v2\/posts\/633604\/revisions\/633606"}],"wp:featuredmedia":[{"embeddable":true,"href":"https:\/\/diariodominicano.com\/index.php?rest_route=\/wp\/v2\/media\/633605"}],"wp:attachment":[{"href":"https:\/\/diariodominicano.com\/index.php?rest_route=%2Fwp%2Fv2%2Fmedia&parent=633604"}],"wp:term":[{"taxonomy":"category","embeddable":true,"href":"https:\/\/diariodominicano.com\/index.php?rest_route=%2Fwp%2Fv2%2Fcategories&post=633604"},{"taxonomy":"post_tag","embeddable":true,"href":"https:\/\/diariodominicano.com\/index.php?rest_route=%2Fwp%2Fv2%2Ftags&post=633604"}],"curies":[{"name":"wp","href":"https:\/\/api.w.org\/{rel}","templated":true}]}}