{"id":633587,"date":"2025-08-24T00:11:12","date_gmt":"2025-08-24T04:11:12","guid":{"rendered":"https:\/\/diariodominicano.com\/?p=633587"},"modified":"2025-08-24T00:11:17","modified_gmt":"2025-08-24T04:11:17","slug":"argelia-pide-a-consejo-de-seguridad-frenar-proyecto-de-gran-israel","status":"publish","type":"post","link":"https:\/\/diariodominicano.com\/?p=633587","title":{"rendered":"Argelia pide a Consejo de Seguridad frenar proyecto de Gran Israel"},"content":{"rendered":"\n<p>Argel, 23 ago (Prensa Latina) Argelia pidi\u00f3 hoy al Consejo de Seguridad de la ONU frenar el proyecto del Gran Israel y preservar los cimientos de la \u00absoluci\u00f3n de dos Estados\u00bb como la base para poner fin al conflicto israel\u00ed-palestino\u00bb.<\/p>\n\n\n\n<ul class=\"wp-block-list\">\n<li><a href=\"https:\/\/www.prensa-latina.cu\/2025\/08\/23\/\"><time>agosto 23, 2025 | 12:49<\/time><\/a><\/li>\n<\/ul>\n\n\n\n<ul class=\"wp-block-list\">\n<li><a href=\"https:\/\/www.prensa-latina.cu\/2025\/08\/23\/argelia-pide-a-consejo-de-seguridad-frenar-proyecto-de-gran-israel\/#\"><\/a><\/li>\n\n\n\n<li><a href=\"https:\/\/www.prensa-latina.cu\/2025\/08\/23\/argelia-pide-a-consejo-de-seguridad-frenar-proyecto-de-gran-israel\/#\"><\/a><\/li>\n\n\n\n<li><a href=\"https:\/\/www.prensa-latina.cu\/2025\/08\/23\/argelia-pide-a-consejo-de-seguridad-frenar-proyecto-de-gran-israel\/#\"><\/a><\/li>\n\n\n\n<li><a href=\"https:\/\/www.prensa-latina.cu\/2025\/08\/23\/argelia-pide-a-consejo-de-seguridad-frenar-proyecto-de-gran-israel\/#\"><\/a><\/li>\n<\/ul>\n\n\n\n<p>Mediante un comunicado, el Ministerio de Asuntos Exteriores enfatiz\u00f3 que la declaraci\u00f3n oficial de la ONU sobre el estado de hambruna en la Franja de Gaza sienta un precedente extremadamente peligroso y el primero de este tipo en la historia de la causa palestina y de la regi\u00f3n.<\/p>\n\n\n\n<p>De acuerdo con la canciller\u00eda, lo m\u00e1s deplorable y reprensible es que esta hambruna generalizada no es el resultado de circunstancias imperiosas, sino una decisi\u00f3n pol\u00edtica y el resultado de la planificaci\u00f3n y gesti\u00f3n de la ocupaci\u00f3n israel\u00ed.<\/p>\n\n\n\n<p>A su vez, indic\u00f3 que el estado de hambruna declarado no es en absoluto ajeno al proyecto de desplazamiento, al proyecto de reocupaci\u00f3n de Gaza ni al conocido como el proyecto del \u00abGran Israel\u00bb.<\/p>\n\n\n\n<p>En este punto, conden\u00f3 estas pol\u00edticas y pr\u00e1cticas impuestas al pueblo palestino como parte de la actual guerra de exterminio contra la Franja de Gaza.<\/p>\n\n\n\n<p>Como miembro del Consejo de Seguridad, Argel reiter\u00f3 su compromiso de continuar sus esfuerzos diplom\u00e1ticos para apoyar al pueblo palestino e impulsar el fin de esta cat\u00e1strofe humanitaria sin precedentes.<\/p>\n\n\n\n<p>Al mismo tiempo, inst\u00f3 a que se tomen medidas para acelerar el establecimiento de un Estado palestino independiente y soberano con Jerusal\u00e9n como su capital.<\/p>\n\n\n\n<p>arc\/yma<\/p>\n\n\n\n<ul class=\"wp-block-list\">\n<li>#<a href=\"https:\/\/www.prensa-latina.cu\/etiqueta\/argelia\/\">Argelia<\/a>\u00a0#<a href=\"https:\/\/www.prensa-latina.cu\/etiqueta\/gaza\/\">gaza<\/a>\u00a0#<a href=\"https:\/\/www.prensa-latina.cu\/etiqueta\/hambruna\/\">hambruna<\/a>\u00a0#<a href=\"https:\/\/www.prensa-latina.cu\/etiqueta\/onu\/\">ONU<\/a>\u00a0#<a href=\"https:\/\/www.prensa-latina.cu\/etiqueta\/palestina\/\">PALESTINA<\/a><\/li>\n<\/ul>\n","protected":false},"excerpt":{"rendered":"<p>Argel, 23 ago (Prensa Latina) Argelia pidi\u00f3 hoy al Consejo de Seguridad de la ONU frenar el proyecto del Gran Israel y preservar los cimientos de la \u00absoluci\u00f3n de dos Estados\u00bb como la base para poner fin al conflicto israel\u00ed-palestino\u00bb. Mediante un comunicado, el Ministerio de Asuntos Exteriores enfatiz\u00f3 que la declaraci\u00f3n oficial de la [&hellip;]<\/p>\n","protected":false},"author":2,"featured_media":633592,"comment_status":"closed","ping_status":"closed","sticky":false,"template":"","format":"standard","meta":{"footnotes":""},"categories":[23],"tags":[],"class_list":["post-633587","post","type-post","status-publish","format-standard","has-post-thumbnail","hentry","category-internacional"],"_links":{"self":[{"href":"https:\/\/diariodominicano.com\/index.php?rest_route=\/wp\/v2\/posts\/633587","targetHints":{"allow":["GET"]}}],"collection":[{"href":"https:\/\/diariodominicano.com\/index.php?rest_route=\/wp\/v2\/posts"}],"about":[{"href":"https:\/\/diariodominicano.com\/index.php?rest_route=\/wp\/v2\/types\/post"}],"author":[{"embeddable":true,"href":"https:\/\/diariodominicano.com\/index.php?rest_route=\/wp\/v2\/users\/2"}],"replies":[{"embeddable":true,"href":"https:\/\/diariodominicano.com\/index.php?rest_route=%2Fwp%2Fv2%2Fcomments&post=633587"}],"version-history":[{"count":1,"href":"https:\/\/diariodominicano.com\/index.php?rest_route=\/wp\/v2\/posts\/633587\/revisions"}],"predecessor-version":[{"id":633598,"href":"https:\/\/diariodominicano.com\/index.php?rest_route=\/wp\/v2\/posts\/633587\/revisions\/633598"}],"wp:featuredmedia":[{"embeddable":true,"href":"https:\/\/diariodominicano.com\/index.php?rest_route=\/wp\/v2\/media\/633592"}],"wp:attachment":[{"href":"https:\/\/diariodominicano.com\/index.php?rest_route=%2Fwp%2Fv2%2Fmedia&parent=633587"}],"wp:term":[{"taxonomy":"category","embeddable":true,"href":"https:\/\/diariodominicano.com\/index.php?rest_route=%2Fwp%2Fv2%2Fcategories&post=633587"},{"taxonomy":"post_tag","embeddable":true,"href":"https:\/\/diariodominicano.com\/index.php?rest_route=%2Fwp%2Fv2%2Ftags&post=633587"}],"curies":[{"name":"wp","href":"https:\/\/api.w.org\/{rel}","templated":true}]}}