{"id":633357,"date":"2025-08-22T14:12:10","date_gmt":"2025-08-22T18:12:10","guid":{"rendered":"https:\/\/diariodominicano.com\/?p=633357"},"modified":"2026-01-02T18:12:25","modified_gmt":"2026-01-02T22:12:25","slug":"el-desempeno-del-ministerio-de-medioambiente-en-2025","status":"publish","type":"post","link":"https:\/\/diariodominicano.com\/?p=633357","title":{"rendered":"El desempe\u00f1o del ministerio de Medioambiente en 2025\u00a0"},"content":{"rendered":"\n<p>Por David La Hoz&nbsp;<\/p>\n\n\n\n<p>El mes de agosto es el mes en que el gobierno hace la evaluaci\u00f3n sobre el desempe\u00f1o de sus carteras en el \u00faltimo a\u00f1o. Dentro de la evaluaci\u00f3n cr\u00edtica sobre las pol\u00edticas p\u00fablicas puestas en marcha y el cumplimiento estrictito de su marco legal sectorial, el Ministerio de Estado de Medioambiente y Recursos Naturales lleva unas estad\u00edsticas realmente lamentables caracterizada por violaciones sistem\u00e1tico a \u00f3rdenes que m\u00e1s que legales son ordenes constitucionales avaladas por decisiones del Tribunal Constitucional.<\/p>\n\n\n\n<p>En materia de residuos s\u00f3lidos, el Congreso Nacional ha conocido y aprobado una ley que debi\u00f3 ser observada por el Poder Ejecutivo sin que la opini\u00f3n p\u00fablica conozca la posici\u00f3n del ministerio de Medioambiente sobre este particular. Este punto es particularmente sensible porque siendo el \u00faltimo cup\u00e9 del a\u00f1o en relaci\u00f3n al referido ministerio, se\u00f1ala lucidamente la conducta mantenida por este en el \u00faltimo a\u00f1o. Su desempe\u00f1o es mediocre. Mantenerse ajeno a un asunto que es de primordial importancia no solo en el pa\u00eds sino en todo el mundo frente al cambio clim\u00e1tico y a la salud y conservaci\u00f3n, por ejemplo, de la fauna marina, da una versi\u00f3n clara sobre la inoperancia de este \u00f3rgano.<\/p>\n\n\n\n<p>La depredaci\u00f3n sistem\u00e1tica que sufren los r\u00edos nacionales amparados en permisolog\u00edas recaudadoras y depredadoras a todas luces fuera de ley, pero auspiciadas por altos funcionarios del actual gobierno, son indicativos de que el ministro no es capaz de poner el cascabel al gato. Esto es lo que puede explicar la impunidad con que, por ejemplo, se depreda y extraen agregados de forma indiscriminadas sobre el r\u00edo Bajabonico desde el municipio de Imbert hasta su desembocadura en el oc\u00e9ano Atl\u00e1ntico en el llamado Puerto Plata oeste, sin que el ministro se d\u00e9 por enterado de ello, a pesar de que form\u00f3 una especie de guardia de honor sobre el mangle del municipio de Luper\u00f3n. Quiz\u00e1s para garantizar la depredaci\u00f3n del mangle de la bah\u00eda o bols\u00f3n protector de dicha bah\u00eda, pero, haciendo la salvedad de que la tala indiscriminada en las monta\u00f1as o meseta septentrional cercana, no era un objetivo suyo. Como tampoco lo es la protecci\u00f3n r\u00edo Bajabonico, este es un tesoro para los piratas de nuevo cu\u00f1o. Da pena pensar que este r\u00edo lo naveg\u00f3 hasta Guananico Mart\u00edn Alonso Pinz\u00f3n, en la incursi\u00f3n de Crist\u00f3bal Col\u00f3n y ahora es pr\u00e1cticamente un arroyo que pasa la mayor parte del a\u00f1o seco debido a que ya solo tiene agregados pluviales, es decir producto de las crecidas del Bajabonico en \u00e9pocas de lluvias. Algo similar puede a\u00f1adirse sobre el denominado bajo Yuna, sobre el Cam\u00fa, sobre el R\u00edo Yasica, etc.<\/p>\n\n\n\n<p>No se conoce un solo programa de reforestaci\u00f3n de protecci\u00f3n de las cuencas fluviales del pa\u00eds. Es como si no existiese un ministerio ambiental y una legislaci\u00f3n incluso constitucional que respalde pol\u00edtica p\u00fablica alguna sobre la materia.<\/p>\n\n\n\n<p>El ministro solo est\u00e1 atento a buscar el momento adecuado para respaldar la destrucci\u00f3n del r\u00edo Yaque del Sur cuando contra viento y marea, decida el gobierno, poner en explotaci\u00f3n la mina de los Romeros para lo cual, de seguro, est\u00e1n evaluando el costo social y pol\u00edtico de este desprop\u00f3sito. Es decir, el gobierno tiene como pol\u00edtica p\u00fablica garantizar con artificios legales la depredaci\u00f3n sistem\u00e1tica de los recursos naturales del pa\u00eds. El ministro no se siente identificado con las leyes, ni con la constituci\u00f3n, sino \u00fanico v\u00ednculo es servir al presidente de la rep\u00fablica y a los funcionarios y empresas depredadoras del medioambiente. Tal y como se observa en el caso de la discoteca Jet Set. La mesa est\u00e1 servida porque la administraci\u00f3n de justicia tambi\u00e9n est\u00e1 postrada y al servicio del Poder Ejecutivo.<\/p>\n\n\n\n<p>Obviamente, la protesta ciudadana, la defensa de los ecologistas y la comunidad internacional comprometida con la defensa del planeta, cuenta con el marco jur\u00eddico para incoar acciones contra los depredadores sean estos oficiales o privados. El cuestionamiento a la administraci\u00f3n de justicia crece en todas partes. Incluso, la metodolog\u00eda de selecci\u00f3n de operadores judiciales est\u00e1 sujeta a cambios con miras a evitar su dependencia de un poder ejecutivo troglodita.<\/p>\n\n\n\n<p>Sobre todo, porque la conciencia popular empieza a ser sensible cuando se escuchan historias como las del Cotui, Loma Miranda, etc., en las zonas operadas por empresas mineras se carece de agua potable, ha desaparecido la agricultura y la ganader\u00eda, la flora y la fauna han sufrido notorias mutaciones gen\u00e9ticas deformadoras y que hacen imposible la vida para vegetales y animales, al tiempo que el aire queda contaminado.<\/p>\n\n\n\n<p>En el denominado Cibao Central, a pesar de que existe una ley de ordenamiento territorial Medioambiente no ha sido capaz de delimitar las \u00e1reas protegidas, agr\u00edcolas y ganaderas de las \u00e1reas donde es posible el urbanismo. Es decir, ni existe ordenamiento territorial, ni se realizan estudios de impacto ambiental m\u00e1s que con el objeto de favorecer un urbanismo mal entendido y peor ejecutado. Sin que esta nota sea limitativa de la regi\u00f3n descrita, es m\u00e1s bien un desprop\u00f3sito nacional. Las pol\u00edticas p\u00fablicas que, en su origen buscaban el bien com\u00fan, han sido invertidas, ahora buscan el bien particular o de grupos, es decir, violan flagrantemente la constituci\u00f3n de la rep\u00fablica desde el gobierno mismo.<\/p>\n\n\n\n<p>Es lamentable observar, c\u00f3mo estos funcionarios y t\u00e9cnicos van a puestos p\u00fablico con el \u00fanico objeto de satisfacer prop\u00f3sitos particulares. Este tipo de conducta es la que erosiona la imagen de la democracia y abre el camino a ideas de fuerzas de las cuales luego, estos irresponsables pretenden acusar al pueblo de ser el responsable de salidas sociales y pol\u00edticas autoritarias, pero vistas las cosas, el sistema democr\u00e1tico, como cualquier sistema pol\u00edtico, se destruye a si mismo cuando no es capaz de respetar su legalidad institucional.<\/p>\n\n\n\n<p>Aqu\u00ed, la fiesta de la democracia, es una pi\u00f1ata en la que, m\u00e1s que construir institucionalidad, se derrumba el sistema. Dicho de otra manera, el pa\u00eds requiere de pol\u00edticos cuyo desempe\u00f1o est\u00e9 signado por la responsabilidad social. El marco legal existe ya, solo hace falta el empoderamiento de la ciudadan\u00eda. A la administraci\u00f3n de justicia toca decidir si se une al ruedo o, por el contrario, sucumbe ante el mismo. La poblaci\u00f3n, como siempre, alberg\u00f3 grandes ilusiones con la actual gesti\u00f3n de gobierno, pero dado el desempe\u00f1o de ministros como el de Medioambiente, entre otros, la decepci\u00f3n del ciudadano empieza a ser notoria.<\/p>\n\n\n\n<p>Es hora de que la calificaci\u00f3n de que la nota obtenida por los funcionarios p\u00fablicos, no sean publicadas solo el d\u00eda despu\u00e9s de las elecciones, la evaluaci\u00f3n ha de ser constante, se sabe que la publicidad gubernamental, como las leyes mordazas buscan siempre acallar a aquellos cuyo \u00fanico poder radica en la expresi\u00f3n y difusi\u00f3n del pensamiento, sin embargo, los pol\u00edticos en el gobierno deber\u00edan darse cuenta de que, cuando reprimen, no hacen m\u00e1s que demostrar carencia de capacidad de gesti\u00f3n.&nbsp;<\/p>\n\n\n\n<p>DLH-11-8-2025<\/p>\n\n\n\n<p>DavidLahoz Brito <a href=\"mailto:davidbrito093@gmail.com\">davidbrito093@gmail.com<\/a>&nbsp;<\/p>\n","protected":false},"excerpt":{"rendered":"<p>Por David La Hoz&nbsp; El mes de agosto es el mes en que el gobierno hace la evaluaci\u00f3n sobre el desempe\u00f1o de sus carteras en el \u00faltimo a\u00f1o. Dentro de la evaluaci\u00f3n cr\u00edtica sobre las pol\u00edticas p\u00fablicas puestas en marcha y el cumplimiento estrictito de su marco legal sectorial, el Ministerio de Estado de Medioambiente [&hellip;]<\/p>\n","protected":false},"author":7,"featured_media":633379,"comment_status":"closed","ping_status":"closed","sticky":false,"template":"","format":"standard","meta":{"footnotes":""},"categories":[16],"tags":[3019,2923],"class_list":["post-633357","post","type-post","status-publish","format-standard","has-post-thumbnail","hentry","category-opiniones","tag-david-la-hoz","tag-ministerio-de-medio-ambiente"],"_links":{"self":[{"href":"https:\/\/diariodominicano.com\/index.php?rest_route=\/wp\/v2\/posts\/633357","targetHints":{"allow":["GET"]}}],"collection":[{"href":"https:\/\/diariodominicano.com\/index.php?rest_route=\/wp\/v2\/posts"}],"about":[{"href":"https:\/\/diariodominicano.com\/index.php?rest_route=\/wp\/v2\/types\/post"}],"author":[{"embeddable":true,"href":"https:\/\/diariodominicano.com\/index.php?rest_route=\/wp\/v2\/users\/7"}],"replies":[{"embeddable":true,"href":"https:\/\/diariodominicano.com\/index.php?rest_route=%2Fwp%2Fv2%2Fcomments&post=633357"}],"version-history":[{"count":1,"href":"https:\/\/diariodominicano.com\/index.php?rest_route=\/wp\/v2\/posts\/633357\/revisions"}],"predecessor-version":[{"id":633380,"href":"https:\/\/diariodominicano.com\/index.php?rest_route=\/wp\/v2\/posts\/633357\/revisions\/633380"}],"wp:featuredmedia":[{"embeddable":true,"href":"https:\/\/diariodominicano.com\/index.php?rest_route=\/wp\/v2\/media\/633379"}],"wp:attachment":[{"href":"https:\/\/diariodominicano.com\/index.php?rest_route=%2Fwp%2Fv2%2Fmedia&parent=633357"}],"wp:term":[{"taxonomy":"category","embeddable":true,"href":"https:\/\/diariodominicano.com\/index.php?rest_route=%2Fwp%2Fv2%2Fcategories&post=633357"},{"taxonomy":"post_tag","embeddable":true,"href":"https:\/\/diariodominicano.com\/index.php?rest_route=%2Fwp%2Fv2%2Ftags&post=633357"}],"curies":[{"name":"wp","href":"https:\/\/api.w.org\/{rel}","templated":true}]}}