{"id":633312,"date":"2025-08-22T01:21:28","date_gmt":"2025-08-22T05:21:28","guid":{"rendered":"https:\/\/diariodominicano.com\/?p=633312"},"modified":"2025-08-22T09:48:26","modified_gmt":"2025-08-22T13:48:26","slug":"asjana-david-resalta-trayectoria-en-sector-salud-de-la-dominicana-cristina-contreras","status":"publish","type":"post","link":"https:\/\/diariodominicano.com\/?p=633312","title":{"rendered":"Asjana David resalta\u00a0 trayectoria en sector salud de la dominicana Cristina Contreras"},"content":{"rendered":"\n<p>&nbsp;Como resultado de las gestiones y v\u00ednculos institucionales del rector de la Universidad Aut\u00f3noma de Santo Domingo (UASD) para el per\u00edodo 2026-2030, doctor Jorge Asjana David, la Facultad de Ciencias de la Salud de esa academia estatal, a trav\u00e9s de su Consejo Directivo presidido por el decano doctor Mario Uffre, otorg\u00f3 un reconocimiento a la dominicana Cristina Contreras, actual directora ejecutiva de NYC Health + Hospitals\/Lincoln, en El Bronx.<\/p>\n\n\n\n<p>Este reconocimiento resalta la trayectoria y aportes de Contreras, quien mantiene una profunda conexi\u00f3n con el sistema de salud p\u00fablica de la ciudad de Nueva York y con las comunidades a las que sirve.<\/p>\n\n\n\n<p>A lo largo de su carrera la especialista de la salud, ha ocupado posiciones de gran relevancia, incluyendo la direcci\u00f3n ejecutiva de NYC Health + Hospitals\/North Central Bronx (NCB) y de NYC Health + Hospitals\/Metropolitan en Manhattan.<\/p>\n\n\n\n<p>Al referirse a la trayectoria de Contreras, Asjana David destac\u00f3 que con m\u00e1s de 25 a\u00f1os de experiencia y liderazgo progresivo, esta profesional de la salud ha desarrollado una gesti\u00f3n ejemplar en la administraci\u00f3n de operaciones y servicios hospitalarios, ambulatorios, cl\u00ednicos y auxiliares.<\/p>\n\n\n\n<p>El futuro rector precis\u00f3 que el recorrido profesional de Contreras inici\u00f3 como trabajadora social, avanzando con \u00e9xito hasta convertirse en referente de liderazgo en el sector salud neoyorkino.<\/p>\n\n\n\n<p>Este reconocimiento fue posible gracias a las gestiones y v\u00ednculos institucionales impulsados por el doctor Jorge Asjana David, pr\u00f3ximo rector de la UASD, quien ha fortalecido el enlace entre la Primada de Am\u00e9rica y la di\u00e1spora dominicana en Estados Unidos.<\/p>\n\n\n\n<p>\u00abLa Facultad de Ciencias de la Salud de la UASD expresa su profundo orgullo por este reconocimiento, que no solo enaltece la trayectoria de Cristina Contreras, sino que tambi\u00e9n honra al pueblo dominicano, demostrando la capacidad, el talento y el compromiso de nuestros profesionales en escenarios internacionales de gran prestigio\u00bb, concluy\u00f3, de su lado, el doctor Uffre al referirse al reconocimiento otorgado.<\/p>\n\n\n\n<p><strong>Luz Sierra <a href=\"mailto:luzsie@gmail.com\">luzsie@gmail.com<\/a><\/strong><\/p>\n","protected":false},"excerpt":{"rendered":"<p>&nbsp;Como resultado de las gestiones y v\u00ednculos institucionales del rector de la Universidad Aut\u00f3noma de Santo Domingo (UASD) para el per\u00edodo 2026-2030, doctor Jorge Asjana David, la Facultad de Ciencias de la Salud de esa academia estatal, a trav\u00e9s de su Consejo Directivo presidido por el decano doctor Mario Uffre, otorg\u00f3 un reconocimiento a la [&hellip;]<\/p>\n","protected":false},"author":7,"featured_media":633317,"comment_status":"closed","ping_status":"closed","sticky":false,"template":"","format":"standard","meta":{"footnotes":""},"categories":[36,20],"tags":[3015,3014],"class_list":["post-633312","post","type-post","status-publish","format-standard","has-post-thumbnail","hentry","category-hombresmujeresycosas","category-dominicana-hoy","tag-asjana-david","tag-cristina-contreras"],"_links":{"self":[{"href":"https:\/\/diariodominicano.com\/index.php?rest_route=\/wp\/v2\/posts\/633312","targetHints":{"allow":["GET"]}}],"collection":[{"href":"https:\/\/diariodominicano.com\/index.php?rest_route=\/wp\/v2\/posts"}],"about":[{"href":"https:\/\/diariodominicano.com\/index.php?rest_route=\/wp\/v2\/types\/post"}],"author":[{"embeddable":true,"href":"https:\/\/diariodominicano.com\/index.php?rest_route=\/wp\/v2\/users\/7"}],"replies":[{"embeddable":true,"href":"https:\/\/diariodominicano.com\/index.php?rest_route=%2Fwp%2Fv2%2Fcomments&post=633312"}],"version-history":[{"count":1,"href":"https:\/\/diariodominicano.com\/index.php?rest_route=\/wp\/v2\/posts\/633312\/revisions"}],"predecessor-version":[{"id":633316,"href":"https:\/\/diariodominicano.com\/index.php?rest_route=\/wp\/v2\/posts\/633312\/revisions\/633316"}],"wp:featuredmedia":[{"embeddable":true,"href":"https:\/\/diariodominicano.com\/index.php?rest_route=\/wp\/v2\/media\/633317"}],"wp:attachment":[{"href":"https:\/\/diariodominicano.com\/index.php?rest_route=%2Fwp%2Fv2%2Fmedia&parent=633312"}],"wp:term":[{"taxonomy":"category","embeddable":true,"href":"https:\/\/diariodominicano.com\/index.php?rest_route=%2Fwp%2Fv2%2Fcategories&post=633312"},{"taxonomy":"post_tag","embeddable":true,"href":"https:\/\/diariodominicano.com\/index.php?rest_route=%2Fwp%2Fv2%2Ftags&post=633312"}],"curies":[{"name":"wp","href":"https:\/\/api.w.org\/{rel}","templated":true}]}}