{"id":633167,"date":"2025-08-22T00:35:33","date_gmt":"2025-08-22T04:35:33","guid":{"rendered":"https:\/\/diariodominicano.com\/?p=633167"},"modified":"2025-08-22T00:35:36","modified_gmt":"2025-08-22T04:35:36","slug":"comision-nacional-de-emergencias-respalda-iniciativa-de-semaforos-pluviales-de-la-alcaldia-del-distrito-nacional","status":"publish","type":"post","link":"https:\/\/diariodominicano.com\/?p=633167","title":{"rendered":"Comisi\u00f3n Nacional de Emergencias respalda iniciativa de \u201cSem\u00e1foros Pluviales\u201d de la Alcald\u00eda del Distrito Nacional"},"content":{"rendered":"\n<p><strong>Santo Domingo.-<\/strong>&nbsp; La Comisi\u00f3n Nacional de Emergencias (CNE) se reuni\u00f3 este mi\u00e9rcoles de forma ordinaria, donde anunci\u00f3 su respaldo al Proyecto Piloto \u201cSem\u00e1foros Pluviales\u201d, una iniciativa que ejecuta la Alcald\u00eda del Distrito Nacional (ADN) y que busca fortalecer la seguridad vial y la prevenci\u00f3n de incidentes durante eventos de lluvias intensas.<\/p>\n\n\n\n<p>El proyecto fue presentado por el director de Movilidad y Tr\u00e1nsito del ADN, Dar\u00edo Dom\u00ednguez, y tiene como finalidad alertar a conductores y peatones sobre la acumulaci\u00f3n de agua en puntos cr\u00edticos de la ciudad, reduciendo as\u00ed el riesgo de accidentes y p\u00e9rdidas materiales.<\/p>\n\n\n\n<p>Al encabezar el encuentro, el presidente de la CNE y director ejecutivo de la Defensa Civil, Juan Salas, valor\u00f3 la importancia de este tipo de esfuerzos preventivos, destacando que la gesti\u00f3n del riesgo debe ir de la mano con la innovaci\u00f3n tecnol\u00f3gica y la buena orientaci\u00f3n al ciudadano.<\/p>\n\n\n\n<p>\u201cDesde la Comisi\u00f3n Nacional de Emergencias, valoramos como positivo este proyecto piloto y nos sumamos para aportar t\u00e9cnicamente a esta iniciativa, respaldada por la alcaldesa Carolina Mej\u00eda, ya que cada acci\u00f3n que permita salvar vidas y disminuir los riesgos ante fen\u00f3menos hidrometeorol\u00f3gicos antes y despu\u00e9s de esta Temporada Cicl\u00f3nica, es una decisi\u00f3n importante\u201d, dijo Salas.&nbsp;<\/p>\n\n\n\n<p>Invit\u00f3 adem\u00e1s a los encargados de determinar los puntos vulnerables, para la colocaci\u00f3n de estos sem\u00e1foros, a presentar su plan frente a los miembros del Comit\u00e9 T\u00e9cnico Nacional de la CNE, para que puedan tener una visi\u00f3n m\u00e1s completa e integral de la iniciativa.<\/p>\n\n\n\n<p>La CNE se re\u00fane el tercer mi\u00e9rcoles de cada mes, con la finalidad de pasar balance a las acciones y proyectos tendentes a gestionar correctamente el riesgo en Rep\u00fablica Dominicana. La finalidad principal es preservar vidas ante cualquier incidencia y\/o emergencia.<\/p>\n\n\n\n<p><strong>Defensa Civil Dominicana <a href=\"mailto:redesdefensacivil@gmail.com\">redesdefensacivil@gmail.com<\/a><\/strong><\/p>\n","protected":false},"excerpt":{"rendered":"<p>Santo Domingo.-&nbsp; La Comisi\u00f3n Nacional de Emergencias (CNE) se reuni\u00f3 este mi\u00e9rcoles de forma ordinaria, donde anunci\u00f3 su respaldo al Proyecto Piloto \u201cSem\u00e1foros Pluviales\u201d, una iniciativa que ejecuta la Alcald\u00eda del Distrito Nacional (ADN) y que busca fortalecer la seguridad vial y la prevenci\u00f3n de incidentes durante eventos de lluvias intensas. El proyecto fue presentado [&hellip;]<\/p>\n","protected":false},"author":7,"featured_media":633279,"comment_status":"closed","ping_status":"closed","sticky":false,"template":"","format":"standard","meta":{"footnotes":""},"categories":[20],"tags":[1016,1719],"class_list":["post-633167","post","type-post","status-publish","format-standard","has-post-thumbnail","hentry","category-dominicana-hoy","tag-alcaldia-del-distrito-nacional","tag-comision-nacional-de-emergencias"],"_links":{"self":[{"href":"https:\/\/diariodominicano.com\/index.php?rest_route=\/wp\/v2\/posts\/633167","targetHints":{"allow":["GET"]}}],"collection":[{"href":"https:\/\/diariodominicano.com\/index.php?rest_route=\/wp\/v2\/posts"}],"about":[{"href":"https:\/\/diariodominicano.com\/index.php?rest_route=\/wp\/v2\/types\/post"}],"author":[{"embeddable":true,"href":"https:\/\/diariodominicano.com\/index.php?rest_route=\/wp\/v2\/users\/7"}],"replies":[{"embeddable":true,"href":"https:\/\/diariodominicano.com\/index.php?rest_route=%2Fwp%2Fv2%2Fcomments&post=633167"}],"version-history":[{"count":1,"href":"https:\/\/diariodominicano.com\/index.php?rest_route=\/wp\/v2\/posts\/633167\/revisions"}],"predecessor-version":[{"id":633281,"href":"https:\/\/diariodominicano.com\/index.php?rest_route=\/wp\/v2\/posts\/633167\/revisions\/633281"}],"wp:featuredmedia":[{"embeddable":true,"href":"https:\/\/diariodominicano.com\/index.php?rest_route=\/wp\/v2\/media\/633279"}],"wp:attachment":[{"href":"https:\/\/diariodominicano.com\/index.php?rest_route=%2Fwp%2Fv2%2Fmedia&parent=633167"}],"wp:term":[{"taxonomy":"category","embeddable":true,"href":"https:\/\/diariodominicano.com\/index.php?rest_route=%2Fwp%2Fv2%2Fcategories&post=633167"},{"taxonomy":"post_tag","embeddable":true,"href":"https:\/\/diariodominicano.com\/index.php?rest_route=%2Fwp%2Fv2%2Ftags&post=633167"}],"curies":[{"name":"wp","href":"https:\/\/api.w.org\/{rel}","templated":true}]}}