{"id":632957,"date":"2025-08-20T14:37:45","date_gmt":"2025-08-20T18:37:45","guid":{"rendered":"https:\/\/diariodominicano.com\/?p=632957"},"modified":"2025-08-20T21:47:36","modified_gmt":"2025-08-21T01:47:36","slug":"ismael-reyes-ve-necesario-trabajar-en-demandas-futuras-de-energia","status":"publish","type":"post","link":"https:\/\/diariodominicano.com\/?p=632957","title":{"rendered":"Ismael Reyes ve necesario trabajar en demandas futuras de energ\u00eda"},"content":{"rendered":"\n<p>El presidente del Partido Dem\u00f3crata Institucional (PDI), Ismael Reyes, afirm\u00f3 que aunque acciones como el reinicio de la Unidad II de Punta Catalina contribuyen a estabilizar temporalmente el suministro el\u00e9ctrico, el pa\u00eds necesita una estrategia de largo plazo para garantizar la seguridad energ\u00e9tica de futuras generaciones.<\/p>\n\n\n\n<p>Reyes , diputado del Parlamento Centroamericano&nbsp; (PARLACEN),&nbsp; se\u00f1al\u00f3 que es necesario que en la Rep\u00fablica Dominicana no solo se&nbsp; gestione la demanda energ\u00e9tica actual, sino que debe anticiparse a los desaf\u00edos venideros mediante una planificaci\u00f3n estructural y multisectorial.<\/p>\n\n\n\n<p>\u201cEl tema energ\u00e9tico no es de soluci\u00f3n definitiva para un gobierno sino un reto que va creciendo conforme avanza la demanda de la sociedad<\/p>\n\n\n\n<p>.Es un reto estructural que exige una visi\u00f3n compartida entre los sectores p\u00fablico y privado, con pol\u00edticas de Estado que nos preparen para lo que viene\u201d, indic\u00f3 el l\u00edder del PDI.<\/p>\n\n\n\n<p>La afirmaci\u00f3n de Reyes se da en momentos en que el sistema el\u00e9ctrico nacional enfrenta p\u00e9rdidas que superan el 37% en las empresas distribuidoras de electricidad (EDES), al tiempo que se confirma el regreso a operaciones de la Unidad II de Punta Catalina.<\/p>\n\n\n\n<p>Sostuvo que la planificaci\u00f3n energ\u00e9tica debe contemplar no solo mejoras en la infraestructura actual, sino tambi\u00e9n el crecimiento de la demanda en sectores como el transporte el\u00e9ctrico, el desarrollo urbano y la industrializaci\u00f3n.<\/p>\n\n\n\n<p>\u201cNo se trata solo de apagar los fuegos del presente. Tenemos que construir desde ahora una matriz energ\u00e9tica confiable, diversificada, eficiente y ambientalmente sostenible. Y eso requiere voluntad pol\u00edtica y continuidad de Estado\u201d, subray\u00f3 Reyes.<\/p>\n\n\n\n<p>A\u00f1adi\u00f3 adem\u00e1s que : \u201cEste es un tema de pa\u00eds. Es momento de unir esfuerzos y trabajar con visi\u00f3n de futuro para garantizar que todos los dominicanos tengan acceso a energ\u00eda segura y asequible\u201d, concluy\u00f3.<\/p>\n\n\n\n<p>Carmen Est\u00e9vez <a href=\"mailto:estevezc119@gmail.com\">estevezc119@gmail.com<\/a><\/p>\n\n\n\n<p>#Ismael Reyes <\/p>\n\n\n\n<p><\/p>\n","protected":false},"excerpt":{"rendered":"<p>El presidente del Partido Dem\u00f3crata Institucional (PDI), Ismael Reyes, afirm\u00f3 que aunque acciones como el reinicio de la Unidad II de Punta Catalina contribuyen a estabilizar temporalmente el suministro el\u00e9ctrico, el pa\u00eds necesita una estrategia de largo plazo para garantizar la seguridad energ\u00e9tica de futuras generaciones. Reyes , diputado del Parlamento Centroamericano&nbsp; (PARLACEN),&nbsp; se\u00f1al\u00f3 que [&hellip;]<\/p>\n","protected":false},"author":7,"featured_media":632982,"comment_status":"closed","ping_status":"closed","sticky":false,"template":"","format":"standard","meta":{"footnotes":""},"categories":[19,27],"tags":[2199],"class_list":["post-632957","post","type-post","status-publish","format-standard","has-post-thumbnail","hentry","category-mi-voz","category-portada","tag-ismael-reyes"],"_links":{"self":[{"href":"https:\/\/diariodominicano.com\/index.php?rest_route=\/wp\/v2\/posts\/632957","targetHints":{"allow":["GET"]}}],"collection":[{"href":"https:\/\/diariodominicano.com\/index.php?rest_route=\/wp\/v2\/posts"}],"about":[{"href":"https:\/\/diariodominicano.com\/index.php?rest_route=\/wp\/v2\/types\/post"}],"author":[{"embeddable":true,"href":"https:\/\/diariodominicano.com\/index.php?rest_route=\/wp\/v2\/users\/7"}],"replies":[{"embeddable":true,"href":"https:\/\/diariodominicano.com\/index.php?rest_route=%2Fwp%2Fv2%2Fcomments&post=632957"}],"version-history":[{"count":2,"href":"https:\/\/diariodominicano.com\/index.php?rest_route=\/wp\/v2\/posts\/632957\/revisions"}],"predecessor-version":[{"id":633011,"href":"https:\/\/diariodominicano.com\/index.php?rest_route=\/wp\/v2\/posts\/632957\/revisions\/633011"}],"wp:featuredmedia":[{"embeddable":true,"href":"https:\/\/diariodominicano.com\/index.php?rest_route=\/wp\/v2\/media\/632982"}],"wp:attachment":[{"href":"https:\/\/diariodominicano.com\/index.php?rest_route=%2Fwp%2Fv2%2Fmedia&parent=632957"}],"wp:term":[{"taxonomy":"category","embeddable":true,"href":"https:\/\/diariodominicano.com\/index.php?rest_route=%2Fwp%2Fv2%2Fcategories&post=632957"},{"taxonomy":"post_tag","embeddable":true,"href":"https:\/\/diariodominicano.com\/index.php?rest_route=%2Fwp%2Fv2%2Ftags&post=632957"}],"curies":[{"name":"wp","href":"https:\/\/api.w.org\/{rel}","templated":true}]}}