{"id":632927,"date":"2025-08-20T10:58:54","date_gmt":"2025-08-20T14:58:54","guid":{"rendered":"https:\/\/diariodominicano.com\/?p=632927"},"modified":"2025-08-20T10:59:04","modified_gmt":"2025-08-20T14:59:04","slug":"palestina-pide-al-mundo-proteccion-ante-ataques-de-colonos-israelies","status":"publish","type":"post","link":"https:\/\/diariodominicano.com\/?p=632927","title":{"rendered":"Palestina pide al mundo protecci\u00f3n ante ataques de colonos israel\u00edes"},"content":{"rendered":"\n<ul class=\"wp-block-list\">\n<li>agosto 20, 2025<\/li>\n\n\n\n<li>CDT04:28 (GMT) -0400<\/li>\n<\/ul>\n\n\n\n<p>Ramala, 20 ago (Prensa Latina) La Canciller\u00eda palestina inst\u00f3 hoy al mundo a adoptar acciones vinculantes para detener los ataques de los colonos israel\u00edes en la ocupada Cisjordania, que consider\u00f3 violatorios de las leyes y normas internacionales.<\/p>\n\n\n\n<ul class=\"wp-block-list\">\n<li><a href=\"https:\/\/www.prensa-latina.cu\/2025\/08\/20\/palestina-pide-al-mundo-proteccion-ante-ataques-de-colonos-israelies\/#\"><\/a><\/li>\n\n\n\n<li><a href=\"https:\/\/www.prensa-latina.cu\/2025\/08\/20\/palestina-pide-al-mundo-proteccion-ante-ataques-de-colonos-israelies\/#\"><\/a><\/li>\n\n\n\n<li><a href=\"https:\/\/www.prensa-latina.cu\/2025\/08\/20\/palestina-pide-al-mundo-proteccion-ante-ataques-de-colonos-israelies\/#\"><\/a><\/li>\n\n\n\n<li><a href=\"https:\/\/www.prensa-latina.cu\/2025\/08\/20\/palestina-pide-al-mundo-proteccion-ante-ataques-de-colonos-israelies\/#\"><\/a><\/li>\n<\/ul>\n\n\n\n<p>El Ministerio de Asuntos Exteriores y Expatriados denunci\u00f3 en un comunicado que tales cr\u00edmenes forman parte de un plan para controlar la tierra palestina por la fuerza de las armas y bajo la protecci\u00f3n del Ej\u00e9rcito y la Polic\u00eda de ese pa\u00eds.<\/p>\n\n\n\n<p>Tambi\u00e9n conden\u00f3 los planes de anexi\u00f3n del gobierno de Benjamin Netanyahu, que incluye el robo de tierra y la expansi\u00f3n de las colonias jud\u00edas en la Ribera Occidental.<\/p>\n\n\n\n<p>\u201cTodas las medidas de ocupaci\u00f3n unilateral son ilegales y no le otorgan legitimidad ni derecho alguno, de conformidad con el derecho internacional y las resoluciones de Naciones Unidas\u201d, subray\u00f3.<\/p>\n\n\n\n<p>Reiteramos nuestro llamado a una acci\u00f3n global decisiva para proteger la oportunidad de implementar la soluci\u00f3n de dos Estados y poner fin a los cr\u00edmenes de genocidio, desplazamiento forzado, hambruna y anexi\u00f3n contra nuestro pueblo, insisti\u00f3.<\/p>\n\n\n\n<p>M\u00e1s de 750 mil colonos jud\u00edos viven en la actualidad en Cisjordania, distribuidos en 180 asentamientos y 256 puestos de avanzada, seg\u00fan datos oficiales.<\/p>\n\n\n\n<p>Esta semana, en otro comunicado, la Canciller\u00eda palestina reclam\u00f3 al mundo medidas firmes y tangibles para detener la guerra israel\u00ed contra los territorios ocupados, y advirti\u00f3 sobre el peligro que representa la anunciada reocupaci\u00f3n de la Franja de Gaza.<\/p>\n\n\n\n<p>Con extrema preocupaci\u00f3n observamos el anuncio del Ej\u00e9rcito israel\u00ed de comenzar su ofensiva con la reocupaci\u00f3n de la ciudad de Gaza, lo cual amenaza con forzar a un nuevo desplazamiento a m\u00e1s de 900 mil personas, expres\u00f3.<\/p>\n\n\n\n<p>Critic\u00f3 los planes de desplazar por la fuerza a la poblaci\u00f3n palestina y los intentos de \u201ctransformar la Franja de Gaza en una tierra no apta para la vida humana\u201d.<\/p>\n\n\n\n<p>El Ministerio elogi\u00f3 los esfuerzos de los mediadores para lograr un alto el fuego permanente que impida la implementaci\u00f3n de los planes israel\u00edes, garantice la protecci\u00f3n de los civiles y permita la entrega sostenible y generalizada de ayuda humanitaria.<\/p>\n\n\n\n<p>oda\/rob<\/p>\n\n\n\n<ul class=\"wp-block-list\">\n<li>#<a href=\"https:\/\/www.prensa-latina.cu\/etiqueta\/ataques\/\">ataques<\/a>\u00a0#<a href=\"https:\/\/www.prensa-latina.cu\/etiqueta\/cisjordania\/\">Cisjordania<\/a>\u00a0#<a href=\"https:\/\/www.prensa-latina.cu\/etiqueta\/israel\/\">Israel<\/a><\/li>\n<\/ul>\n","protected":false},"excerpt":{"rendered":"<p>Ramala, 20 ago (Prensa Latina) La Canciller\u00eda palestina inst\u00f3 hoy al mundo a adoptar acciones vinculantes para detener los ataques de los colonos israel\u00edes en la ocupada Cisjordania, que consider\u00f3 violatorios de las leyes y normas internacionales. El Ministerio de Asuntos Exteriores y Expatriados denunci\u00f3 en un comunicado que tales cr\u00edmenes forman parte de un [&hellip;]<\/p>\n","protected":false},"author":2,"featured_media":632928,"comment_status":"closed","ping_status":"closed","sticky":false,"template":"","format":"standard","meta":{"footnotes":""},"categories":[23,27],"tags":[],"class_list":["post-632927","post","type-post","status-publish","format-standard","has-post-thumbnail","hentry","category-internacional","category-portada"],"_links":{"self":[{"href":"https:\/\/diariodominicano.com\/index.php?rest_route=\/wp\/v2\/posts\/632927","targetHints":{"allow":["GET"]}}],"collection":[{"href":"https:\/\/diariodominicano.com\/index.php?rest_route=\/wp\/v2\/posts"}],"about":[{"href":"https:\/\/diariodominicano.com\/index.php?rest_route=\/wp\/v2\/types\/post"}],"author":[{"embeddable":true,"href":"https:\/\/diariodominicano.com\/index.php?rest_route=\/wp\/v2\/users\/2"}],"replies":[{"embeddable":true,"href":"https:\/\/diariodominicano.com\/index.php?rest_route=%2Fwp%2Fv2%2Fcomments&post=632927"}],"version-history":[{"count":1,"href":"https:\/\/diariodominicano.com\/index.php?rest_route=\/wp\/v2\/posts\/632927\/revisions"}],"predecessor-version":[{"id":632929,"href":"https:\/\/diariodominicano.com\/index.php?rest_route=\/wp\/v2\/posts\/632927\/revisions\/632929"}],"wp:featuredmedia":[{"embeddable":true,"href":"https:\/\/diariodominicano.com\/index.php?rest_route=\/wp\/v2\/media\/632928"}],"wp:attachment":[{"href":"https:\/\/diariodominicano.com\/index.php?rest_route=%2Fwp%2Fv2%2Fmedia&parent=632927"}],"wp:term":[{"taxonomy":"category","embeddable":true,"href":"https:\/\/diariodominicano.com\/index.php?rest_route=%2Fwp%2Fv2%2Fcategories&post=632927"},{"taxonomy":"post_tag","embeddable":true,"href":"https:\/\/diariodominicano.com\/index.php?rest_route=%2Fwp%2Fv2%2Ftags&post=632927"}],"curies":[{"name":"wp","href":"https:\/\/api.w.org\/{rel}","templated":true}]}}