{"id":632916,"date":"2025-08-20T10:07:45","date_gmt":"2025-08-20T14:07:45","guid":{"rendered":"https:\/\/diariodominicano.com\/?p=632916"},"modified":"2025-08-20T10:07:49","modified_gmt":"2025-08-20T14:07:49","slug":"testigo-del-tiempo-la-ineficiencia-esta-planificada","status":"publish","type":"post","link":"https:\/\/diariodominicano.com\/?p=632916","title":{"rendered":"Testigo del tiempo \/ La ineficiencia est\u00e1 planificada"},"content":{"rendered":"\n<p>J.C. Malone<\/p>\n\n\n\n<p>Cuando retorno al pa\u00eds, suelo reunirme con amigos para discutir la situaci\u00f3n pol\u00edtica. Esta vez, hablamos de ineficiencia. Unos creen que el grupo gobernante es esencialmente ineficiente; otros creen que planifican los actos de ineficiencia con fines econ\u00f3micos; me suscribo a este \u00faltimo grupo.<\/p>\n\n\n\n<p>\u201cSon ineficientes profesionales, o profesionales de la ineficiencia, como quieras ponerlo\u201d, dijo un amigo de forma categ\u00f3rica. \u201cEste grupo quiz\u00e1 sea el mejor intencionado, pero el peor organizado, son muy malos gobernantes, horribles administradores\u201d, asegur\u00f3 otro.<\/p>\n\n\n\n<p>\u201cQuiz\u00e1 su gran aporte fueron las \u201clibertades p\u00fablicas\u2019, que conquistamos con Antonio Guzm\u00e1n (1978-82,\u201d asegura una amiga. \u201cDespu\u00e9s de dos per\u00edodos de gobierno, Guzm\u00e1n y Salvador Jorge Blanco (1982-86) demostraron lo bueno que era (Joaqu\u00edn) Balaguer y retornamos a Balaguer en 1986. Dijo un amigo antes de agregar: \u201cY parece que repetiremos la historia; luego de dos per\u00edodos del presidente Luis Abinader, quiz\u00e1 retornemos al Partido de la Liberaci\u00f3n Dominicana (PLD) o a Leonel Fern\u00e1ndez.\u201d<\/p>\n\n\n\n<p>\u201cNo seamos tan duros con ellos\u201d, intervino uno. \u201cEn el pasado, nos tom\u00f3 dos presidentes saber que el grupo no serv\u00eda para nada; ahora logramos comprobarlo con un solo presidente. Ese es un paso de avance\u201d, asegur\u00f3.<\/p>\n\n\n\n<p>Me luce que esta ineficiencia es absolutamente planificada y deliberada con fines claramente econ\u00f3micos. La crisis energ\u00e9tica actual es deliberada, busca deteriorar el servicio, llevarlo a un punto tan cr\u00edtico que aceptaremos lo que ofrezcan.<\/p>\n\n\n\n<p>Y ofrecer\u00e1n un acuerdo \u201cp\u00fablico-privado\u201d, un \u201cfideicomiso\u201d que beneficiar\u00e1 a grupos econ\u00f3micos cercanos al gobierno, nos arrodillar\u00e1n, y aceptaremos cualquier cosa. Ese tambi\u00e9n ser\u00eda el futuro del deteriorado sistema educativo. Pueden ofrecer vouchers para que los padres paguen el colegio privado de su elecci\u00f3n, claro, dentro de una lista preseleccionada por el mismo gobierno que distribuir\u00e1 el dinero. Lo intentaron con el telef\u00e9rico de Puerto Plata.<\/p>\n\n\n\n<p>M\u00e1s que ineficiencia, hay mucha malicia, perversidad deliberada; son muy eficientes cobrando impuestos.<\/p>\n\n\n\n<p>Los pol\u00edticos no hacen barrabasadas por ineficiencia, las hacen por dinero.<\/p>\n\n\n\n<p>Aceptar la ineficiencia pura y simple es muy reduccionista, alguien se beneficia de esta \u201cineficiencia planificada\u201d, sin dudas<\/p>\n\n\n\n<p>Sigueme en Youtube&#8230;<\/p>\n\n\n\n<figure class=\"wp-block-embed\"><div class=\"wp-block-embed__wrapper\">\nhttps:\/\/www.youtube.com\/channel\/UCC_JSYrYV93iklTEhAjiBqQ?view_as=subscriber\n<\/div><\/figure>\n","protected":false},"excerpt":{"rendered":"<p>J.C. Malone Cuando retorno al pa\u00eds, suelo reunirme con amigos para discutir la situaci\u00f3n pol\u00edtica. Esta vez, hablamos de ineficiencia. Unos creen que el grupo gobernante es esencialmente ineficiente; otros creen que planifican los actos de ineficiencia con fines econ\u00f3micos; me suscribo a este \u00faltimo grupo. \u201cSon ineficientes profesionales, o profesionales de la ineficiencia, como [&hellip;]<\/p>\n","protected":false},"author":2,"featured_media":630598,"comment_status":"closed","ping_status":"closed","sticky":false,"template":"","format":"standard","meta":{"footnotes":""},"categories":[36,19,16],"tags":[],"class_list":["post-632916","post","type-post","status-publish","format-standard","has-post-thumbnail","hentry","category-hombresmujeresycosas","category-mi-voz","category-opiniones"],"_links":{"self":[{"href":"https:\/\/diariodominicano.com\/index.php?rest_route=\/wp\/v2\/posts\/632916","targetHints":{"allow":["GET"]}}],"collection":[{"href":"https:\/\/diariodominicano.com\/index.php?rest_route=\/wp\/v2\/posts"}],"about":[{"href":"https:\/\/diariodominicano.com\/index.php?rest_route=\/wp\/v2\/types\/post"}],"author":[{"embeddable":true,"href":"https:\/\/diariodominicano.com\/index.php?rest_route=\/wp\/v2\/users\/2"}],"replies":[{"embeddable":true,"href":"https:\/\/diariodominicano.com\/index.php?rest_route=%2Fwp%2Fv2%2Fcomments&post=632916"}],"version-history":[{"count":1,"href":"https:\/\/diariodominicano.com\/index.php?rest_route=\/wp\/v2\/posts\/632916\/revisions"}],"predecessor-version":[{"id":632917,"href":"https:\/\/diariodominicano.com\/index.php?rest_route=\/wp\/v2\/posts\/632916\/revisions\/632917"}],"wp:featuredmedia":[{"embeddable":true,"href":"https:\/\/diariodominicano.com\/index.php?rest_route=\/wp\/v2\/media\/630598"}],"wp:attachment":[{"href":"https:\/\/diariodominicano.com\/index.php?rest_route=%2Fwp%2Fv2%2Fmedia&parent=632916"}],"wp:term":[{"taxonomy":"category","embeddable":true,"href":"https:\/\/diariodominicano.com\/index.php?rest_route=%2Fwp%2Fv2%2Fcategories&post=632916"},{"taxonomy":"post_tag","embeddable":true,"href":"https:\/\/diariodominicano.com\/index.php?rest_route=%2Fwp%2Fv2%2Ftags&post=632916"}],"curies":[{"name":"wp","href":"https:\/\/api.w.org\/{rel}","templated":true}]}}