{"id":632860,"date":"2025-08-20T02:23:37","date_gmt":"2025-08-20T06:23:37","guid":{"rendered":"https:\/\/diariodominicano.com\/?p=632860"},"modified":"2025-08-20T03:59:53","modified_gmt":"2025-08-20T07:59:53","slug":"indotel-otorgara-30000-becas-en-tecnologia-vicepresidenta-raquel-pena-encabezo-lanzamiento-en-santiago","status":"publish","type":"post","link":"https:\/\/diariodominicano.com\/?p=632860","title":{"rendered":"Indotel otorgar\u00e1 30,000 becas en tecnolog\u00eda; vicepresidenta Raquel Pe\u00f1a encabez\u00f3 lanzamiento en Santiago"},"content":{"rendered":"\n<h3 class=\"wp-block-heading\">La convocatoria nacional est\u00e1 abierta a personas con conocimientos digitales b\u00e1sicos y forma parte de la estrategia de transformaci\u00f3n digital que lidera el gobierno del presidente Luis Abinader.<\/h3>\n\n\n\n<p>19 de Agosto 2025 <\/p>\n\n\n\n<figure class=\"wp-block-image\"><img decoding=\"async\" src=\"https:\/\/platform-cdn.sharethis.com\/img\/facebook.svg\" alt=\"facebook sharing button\"\/><\/figure>\n\n\n\n<figure class=\"wp-block-image\"><img decoding=\"async\" src=\"https:\/\/platform-cdn.sharethis.com\/img\/sharethis.svg\" alt=\"sharethis sharing button\"\/><\/figure>\n\n\n\n<p>Diario Dominicano <\/p>\n\n\n\n<p>Santiago, RD.- El Instituto Dominicano de las Telecomunicaciones&nbsp;<strong>(Indotel)<\/strong>&nbsp;lanz\u00f3 el programa&nbsp;<strong>Talento Digital RD<\/strong>, una iniciativa que otorgar\u00e1&nbsp;<strong>30,000 becas<\/strong>&nbsp;para la formaci\u00f3n en&nbsp;<strong>habilidades digitales intermedias y avanzadas<\/strong>, en un acto encabezado por la vicepresidenta de la Rep\u00fablica,&nbsp;<strong>Raquel Pe\u00f1a.&nbsp;<\/strong><\/p>\n\n\n\n<p><em>\u201cDesde el gobierno que encabeza el presidente Luis Abinader, hemos reafirmado nuestro compromiso de garantizar que cada joven dominicano y dominicana encuentre en la educaci\u00f3n la oportunidad de forjar su vida con esperanza y de aportar al desarrollo del pa\u00eds\u201d,<\/em>&nbsp;dijo Pe\u00f1a.&nbsp;<\/p>\n\n\n\n<p>La vicemandataria expuso que, al iniciar esta gesti\u00f3n, el pa\u00eds&nbsp;<strong>contaba con apenas 5,000 becas<\/strong>&nbsp;en \u00e1reas de Ciencia, Tecnolog\u00eda y Matem\u00e1ticas, por lo que en el primer mandato esta cifra se&nbsp;<strong>duplic\u00f3 a 10,000.<\/strong>&nbsp;<\/p>\n\n\n\n<p><em>\u201cY en este segundo mandato, con el apoyo del Ministerio de Educaci\u00f3n, del sector privado y de aliados estrat\u00e9gicos, asumimos una meta a\u00fan m\u00e1s ambiciosa: superar las 30,000 becas para el a\u00f1o 2026\u201d,<\/em>&nbsp;agreg\u00f3.&nbsp;<\/p>\n\n\n\n<p>Por su parte, el presidente del Consejo Directivo del Indotel,&nbsp;<strong>Guido G\u00f3mez Mazara<\/strong>, expres\u00f3 que Talento Digital RD impulsa la&nbsp;<strong>transformaci\u00f3n digital<\/strong>&nbsp;del pa\u00eds, por lo cual fortalece el&nbsp;<strong>ecosistema de tecnolog\u00edas de la informaci\u00f3n y comunicaci\u00f3n<\/strong>, generando&nbsp;<strong>talento de alto nivel<\/strong>&nbsp;y contribuyendo a que Rep\u00fablica Dominicana avance hacia una&nbsp;<strong>econom\u00eda basada en el conocimiento, la innovaci\u00f3n y la competitividad global.<\/strong><\/p>\n\n\n\n<figure class=\"wp-block-image\"><img decoding=\"async\" src=\"https:\/\/www.presidencia.gob.do\/sites\/default\/files\/inline-images\/WhatsApp%20Image%202025-08-19%20at%203.17.47%20PM%20%282%29.jpeg\" alt=\"\"\/><\/figure>\n\n\n\n<p><em>\u201cEstas 30,000 becas representan un paso firme hacia la construcci\u00f3n de un ecosistema digital m\u00e1s competitivo, inclusivo y sostenible, con talento local preparado para enfrentar los desaf\u00edos y aprovechar las oportunidades del fututo digital\u201d<\/em>, expres\u00f3 G\u00f3mez Mazara al se\u00f1alar que&nbsp;<strong>para optar por una beca no se requiere t\u00edtulo profesional previo.<\/strong><\/p>\n\n\n\n<p>Este proyecto forma parte del&nbsp;<strong>Programa para Mejorar la Conectividad para la Transformaci\u00f3n Digital<\/strong>&nbsp;en Rep\u00fablica Dominicana y est\u00e1 habilitado para personas con conocimientos digitales b\u00e1sicos interesadas en&nbsp;<strong>mejorar su perfil profesional o emprender con apoyo tecnol\u00f3gico<\/strong>, a la vez que garantiza la&nbsp;<strong>igualdad de oportunidades<\/strong>.<\/p>\n\n\n\n<p>La formaci\u00f3n del programa Talento Digital RD se desarrollar\u00e1 bajo la&nbsp;<strong>metodolog\u00eda&nbsp;<\/strong><em><strong>bootcamp<\/strong><\/em>, un&nbsp;<strong>modelo intensivo e inmersivo<\/strong>&nbsp;enfocado en que cada persona adquiera en poco tiempo las competencias necesarias para insertarse en el mercado laboral o fortalecer su emprendimiento. Se compone de&nbsp;<strong>dos etapas clave<\/strong>: ruta de&nbsp;<strong>empleabilidad<\/strong>, orientanda a fortalecer el perfil profesional, incrementar la empleabilidad y facilitar el acceso a vacantes del sector real.<\/p>\n\n\n\n<p>Tambi\u00e9n est\u00e1 la ruta de&nbsp;<strong>emprendimiento<\/strong>, dise\u00f1ada para potenciar ideas de negocio, fomentar la innovaci\u00f3n y apoyar la creaci\u00f3n de empresas en entornos digitales. En esta se contar\u00e1 con&nbsp;<strong>acompa\u00f1amiento y monitoreo constante<\/strong>&nbsp;de expertos del sector, para asegurar que los participantes cuenten con el&nbsp;<strong>apoyo necesario<\/strong>&nbsp;para aplicar lo aprendido en su vida profesional o proyecto de emprendimiento.<\/p>\n\n\n\n<p>Estas becas se suman a las&nbsp;<strong>500 ofrecidas a estudiantes de escuelas p\u00fablicas por el Indotel<\/strong>&nbsp;en la primera edici\u00f3n del premio al M\u00e9rito Estudiantil en disciplinas STEM, ayudando de esta manera a&nbsp;<strong>reducir la brecha de habilidades digitales<\/strong>&nbsp;en el pa\u00eds y proyectar el talento local al mundo.<\/p>\n\n\n\n<p><strong>La iniciativa \u201c30,000 Becas al Talento Digital\u201d<\/strong>&nbsp;es coordinada por el Instituto Dominicano de las Telecomunicaciones (Indotel), en alianza con&nbsp;<strong>Cymetria<\/strong>&nbsp;y el Banco Interamericano de Desarrollo&nbsp;<strong>(BID)<\/strong>. Para m\u00e1s informaci\u00f3n sobre la convocatoria y las inscripciones, los interesados pueden visitar: www.talentodigital.gob.do.<\/p>\n\n\n\n<p>Con informaci\u00f3n de la Presidencia de la Rep\u00fablica.<\/p>\n\n\n\n<p>#INDOTEL\u2003\u2003\u2003\u2003\u2003\u2003\u2002#Raquel Pe\u00f1a <\/p>\n","protected":false},"excerpt":{"rendered":"<p>La convocatoria nacional est\u00e1 abierta a personas con conocimientos digitales b\u00e1sicos y forma parte de la estrategia de transformaci\u00f3n digital que lidera el gobierno del presidente Luis Abinader. 19 de Agosto 2025 Diario Dominicano Santiago, RD.- El Instituto Dominicano de las Telecomunicaciones&nbsp;(Indotel)&nbsp;lanz\u00f3 el programa&nbsp;Talento Digital RD, una iniciativa que otorgar\u00e1&nbsp;30,000 becas&nbsp;para la formaci\u00f3n en&nbsp;habilidades digitales [&hellip;]<\/p>\n","protected":false},"author":2,"featured_media":632861,"comment_status":"closed","ping_status":"closed","sticky":false,"template":"","format":"standard","meta":{"footnotes":""},"categories":[36,20,27],"tags":[],"class_list":["post-632860","post","type-post","status-publish","format-standard","has-post-thumbnail","hentry","category-hombresmujeresycosas","category-dominicana-hoy","category-portada"],"_links":{"self":[{"href":"https:\/\/diariodominicano.com\/index.php?rest_route=\/wp\/v2\/posts\/632860","targetHints":{"allow":["GET"]}}],"collection":[{"href":"https:\/\/diariodominicano.com\/index.php?rest_route=\/wp\/v2\/posts"}],"about":[{"href":"https:\/\/diariodominicano.com\/index.php?rest_route=\/wp\/v2\/types\/post"}],"author":[{"embeddable":true,"href":"https:\/\/diariodominicano.com\/index.php?rest_route=\/wp\/v2\/users\/2"}],"replies":[{"embeddable":true,"href":"https:\/\/diariodominicano.com\/index.php?rest_route=%2Fwp%2Fv2%2Fcomments&post=632860"}],"version-history":[{"count":3,"href":"https:\/\/diariodominicano.com\/index.php?rest_route=\/wp\/v2\/posts\/632860\/revisions"}],"predecessor-version":[{"id":632892,"href":"https:\/\/diariodominicano.com\/index.php?rest_route=\/wp\/v2\/posts\/632860\/revisions\/632892"}],"wp:featuredmedia":[{"embeddable":true,"href":"https:\/\/diariodominicano.com\/index.php?rest_route=\/wp\/v2\/media\/632861"}],"wp:attachment":[{"href":"https:\/\/diariodominicano.com\/index.php?rest_route=%2Fwp%2Fv2%2Fmedia&parent=632860"}],"wp:term":[{"taxonomy":"category","embeddable":true,"href":"https:\/\/diariodominicano.com\/index.php?rest_route=%2Fwp%2Fv2%2Fcategories&post=632860"},{"taxonomy":"post_tag","embeddable":true,"href":"https:\/\/diariodominicano.com\/index.php?rest_route=%2Fwp%2Fv2%2Ftags&post=632860"}],"curies":[{"name":"wp","href":"https:\/\/api.w.org\/{rel}","templated":true}]}}