{"id":632843,"date":"2025-08-20T01:54:43","date_gmt":"2025-08-20T05:54:43","guid":{"rendered":"https:\/\/diariodominicano.com\/?p=632843"},"modified":"2025-08-20T01:54:47","modified_gmt":"2025-08-20T05:54:47","slug":"canciller-de-cuba-denuncia-exterminio-del-pueblo-palestino-en-gaza","status":"publish","type":"post","link":"https:\/\/diariodominicano.com\/?p=632843","title":{"rendered":"Canciller de Cuba denuncia exterminio del pueblo palestino en Gaza"},"content":{"rendered":"\n<p>La Habana, 19 ago (Prensa Latina) El canciller de Cuba, Bruno Rodr\u00edguez, denunci\u00f3 hoy el exterminio sistem\u00e1tico del pueblo palestino en la Franja de Gaza, tras revelar que, en 22 meses de ofensiva israel\u00ed, han muerto 61 mil 944 palestinos.<\/p>\n\n\n\n<ul class=\"wp-block-list\">\n<li><a href=\"https:\/\/www.prensa-latina.cu\/2025\/08\/19\/\"><time>agosto 19, 2025 | 10:20<\/time><\/a><\/li>\n<\/ul>\n\n\n\n<ul class=\"wp-block-list\">\n<li><a href=\"https:\/\/www.prensa-latina.cu\/2025\/08\/19\/canciller-de-cuba-denuncia-exterminio-del-pueblo-palestino-en-gaza\/#\"><\/a><\/li>\n\n\n\n<li><a href=\"https:\/\/www.prensa-latina.cu\/2025\/08\/19\/canciller-de-cuba-denuncia-exterminio-del-pueblo-palestino-en-gaza\/#\"><\/a><\/li>\n\n\n\n<li><a href=\"https:\/\/www.prensa-latina.cu\/2025\/08\/19\/canciller-de-cuba-denuncia-exterminio-del-pueblo-palestino-en-gaza\/#\"><\/a><\/li>\n\n\n\n<li><a href=\"https:\/\/www.prensa-latina.cu\/2025\/08\/19\/canciller-de-cuba-denuncia-exterminio-del-pueblo-palestino-en-gaza\/#\"><\/a><\/li>\n<\/ul>\n\n\n\n<p>En un mensaje publicado en la red social X, el ministro de Relaciones Exteriores detall\u00f3 que 258 personas fallecieron por desnutrici\u00f3n y hambre, de las cuales 110 eran menores de edad.<\/p>\n\n\n\n<p>Adem\u00e1s, se\u00f1al\u00f3 que mil 938 palestinos fueron asesinados mientras intentaban acceder a ayuda humanitaria.<\/p>\n\n\n\n<p>Rodr\u00edguez subray\u00f3 que estos datos \u201creflejan el exterminio al que el r\u00e9gimen sionista de Israel somete al pueblo palestino impunemente\u201d.<\/p>\n\n\n\n<p>Reportes del Ministerio de Salud de Gaza indican que durante casi tres a\u00f1os m\u00e1s de 151 mil palestinos resultaron heridos y 61 mil murieron a manos del Ej\u00e9rcito de Israel, entre ellos 18 mil ni\u00f1os.<\/p>\n\n\n\n<p>La Organizaci\u00f3n de Naciones Unidas document\u00f3 el asesinato de m\u00e1s de 500 miembros de los equipos de asistencia humanitaria.<\/p>\n\n\n\n<p>rc\/mks<\/p>\n\n\n\n<ul class=\"wp-block-list\">\n<li>#<a href=\"https:\/\/www.prensa-latina.cu\/etiqueta\/cuba\/\">cuba<\/a>\u00a0#<a href=\"https:\/\/www.prensa-latina.cu\/etiqueta\/genocidio\/\">genocidio<\/a>\u00a0#<a href=\"https:\/\/www.prensa-latina.cu\/etiqueta\/palestina\/\">PALESTINA<\/a><\/li>\n<\/ul>\n","protected":false},"excerpt":{"rendered":"<p>La Habana, 19 ago (Prensa Latina) El canciller de Cuba, Bruno Rodr\u00edguez, denunci\u00f3 hoy el exterminio sistem\u00e1tico del pueblo palestino en la Franja de Gaza, tras revelar que, en 22 meses de ofensiva israel\u00ed, han muerto 61 mil 944 palestinos. En un mensaje publicado en la red social X, el ministro de Relaciones Exteriores detall\u00f3 [&hellip;]<\/p>\n","protected":false},"author":2,"featured_media":632844,"comment_status":"closed","ping_status":"closed","sticky":false,"template":"","format":"standard","meta":{"footnotes":""},"categories":[23],"tags":[],"class_list":["post-632843","post","type-post","status-publish","format-standard","has-post-thumbnail","hentry","category-internacional"],"_links":{"self":[{"href":"https:\/\/diariodominicano.com\/index.php?rest_route=\/wp\/v2\/posts\/632843","targetHints":{"allow":["GET"]}}],"collection":[{"href":"https:\/\/diariodominicano.com\/index.php?rest_route=\/wp\/v2\/posts"}],"about":[{"href":"https:\/\/diariodominicano.com\/index.php?rest_route=\/wp\/v2\/types\/post"}],"author":[{"embeddable":true,"href":"https:\/\/diariodominicano.com\/index.php?rest_route=\/wp\/v2\/users\/2"}],"replies":[{"embeddable":true,"href":"https:\/\/diariodominicano.com\/index.php?rest_route=%2Fwp%2Fv2%2Fcomments&post=632843"}],"version-history":[{"count":1,"href":"https:\/\/diariodominicano.com\/index.php?rest_route=\/wp\/v2\/posts\/632843\/revisions"}],"predecessor-version":[{"id":632845,"href":"https:\/\/diariodominicano.com\/index.php?rest_route=\/wp\/v2\/posts\/632843\/revisions\/632845"}],"wp:featuredmedia":[{"embeddable":true,"href":"https:\/\/diariodominicano.com\/index.php?rest_route=\/wp\/v2\/media\/632844"}],"wp:attachment":[{"href":"https:\/\/diariodominicano.com\/index.php?rest_route=%2Fwp%2Fv2%2Fmedia&parent=632843"}],"wp:term":[{"taxonomy":"category","embeddable":true,"href":"https:\/\/diariodominicano.com\/index.php?rest_route=%2Fwp%2Fv2%2Fcategories&post=632843"},{"taxonomy":"post_tag","embeddable":true,"href":"https:\/\/diariodominicano.com\/index.php?rest_route=%2Fwp%2Fv2%2Ftags&post=632843"}],"curies":[{"name":"wp","href":"https:\/\/api.w.org\/{rel}","templated":true}]}}