{"id":632805,"date":"2025-08-20T00:09:23","date_gmt":"2025-08-20T04:09:23","guid":{"rendered":"https:\/\/diariodominicano.com\/?p=632805"},"modified":"2025-08-20T00:09:28","modified_gmt":"2025-08-20T04:09:28","slug":"movimiento-indigena-de-ecuador-rechaza-criminalizacion-de-sus-lideres","status":"publish","type":"post","link":"https:\/\/diariodominicano.com\/?p=632805","title":{"rendered":"Movimiento ind\u00edgena de Ecuador rechaza criminalizaci\u00f3n de sus l\u00edderes"},"content":{"rendered":"\n<p>Quito, 19 ago (Prensa Latina) La Confederaci\u00f3n de Nacionalidades Ind\u00edgenas del Ecuador (Conaie) rechaz\u00f3 hoy la criminalizaci\u00f3n de sus l\u00edderes tras el intento de asesinato al expresidente de esa organizaci\u00f3n Leonidas Iza.<\/p>\n\n\n\n<ul class=\"wp-block-list\">\n<li><a href=\"https:\/\/www.prensa-latina.cu\/2025\/08\/19\/\"><time>agosto 19, 2025 | 17:26<\/time><\/a><\/li>\n<\/ul>\n\n\n\n<ul class=\"wp-block-list\">\n<li><a href=\"https:\/\/www.prensa-latina.cu\/2025\/08\/19\/movimiento-indigena-de-ecuador-rechaza-criminalizacion-de-sus-lideres\/#\"><\/a><\/li>\n\n\n\n<li><a href=\"https:\/\/www.prensa-latina.cu\/2025\/08\/19\/movimiento-indigena-de-ecuador-rechaza-criminalizacion-de-sus-lideres\/#\"><\/a><\/li>\n\n\n\n<li><a href=\"https:\/\/www.prensa-latina.cu\/2025\/08\/19\/movimiento-indigena-de-ecuador-rechaza-criminalizacion-de-sus-lideres\/#\"><\/a><\/li>\n\n\n\n<li><a href=\"https:\/\/www.prensa-latina.cu\/2025\/08\/19\/movimiento-indigena-de-ecuador-rechaza-criminalizacion-de-sus-lideres\/#\"><\/a><\/li>\n<\/ul>\n\n\n\n<p>Frente a los recientes hechos ocurridos en la comunidad de San Ignacio, provincia de Cotopaxi, la Conaie expresa su profunda preocupaci\u00f3n y en\u00e9rgico rechazo ante los actos de persecuci\u00f3n y hostigamiento dirigidos contra el compa\u00f1ero Leonidas Iza, se\u00f1al\u00f3 el movimiento en un comunicado.<\/p>\n\n\n\n<p>La Conaie reiter\u00f3 que existe seguimiento, vigilancia y actos de intimidaci\u00f3n contra Iza, que fue candidato presidencial por Pachakutik en los comicios de este a\u00f1o.<\/p>\n\n\n\n<p>M\u00e1s temprano este lunes, el Movimiento Ind\u00edgena y Campesino de Cotopaxi (MICC) denunci\u00f3 el presunto intento de asesinato contra Iza y responsabilizaron al presidente Daniel Noboa de cualquier acci\u00f3n contra la vida del dirigente y de otros l\u00edderes.<\/p>\n\n\n\n<p>La Conaie, se\u00f1al\u00f3 que seg\u00fan informaci\u00f3n recabada en territorio, estos hechos estar\u00edan vinculados a la Direcci\u00f3n de Inteligencia del Estado, bajo responsabilidad pol\u00edtica del mandatario.<\/p>\n\n\n\n<p>\u201cDenunciamos que estas acciones buscan no solo intimidar a un l\u00edder, sino enviar un mensaje de amedrentamiento a toda la organizaci\u00f3n ind\u00edgena. Las diferencias pol\u00edticas o ideol\u00f3gicas no pueden justificar la violencia ni el hostigamiento\u201d, indic\u00f3 el grupo ind\u00edgena.<\/p>\n\n\n\n<p>Informaron que comenzaron procesos de investigaci\u00f3n y justicia comunitaria para esclarecer las responsabilidades de quienes participaron en estos actos de persecuci\u00f3n.<\/p>\n\n\n\n<p>Seg\u00fan cont\u00f3 el propio Iza, este lunes supuestos agentes policiales habr\u00edan seguido sus pasos desde un taxi, para espiar sus movimientos.<\/p>\n\n\n\n<p>\u201cDecid\u00ed salir a la calle y parar el veh\u00edculo. En ese momento la camioneta se viene a toda velocidad y el joven que conduc\u00eda par\u00f3, pero los polic\u00edas que le acompa\u00f1aban le gritaron que me pase por encima\u201d, relat\u00f3 el expresidente de la Conaie.<\/p>\n\n\n\n<p>En estos momentos, los agentes involucrados en el intento de ataque contin\u00faan retenidos en la comunidad ind\u00edgena.<\/p>\n\n\n\n<p>Hasta ahora no hay un pronunciamiento oficial sobre lo ocurrido.<\/p>\n\n\n\n<p>Pol\u00edticos y representantes de organizaciones sociales expresaron solidaridad a Iza, quien ha denunciado al menos tres intentos de asesianto en ocasiones anteriores.<\/p>\n\n\n\n<p>El colectivo YASunidos advirti\u00f3 sobre c\u00f3mo atentar contra la vida de un dirigente que ha sido clave en la democratizaci\u00f3n del pa\u00eds y en la defensa de los derechos colectivos, de la naturaleza y de los sectores m\u00e1s empobrecidos refleja el clima de miedo, violencia y persecuci\u00f3n en Ecuador.<\/p>\n\n\n\n<p>\u201cQueda claro que lo que busca Noboa y su gobierno, es destruir a cualquier persona que se atreva a hacerle oposici\u00f3n\u201d, escribi\u00f3 la presidenta del movimiento Revoluci\u00f3n Ciudadana, Luisa Gonz\u00e1lez en su cuenta de X, donde se solidariz\u00f3 con el l\u00edder ind\u00edgena.<\/p>\n\n\n\n<p>rgh\/avr<\/p>\n\n\n\n<ul class=\"wp-block-list\">\n<li>#<a href=\"https:\/\/www.prensa-latina.cu\/etiqueta\/conaie\/\">Conaie<\/a>\u00a0#<a href=\"https:\/\/www.prensa-latina.cu\/etiqueta\/ecuador\/\">Ecuador<\/a><\/li>\n<\/ul>\n","protected":false},"excerpt":{"rendered":"<p>Quito, 19 ago (Prensa Latina) La Confederaci\u00f3n de Nacionalidades Ind\u00edgenas del Ecuador (Conaie) rechaz\u00f3 hoy la criminalizaci\u00f3n de sus l\u00edderes tras el intento de asesinato al expresidente de esa organizaci\u00f3n Leonidas Iza. Frente a los recientes hechos ocurridos en la comunidad de San Ignacio, provincia de Cotopaxi, la Conaie expresa su profunda preocupaci\u00f3n y en\u00e9rgico [&hellip;]<\/p>\n","protected":false},"author":2,"featured_media":632806,"comment_status":"closed","ping_status":"closed","sticky":false,"template":"","format":"standard","meta":{"footnotes":""},"categories":[23],"tags":[],"class_list":["post-632805","post","type-post","status-publish","format-standard","has-post-thumbnail","hentry","category-internacional"],"_links":{"self":[{"href":"https:\/\/diariodominicano.com\/index.php?rest_route=\/wp\/v2\/posts\/632805","targetHints":{"allow":["GET"]}}],"collection":[{"href":"https:\/\/diariodominicano.com\/index.php?rest_route=\/wp\/v2\/posts"}],"about":[{"href":"https:\/\/diariodominicano.com\/index.php?rest_route=\/wp\/v2\/types\/post"}],"author":[{"embeddable":true,"href":"https:\/\/diariodominicano.com\/index.php?rest_route=\/wp\/v2\/users\/2"}],"replies":[{"embeddable":true,"href":"https:\/\/diariodominicano.com\/index.php?rest_route=%2Fwp%2Fv2%2Fcomments&post=632805"}],"version-history":[{"count":1,"href":"https:\/\/diariodominicano.com\/index.php?rest_route=\/wp\/v2\/posts\/632805\/revisions"}],"predecessor-version":[{"id":632807,"href":"https:\/\/diariodominicano.com\/index.php?rest_route=\/wp\/v2\/posts\/632805\/revisions\/632807"}],"wp:featuredmedia":[{"embeddable":true,"href":"https:\/\/diariodominicano.com\/index.php?rest_route=\/wp\/v2\/media\/632806"}],"wp:attachment":[{"href":"https:\/\/diariodominicano.com\/index.php?rest_route=%2Fwp%2Fv2%2Fmedia&parent=632805"}],"wp:term":[{"taxonomy":"category","embeddable":true,"href":"https:\/\/diariodominicano.com\/index.php?rest_route=%2Fwp%2Fv2%2Fcategories&post=632805"},{"taxonomy":"post_tag","embeddable":true,"href":"https:\/\/diariodominicano.com\/index.php?rest_route=%2Fwp%2Fv2%2Ftags&post=632805"}],"curies":[{"name":"wp","href":"https:\/\/api.w.org\/{rel}","templated":true}]}}