{"id":632776,"date":"2025-08-19T18:37:13","date_gmt":"2025-08-19T22:37:13","guid":{"rendered":"https:\/\/diariodominicano.com\/?p=632776"},"modified":"2025-08-19T18:41:56","modified_gmt":"2025-08-19T22:41:56","slug":"pleno-del-senado-remite-a-comision-especial-proyecto-de-ley-organica-que-modifica-el-codigo-de-trabajo","status":"publish","type":"post","link":"https:\/\/diariodominicano.com\/?p=632776","title":{"rendered":"Pleno del Senado remite a Comisi\u00f3n Especial proyecto de ley org\u00e1nica que modifica el C\u00f3digo de Trabajo"},"content":{"rendered":"\n<p>Santo Domingo. &#8211; El Senado de la Rep\u00fablica reenvi\u00f3 a Comisi\u00f3n Especial el proyecto de ley org\u00e1nica que modifica la Ley 16-92, que aprueba el C\u00f3digo de Trabajo, para su estudio y an\u00e1lisis.<\/p>\n\n\n\n<p>En la primera sesi\u00f3n ordinaria de la segunda legislatura, la C\u00e1mara Alta acord\u00f3 remitir la pieza a la misma comisi\u00f3n que ten\u00eda a su cargo el estudio y ponderaci\u00f3n. La misma estar\u00e1 presidida por el senador por la provincia La Altagracia, Rafael Duluc, y la conforman, adem\u00e1s, los senadores Pedro Catra\u00edn, Antonio Taveras Guzm\u00e1n, Santiago Zorrilla, Mar\u00eda Mercedes Ortiz, Omar Fern\u00e1ndez, Crist\u00f3bal Venerado, Eduard Alexis Espiritusanto, y Antonio Marte.<\/p>\n\n\n\n<figure class=\"wp-block-image\"><img decoding=\"async\" src=\"https:\/\/diariodominicano.com\/wp-content\/uploads\/2025\/08\/Pleno-del-Senado-remite-Comision-Especial-proyecto-de-ley-organica-que-modifica-el-Codigo-de-Trabajo-1024x681.jpeg\" alt=\"\"\/><\/figure>\n\n\n\n<p>El Pleno de senadores aprob\u00f3 en \u00fanica lectura la resoluci\u00f3n que solicita el traslado del Pleno a la provincia San Pedro de Macor\u00eds, el pr\u00f3ximo martes 10 de septiembre del a\u00f1o en curso, en conmemoraci\u00f3n del 143 aniversario de su elevaci\u00f3n a provincia, a solicitud de la senadora Aracelis Villanueva.<\/p>\n\n\n\n<figure class=\"wp-block-image\"><img decoding=\"async\" src=\"https:\/\/diariodominicano.com\/wp-content\/uploads\/2025\/08\/Pleno-del-Senado-remite-a-Comision-Especial-proyecto-de-ley-organica-que-modifica-el-Codigo-Trabajo-1024x681.jpeg\" alt=\"\"\/><\/figure>\n\n\n\n<p>En primera lectura, fue introducido y aprobado el proyecto de ley que dispone la instalaci\u00f3n de fuentes de energ\u00eda renovable en edificios p\u00fablicos y privados, propuesta de los senadores Alexis Victoria Yeb y Santiago Jos\u00e9 Zorrilla.<\/p>\n\n\n\n<p>La pieza busca fomentar el empleo de fuentes alternas de energ\u00eda, promover el ahorro y la eficacia energ\u00e9tica y establecer los criterios para el uso de energ\u00eda renovable en edificios p\u00fablicos y privados de nueva construcci\u00f3n o remodelados.<\/p>\n\n\n\n<p>Los legisladores sancionaron positivamente los proyectos de ley que declara las provincias La Romana y Hato Mayor como provincias Ecotur\u00edsticas.<\/p>\n\n\n\n<p>Tambi\u00e9n, se conoci\u00f3 en primera lectura el proyecto de ley que eleva el distrito municipal tur\u00edstico Ver\u00f3n-Punta Cana, perteneciente al municipio de Hig\u00fcey, provincia La Altagracia a la categor\u00eda de municipio, autor\u00eda del senador Rafael Bar\u00f3n Duluc.<\/p>\n\n\n\n<p>Fue aprobado el proyecto de ley que regula el Turismo N\u00e1utico de Recreo, propuesta de los senadores Alexis Victoria Yeb y Ginnette Bournigal de Jim\u00e9nez<\/p>\n\n\n\n<p>La pieza aprobada en primera lectura, tiene el objetivo de promover el turismo n\u00e1utico a trav\u00e9s de la reglamentaci\u00f3n de la navegaci\u00f3n en embarcaciones y artefactos n\u00e1uticos, que, con fin recreativo, particular, comercial y deportivo se realiza en aguas de jurisdicci\u00f3n nacional. Incluye tambi\u00e9n los aspectos relativos a la matriculaci\u00f3n, construcci\u00f3n y reparaci\u00f3n de las embarcaciones, as\u00ed como el fomento e incentivos conexos a esta actividad.<\/p>\n\n\n\n<p>RESOLUCIONES<\/p>\n\n\n\n<p>El Pleno del Senado aprob\u00f3 varias iniciativas en \u00fanica lectura,&nbsp; como son, la resoluci\u00f3n que otorga un pergamino de reconocimiento al doctor Jos\u00e9 Garc\u00eda Ram\u00edrez por su destacada ejemplar y extraordinaria trayectoria profesional, acad\u00e9mica y en el servicio p\u00fablico, as\u00ed como por sus invaluables aportes al fortalecimiento y desarrollo del sistema de salud de la Rep\u00fablica Dominicana, presentada por la doctora L\u00eda Ynocencia D\u00edaz de D\u00edaz; adem\u00e1s, otra la resoluci\u00f3n de condolencias al pueblo colombiano por el fallecimiento del senador y candidato presidencial Miguel Uribe Turbay, a solicitud de la senadora&nbsp; Mar\u00eda Mercedes Ortiz.<\/p>\n\n\n\n<p>Tambi\u00e9n fue aprobada la resoluci\u00f3n que reconoce al doctor Ylario Marcos Reyes P\u00e9rez por su destacada y ejemplar trayectoria profesional en el campo de la medicina, especialmente en las \u00e1reas de ginecolog\u00eda y obstetricia, y por su invaluable contribuci\u00f3n a la formaci\u00f3n de nuevas generaciones de m\u00e9dicos. La pieza es de la autor\u00eda de los senadores L\u00eda Ynocencia D\u00edaz de D\u00edaz, Daniel Enrique Rivera Reyes, Odalis Rafael Rodr\u00edguez, Dagoberto Rodr\u00edguez Adames y Mois\u00e9s Ayala P\u00e9rez.<\/p>\n\n\n\n<p>El presidente del Senado, Ricardo de los Santos, solicit\u00f3 guardar un minuto de silencio para honrar la memoria de Julio Tejeda, l\u00edder empresarial de Cotu\u00ed; as\u00ed como del reconocido m\u00e9dico pediatra, Fel\u00edn F\u00e9lix P\u00e9rez, y por el fallecimiento del dirigente sindical Pablo Castillo.<\/p>\n\n\n\n<p>El pleno fue convocado a sesionar el pr\u00f3ximo mi\u00e9rcoles 27 de los corrientes a las 2:00 pm.<\/p>\n\n\n\n<p>Senado<\/p>\n","protected":false},"excerpt":{"rendered":"<p>Santo Domingo. &#8211; El Senado de la Rep\u00fablica reenvi\u00f3 a Comisi\u00f3n Especial el proyecto de ley org\u00e1nica que modifica la Ley 16-92, que aprueba el C\u00f3digo de Trabajo, para su estudio y an\u00e1lisis. En la primera sesi\u00f3n ordinaria de la segunda legislatura, la C\u00e1mara Alta acord\u00f3 remitir la pieza a la misma comisi\u00f3n que ten\u00eda [&hellip;]<\/p>\n","protected":false},"author":7,"featured_media":632781,"comment_status":"closed","ping_status":"closed","sticky":false,"template":"","format":"standard","meta":{"footnotes":""},"categories":[24],"tags":[2359],"class_list":["post-632776","post","type-post","status-publish","format-standard","has-post-thumbnail","hentry","category-justicia-y-derecho","tag-senado"],"_links":{"self":[{"href":"https:\/\/diariodominicano.com\/index.php?rest_route=\/wp\/v2\/posts\/632776","targetHints":{"allow":["GET"]}}],"collection":[{"href":"https:\/\/diariodominicano.com\/index.php?rest_route=\/wp\/v2\/posts"}],"about":[{"href":"https:\/\/diariodominicano.com\/index.php?rest_route=\/wp\/v2\/types\/post"}],"author":[{"embeddable":true,"href":"https:\/\/diariodominicano.com\/index.php?rest_route=\/wp\/v2\/users\/7"}],"replies":[{"embeddable":true,"href":"https:\/\/diariodominicano.com\/index.php?rest_route=%2Fwp%2Fv2%2Fcomments&post=632776"}],"version-history":[{"count":2,"href":"https:\/\/diariodominicano.com\/index.php?rest_route=\/wp\/v2\/posts\/632776\/revisions"}],"predecessor-version":[{"id":632785,"href":"https:\/\/diariodominicano.com\/index.php?rest_route=\/wp\/v2\/posts\/632776\/revisions\/632785"}],"wp:featuredmedia":[{"embeddable":true,"href":"https:\/\/diariodominicano.com\/index.php?rest_route=\/wp\/v2\/media\/632781"}],"wp:attachment":[{"href":"https:\/\/diariodominicano.com\/index.php?rest_route=%2Fwp%2Fv2%2Fmedia&parent=632776"}],"wp:term":[{"taxonomy":"category","embeddable":true,"href":"https:\/\/diariodominicano.com\/index.php?rest_route=%2Fwp%2Fv2%2Fcategories&post=632776"},{"taxonomy":"post_tag","embeddable":true,"href":"https:\/\/diariodominicano.com\/index.php?rest_route=%2Fwp%2Fv2%2Ftags&post=632776"}],"curies":[{"name":"wp","href":"https:\/\/api.w.org\/{rel}","templated":true}]}}